{"id":30872,"date":"2021-08-27T10:09:14","date_gmt":"2021-08-27T08:09:14","guid":{"rendered":"https:\/\/blogs.diariosur.es\/tormentas-y-rayos\/?p=30872"},"modified":"2021-08-29T11:38:25","modified_gmt":"2021-08-29T09:38:25","slug":"el-tiempo-en-malaga-seguira-el-terral-el-domingo-29-seguimiento-tormenta-tropical-ida","status":"publish","type":"post","link":"https:\/\/blogs.diariosur.es\/tormentas-y-rayos\/2021\/08\/27\/el-tiempo-en-malaga-seguira-el-terral-el-domingo-29-seguimiento-tormenta-tropical-ida\/","title":{"rendered":"El tiempo en M\u00e1laga. \u00bfSeguir\u00e1 el terral el domingo 29 ? Seguimiento Tormenta Tropical Ida."},"content":{"rendered":"<p><a href=\"https:\/\/static-blogs.diariosur.es\/wp-content\/uploads\/sites\/12\/2021\/07\/14918998_10209205702198583_610172030922997961_o-e1627275993592.jpg\"><img loading=\"lazy\" class=\"aligncenter size-thumbnail wp-image-30441\" src=\"https:\/\/static-blogs.diariosur.es\/wp-content\/uploads\/sites\/12\/2021\/07\/14918998_10209205702198583_610172030922997961_o-150x150.jpg\" alt=\"\" width=\"150\" height=\"150\" \/><\/a><\/p>\n<p>Muy buenos d\u00edas, amigos de la meteo. Antes de daros la predicci\u00f3n del domingo, os comunico que a partir de ma\u00f1ana, har\u00e9 un seguimiento especial de la Tormenta Tropical Ida. Esta tormenta que ya hace la numero nueve de la temporada 2021 de huracanes, se ha formado hace unas horas.<\/p>\n<p>El centro de Ida pasara sobre las Islas Caim\u00e1n\u00a0durante las pr\u00f3ximas\u00a0horas, m\u00e1s tarde por Isla de la Juventud y al final del d\u00eda por el\u00a0oeste de Cuba. Una vez entre en el Golfo de M\u00e9xico, tiene\u00a0muchas probabilidades de convertirse en Hurac\u00e1n categor\u00eda\u00a0uno. El hacer un seguimiento a Ida, es porque\u00a0hay modelos que pronostican un fortalecimiento al llegar al Norte de las costas de EEUU como categor\u00eda tres o cuatro. Este fortalecimiento se deber\u00e1\u00a0al pasar por zonas del Golfo de M\u00e9xico con aguas muy calientes.<\/p>\n<p>Fuente NOOA.<\/p>\n<p>&nbsp;<\/p>\n<p><a href=\"https:\/\/static-blogs.diariosur.es\/wp-content\/uploads\/sites\/12\/2021\/08\/035856.png\"><img loading=\"lazy\" class=\"aligncenter size-full wp-image-30873\" src=\"https:\/\/static-blogs.diariosur.es\/wp-content\/uploads\/sites\/12\/2021\/08\/035856.png\" alt=\"\" width=\"897\" height=\"738\" srcset=\"https:\/\/static-blogs.diariosur.es\/wp-content\/uploads\/sites\/12\/2021\/08\/035856.png 897w, https:\/\/static-blogs.diariosur.es\/wp-content\/uploads\/sites\/12\/2021\/08\/035856-486x400.png 486w, https:\/\/static-blogs.diariosur.es\/wp-content\/uploads\/sites\/12\/2021\/08\/035856-768x632.png 768w\" sizes=\"(max-width: 897px) 100vw, 897px\" \/><\/a> <a href=\"https:\/\/static-blogs.diariosur.es\/wp-content\/uploads\/sites\/12\/2021\/08\/035856_5day_cone_no_line_and_wind.png\"><img loading=\"lazy\" class=\"aligncenter size-full wp-image-30874\" src=\"https:\/\/static-blogs.diariosur.es\/wp-content\/uploads\/sites\/12\/2021\/08\/035856_5day_cone_no_line_and_wind.png\" alt=\"\" width=\"897\" height=\"736\" srcset=\"https:\/\/static-blogs.diariosur.es\/wp-content\/uploads\/sites\/12\/2021\/08\/035856_5day_cone_no_line_and_wind.png 897w, https:\/\/static-blogs.diariosur.es\/wp-content\/uploads\/sites\/12\/2021\/08\/035856_5day_cone_no_line_and_wind-488x400.png 488w, https:\/\/static-blogs.diariosur.es\/wp-content\/uploads\/sites\/12\/2021\/08\/035856_5day_cone_no_line_and_wind-768x630.png 768w\" sizes=\"(max-width: 897px) 100vw, 897px\" \/><\/a><\/p>\n<h3><span style=\"color: #ff0000;\"><strong>\u00bf Seguir\u00e1 el terral el domingo 29 ?<\/strong><\/span><\/h3>\n<p><strong>Hoy viernes<\/strong> ya se puede dar terral por la tarde en zonas de \u00c1lora y Pizarra. A la capital puede llegar durante la madrugada del s\u00e1bado.<\/p>\n<p><strong>Ma\u00f1ana s\u00e1bado<\/strong> se activa el aviso amarillo por altas temperaturas en las zonas habituales de la provincia de M\u00e1laga donde entra el terral. En algunos puntos pueden llegar a los 36 y 38 grados, como es el caso del Valle del Guadalhorce, Axarqu\u00eda, Estepona. En la capital las m\u00e1ximas rondar\u00e1n entre los 36 y 38 grados, seg\u00fan zonas.<\/p>\n<p>En las Comarcas de Ronda y Antequera bajar\u00e1n las m\u00e1ximas, pero sobre todo las m\u00ednimas.<\/p>\n<p>Destacar tambi\u00e9n que se esperan rachas fuertes de poniente a partir de la una de la tarde en la costa malague\u00f1a, sobre todo en la costa oriental.<\/p>\n<p><strong>En cuanto al domingo<\/strong>, la gran mayor\u00eda de los modelos, quitan el terral a partir de las doce de la ma\u00f1ana en M\u00e1laga capital, seguir\u00eda algunas horas m\u00e1s por zonas del Valle del Guadalhorce, pero en esta zona del Valle no creo que se sobrepasen los 34 o 35 grados. Tendremos rachas fuertes de suroeste y poniente.<\/p>\n<p>Nos vemos ma\u00f1ana con Ida.<\/p>\n","protected":false},"excerpt":{"rendered":"<p>Muy buenos d\u00edas, amigos de la meteo. Antes de daros la predicci\u00f3n del domingo, os comunico que a partir de ma\u00f1ana, har\u00e9 un seguimiento especial de la Tormenta Tropical Ida. Esta tormenta que ya hace la numero nueve de la temporada 2021 de huracanes, se ha formado hace unas horas. El centro de Ida pasara [&hellip;]<\/p>\n","protected":false},"author":16,"featured_media":30876,"comment_status":"open","ping_status":"open","sticky":false,"template":"","format":"standard","meta":[],"categories":[1],"tags":[81,94,151,1525,358,1620,587,800,945,962,975,992,1026],"_links":{"self":[{"href":"https:\/\/blogs.diariosur.es\/tormentas-y-rayos\/wp-json\/wp\/v2\/posts\/30872"}],"collection":[{"href":"https:\/\/blogs.diariosur.es\/tormentas-y-rayos\/wp-json\/wp\/v2\/posts"}],"about":[{"href":"https:\/\/blogs.diariosur.es\/tormentas-y-rayos\/wp-json\/wp\/v2\/types\/post"}],"author":[{"embeddable":true,"href":"https:\/\/blogs.diariosur.es\/tormentas-y-rayos\/wp-json\/wp\/v2\/users\/16"}],"replies":[{"embeddable":true,"href":"https:\/\/blogs.diariosur.es\/tormentas-y-rayos\/wp-json\/wp\/v2\/comments?post=30872"}],"version-history":[{"count":5,"href":"https:\/\/blogs.diariosur.es\/tormentas-y-rayos\/wp-json\/wp\/v2\/posts\/30872\/revisions"}],"predecessor-version":[{"id":30907,"href":"https:\/\/blogs.diariosur.es\/tormentas-y-rayos\/wp-json\/wp\/v2\/posts\/30872\/revisions\/30907"}],"wp:featuredmedia":[{"embeddable":true,"href":"https:\/\/blogs.diariosur.es\/tormentas-y-rayos\/wp-json\/wp\/v2\/media\/30876"}],"wp:attachment":[{"href":"https:\/\/blogs.diariosur.es\/tormentas-y-rayos\/wp-json\/wp\/v2\/media?parent=30872"}],"wp:term":[{"taxonomy":"category","embeddable":true,"href":"https:\/\/blogs.diariosur.es\/tormentas-y-rayos\/wp-json\/wp\/v2\/categories?post=30872"},{"taxonomy":"post_tag","embeddable":true,"href":"https:\/\/blogs.diariosur.es\/tormentas-y-rayos\/wp-json\/wp\/v2\/tags?post=30872"}],"curies":[{"name":"wp","href":"https:\/\/api.w.org\/{rel}","templated":true}]}}