{"id":30880,"date":"2021-08-28T08:45:43","date_gmt":"2021-08-28T06:45:43","guid":{"rendered":"https:\/\/blogs.diariosur.es\/tormentas-y-rayos\/?p=30880"},"modified":"2021-08-28T08:48:03","modified_gmt":"2021-08-28T06:48:03","slug":"ida-se-convertira-en-huracan-mayor-se-dirige-al-estado-de-luisiana-con-probabilidad-que-llegue-a-nueva-orleans","status":"publish","type":"post","link":"https:\/\/blogs.diariosur.es\/tormentas-y-rayos\/2021\/08\/28\/ida-se-convertira-en-huracan-mayor-se-dirige-al-estado-de-luisiana-con-probabilidad-que-llegue-a-nueva-orleans\/","title":{"rendered":"Ida se convertir\u00e1 en hurac\u00e1n mayor. Se dirige al Estado de Luisiana, con probabilidad que llegue a Nueva Orleans."},"content":{"rendered":"<p><a href=\"https:\/\/static-blogs.diariosur.es\/wp-content\/uploads\/sites\/12\/2021\/07\/14918998_10209205702198583_610172030922997961_o-e1627275993592.jpg\"><img loading=\"lazy\" class=\"aligncenter size-thumbnail wp-image-30441\" src=\"https:\/\/static-blogs.diariosur.es\/wp-content\/uploads\/sites\/12\/2021\/07\/14918998_10209205702198583_610172030922997961_o-150x150.jpg\" alt=\"\" width=\"150\" height=\"150\" \/><\/a><\/p>\n<p>Muy buenos d\u00edas, amigos de la meteo. Esta pasada madrugada he dormido mejor, sobre todo a partir de las tres que empez\u00f3 a soplar viento y bajo la humedad.<\/p>\n<p>En unas horas tiro para el Embalse de la Vi\u00f1uela, primero para hacerle fotos y segundo para cerciorarme por donde entra el terral en esas zonas de la Axarqu\u00eda y donde afecta. Estoy escribiendo un libro del terral de la provincia de M\u00e1laga, que dentro de unos meses dar\u00e1 a luz. Mi cu\u00f1ado Fefo me esta ayudando a redactarlo.<\/p>\n<p>Ayer os hable de la Tormenta Tropical Ida y que har\u00edamos un seguimiento especial, pues al llegar a Cuba se convirti\u00f3 en huracan de categor\u00eda uno, dejando fuertes precipitaciones y rachas de m\u00e1s viento de m\u00e1s de 100 km\/h . De momento no hay victimas, en unos d\u00edas veremos los que da\u00f1os ha dejado.<\/p>\n<p>Ida ya esta en aguas muy c\u00e1lidas del Golfo de M\u00e9xico y es muy posible que durante el d\u00eda de hoy siga intensific\u00e1ndose, para llegar al final del d\u00eda a categor\u00eda tres.<\/p>\n<p>Os paso una imagen reciente. Fuente NOOA<\/p>\n<p>&nbsp;<\/p>\n<p>&nbsp;<\/p>\n<p>&nbsp;<\/p>\n<p><a href=\"https:\/\/static-blogs.diariosur.es\/wp-content\/uploads\/sites\/12\/2021\/08\/1250x750-e1630131261760.jpg\"><img loading=\"lazy\" class=\"aligncenter size-full wp-image-30882\" src=\"https:\/\/static-blogs.diariosur.es\/wp-content\/uploads\/sites\/12\/2021\/08\/1250x750-e1630131261760.jpg\" alt=\"\" width=\"1200\" height=\"720\" \/><\/a><\/p>\n<p>&nbsp;<\/p>\n<p>La gran mayor\u00eda de los modelos lo dirigen al Estado de Luisiana, con probabilidad que toque tierra en Nueva Orleans, como hurac\u00e1n mayor. Esto quiere decir intensas lluvias de m\u00e1s de 400 litros y rachas de viento pr\u00f3ximas a los 200 km\/h al llegar a tierra.<\/p>\n<p>Curiosamente estos d\u00edas se cumple el aniversario del devastador Hurac\u00e1n Katrina que dejo muchos muertos en esa zona en el a\u00f1o 2005.<\/p>\n<p>Si hay novedades a \u00faltima hora de hoy, volver\u00e9 a actualizar el blog.<\/p>\n<p>Os paso el mapa actualizado de probabilidad donde puede tocar tierra.<\/p>\n<p>&nbsp;<\/p>\n<p><a href=\"https:\/\/static-blogs.diariosur.es\/wp-content\/uploads\/sites\/12\/2021\/08\/040048_5day_cone_no_line_and_wind.png\"><img loading=\"lazy\" class=\"aligncenter size-full wp-image-30883\" src=\"https:\/\/static-blogs.diariosur.es\/wp-content\/uploads\/sites\/12\/2021\/08\/040048_5day_cone_no_line_and_wind.png\" alt=\"\" width=\"897\" height=\"736\" srcset=\"https:\/\/static-blogs.diariosur.es\/wp-content\/uploads\/sites\/12\/2021\/08\/040048_5day_cone_no_line_and_wind.png 897w, https:\/\/static-blogs.diariosur.es\/wp-content\/uploads\/sites\/12\/2021\/08\/040048_5day_cone_no_line_and_wind-488x400.png 488w, https:\/\/static-blogs.diariosur.es\/wp-content\/uploads\/sites\/12\/2021\/08\/040048_5day_cone_no_line_and_wind-768x630.png 768w\" sizes=\"(max-width: 897px) 100vw, 897px\" \/><\/a><\/p>\n<p>&nbsp;<\/p>\n<p>&nbsp;<\/p>\n","protected":false},"excerpt":{"rendered":"<p>Muy buenos d\u00edas, amigos de la meteo. Esta pasada madrugada he dormido mejor, sobre todo a partir de las tres que empez\u00f3 a soplar viento y bajo la humedad. En unas horas tiro para el Embalse de la Vi\u00f1uela, primero para hacerle fotos y segundo para cerciorarme por donde entra el terral en esas zonas [&hellip;]<\/p>\n","protected":false},"author":16,"featured_media":30881,"comment_status":"open","ping_status":"open","sticky":false,"template":"","format":"standard","meta":[],"categories":[1],"tags":[383,453,496,1620,1505,629,649,723],"_links":{"self":[{"href":"https:\/\/blogs.diariosur.es\/tormentas-y-rayos\/wp-json\/wp\/v2\/posts\/30880"}],"collection":[{"href":"https:\/\/blogs.diariosur.es\/tormentas-y-rayos\/wp-json\/wp\/v2\/posts"}],"about":[{"href":"https:\/\/blogs.diariosur.es\/tormentas-y-rayos\/wp-json\/wp\/v2\/types\/post"}],"author":[{"embeddable":true,"href":"https:\/\/blogs.diariosur.es\/tormentas-y-rayos\/wp-json\/wp\/v2\/users\/16"}],"replies":[{"embeddable":true,"href":"https:\/\/blogs.diariosur.es\/tormentas-y-rayos\/wp-json\/wp\/v2\/comments?post=30880"}],"version-history":[{"count":3,"href":"https:\/\/blogs.diariosur.es\/tormentas-y-rayos\/wp-json\/wp\/v2\/posts\/30880\/revisions"}],"predecessor-version":[{"id":30886,"href":"https:\/\/blogs.diariosur.es\/tormentas-y-rayos\/wp-json\/wp\/v2\/posts\/30880\/revisions\/30886"}],"wp:featuredmedia":[{"embeddable":true,"href":"https:\/\/blogs.diariosur.es\/tormentas-y-rayos\/wp-json\/wp\/v2\/media\/30881"}],"wp:attachment":[{"href":"https:\/\/blogs.diariosur.es\/tormentas-y-rayos\/wp-json\/wp\/v2\/media?parent=30880"}],"wp:term":[{"taxonomy":"category","embeddable":true,"href":"https:\/\/blogs.diariosur.es\/tormentas-y-rayos\/wp-json\/wp\/v2\/categories?post=30880"},{"taxonomy":"post_tag","embeddable":true,"href":"https:\/\/blogs.diariosur.es\/tormentas-y-rayos\/wp-json\/wp\/v2\/tags?post=30880"}],"curies":[{"name":"wp","href":"https:\/\/api.w.org\/{rel}","templated":true}]}}