{"id":30889,"date":"2021-08-28T20:25:24","date_gmt":"2021-08-28T18:25:24","guid":{"rendered":"https:\/\/blogs.diariosur.es\/tormentas-y-rayos\/?p=30889"},"modified":"2021-08-28T20:28:50","modified_gmt":"2021-08-28T18:28:50","slug":"rincon-de-la-victoria-y-velez-malaga-registran-las-maximas-de-espana","status":"publish","type":"post","link":"https:\/\/blogs.diariosur.es\/tormentas-y-rayos\/2021\/08\/28\/rincon-de-la-victoria-y-velez-malaga-registran-las-maximas-de-espana\/","title":{"rendered":"Rinc\u00f3n de la Victoria y V\u00e9lez M\u00e1laga registran las m\u00e1ximas de Espa\u00f1a."},"content":{"rendered":"<blockquote><p><a href=\"https:\/\/static-blogs.diariosur.es\/wp-content\/uploads\/sites\/12\/2021\/07\/14918998_10209205702198583_610172030922997961_o-e1627275993592.jpg\"><img loading=\"lazy\" class=\"aligncenter size-thumbnail wp-image-30441\" src=\"https:\/\/static-blogs.diariosur.es\/wp-content\/uploads\/sites\/12\/2021\/07\/14918998_10209205702198583_610172030922997961_o-150x150.jpg\" alt=\"\" width=\"150\" height=\"150\" \/><\/a><\/p><\/blockquote>\n<p>Buenas tardes, amigos de la meteo. El Rinc\u00f3n de la Victoria ha registrado la m\u00e1xima de Espa\u00f1a con 40.1 grados, seguida de V\u00e9lez M\u00e1laga con 40. Ya sab\u00e9is que tengo hecho un estudio sobre el terral del Rinc\u00f3n y pr\u00f3ximamente saldr\u00e1 en mi libro hablando de esto. Las estaciones de la aemet en M\u00e1laga no han llegado a 38 grados, se han quedado entre 35.7 y 37.8. estuve en el Embalse de la Vi\u00f1uela, (por cierto una pena verlo) y a las once de la ma\u00f1ana ya hacia casi 35 grados, de vuelta al pasar por\u00a0 Rinc\u00f3n, sobre la una, el terral era protagonista.<\/p>\n<p>Al final ha hecho m\u00e1s calor en la Axarqu\u00eda que en el Valle del Guadalhorce. La direcci\u00f3n del viento y\u00a0 sobre todo la velocidad tienen mucho que ver para el terral.<\/p>\n<p>Os paso las m\u00e1ximas de Andaluc\u00eda y Espa\u00f1a.<\/p>\n<p>&nbsp;<\/p>\n<p><a href=\"https:\/\/static-blogs.diariosur.es\/wp-content\/uploads\/sites\/12\/2021\/08\/Screenshot_20210828-201622_Chrome-e1630174667514.jpg\"><img loading=\"lazy\" class=\"aligncenter size-full wp-image-30890\" src=\"https:\/\/static-blogs.diariosur.es\/wp-content\/uploads\/sites\/12\/2021\/08\/Screenshot_20210828-201622_Chrome-e1630174667514.jpg\" alt=\"\" width=\"584\" height=\"1200\" \/><\/a><\/p>\n<p>&nbsp;<\/p>\n<p><a href=\"https:\/\/static-blogs.diariosur.es\/wp-content\/uploads\/sites\/12\/2021\/08\/Screenshot_20210828-201855_Chrome-e1630174812492.jpg\"><img loading=\"lazy\" class=\"aligncenter size-full wp-image-30891\" src=\"https:\/\/static-blogs.diariosur.es\/wp-content\/uploads\/sites\/12\/2021\/08\/Screenshot_20210828-201855_Chrome-e1630174812492.jpg\" alt=\"\" width=\"584\" height=\"1200\" \/><\/a><\/p>\n","protected":false},"excerpt":{"rendered":"<p>Buenas tardes, amigos de la meteo. El Rinc\u00f3n de la Victoria ha registrado la m\u00e1xima de Espa\u00f1a con 40.1 grados, seguida de V\u00e9lez M\u00e1laga con 40. Ya sab\u00e9is que tengo hecho un estudio sobre el terral del Rinc\u00f3n y pr\u00f3ximamente saldr\u00e1 en mi libro hablando de esto. Las estaciones de la aemet en M\u00e1laga no [&hellip;]<\/p>\n","protected":false},"author":16,"featured_media":29958,"comment_status":"open","ping_status":"open","sticky":false,"template":"","format":"standard","meta":[],"categories":[1],"tags":[358,587,624,864,961,975,1049],"_links":{"self":[{"href":"https:\/\/blogs.diariosur.es\/tormentas-y-rayos\/wp-json\/wp\/v2\/posts\/30889"}],"collection":[{"href":"https:\/\/blogs.diariosur.es\/tormentas-y-rayos\/wp-json\/wp\/v2\/posts"}],"about":[{"href":"https:\/\/blogs.diariosur.es\/tormentas-y-rayos\/wp-json\/wp\/v2\/types\/post"}],"author":[{"embeddable":true,"href":"https:\/\/blogs.diariosur.es\/tormentas-y-rayos\/wp-json\/wp\/v2\/users\/16"}],"replies":[{"embeddable":true,"href":"https:\/\/blogs.diariosur.es\/tormentas-y-rayos\/wp-json\/wp\/v2\/comments?post=30889"}],"version-history":[{"count":3,"href":"https:\/\/blogs.diariosur.es\/tormentas-y-rayos\/wp-json\/wp\/v2\/posts\/30889\/revisions"}],"predecessor-version":[{"id":30894,"href":"https:\/\/blogs.diariosur.es\/tormentas-y-rayos\/wp-json\/wp\/v2\/posts\/30889\/revisions\/30894"}],"wp:featuredmedia":[{"embeddable":true,"href":"https:\/\/blogs.diariosur.es\/tormentas-y-rayos\/wp-json\/wp\/v2\/media\/29958"}],"wp:attachment":[{"href":"https:\/\/blogs.diariosur.es\/tormentas-y-rayos\/wp-json\/wp\/v2\/media?parent=30889"}],"wp:term":[{"taxonomy":"category","embeddable":true,"href":"https:\/\/blogs.diariosur.es\/tormentas-y-rayos\/wp-json\/wp\/v2\/categories?post=30889"},{"taxonomy":"post_tag","embeddable":true,"href":"https:\/\/blogs.diariosur.es\/tormentas-y-rayos\/wp-json\/wp\/v2\/tags?post=30889"}],"curies":[{"name":"wp","href":"https:\/\/api.w.org\/{rel}","templated":true}]}}