{"id":35255,"date":"2022-12-05T07:43:39","date_gmt":"2022-12-05T06:43:39","guid":{"rendered":"https:\/\/blogs.diariosur.es\/tormentas-y-rayos\/?p=35255"},"modified":"2022-12-05T07:43:39","modified_gmt":"2022-12-05T06:43:39","slug":"sobre-que-hora-llegaran-las-precipitaciones-deseadas-a-la-provincia-de-malaga","status":"publish","type":"post","link":"https:\/\/blogs.diariosur.es\/tormentas-y-rayos\/2022\/12\/05\/sobre-que-hora-llegaran-las-precipitaciones-deseadas-a-la-provincia-de-malaga\/","title":{"rendered":"\u00bfSobre que hora llegar\u00e1n las precipitaciones deseadas a la provincia de M\u00e1laga?"},"content":{"rendered":"<p><a href=\"https:\/\/static-blogs.diariosur.es\/wp-content\/uploads\/sites\/12\/2022\/07\/14937480_10209205763680120_1582817921752531355_n.jpg\"><img loading=\"lazy\" class=\"aligncenter size-thumbnail wp-image-33830\" src=\"https:\/\/static-blogs.diariosur.es\/wp-content\/uploads\/sites\/12\/2022\/07\/14937480_10209205763680120_1582817921752531355_n-150x150.jpg\" alt=\"\" width=\"150\" height=\"150\" srcset=\"https:\/\/static-blogs.diariosur.es\/wp-content\/uploads\/sites\/12\/2022\/07\/14937480_10209205763680120_1582817921752531355_n-150x150.jpg 150w, https:\/\/static-blogs.diariosur.es\/wp-content\/uploads\/sites\/12\/2022\/07\/14937480_10209205763680120_1582817921752531355_n-400x400.jpg 400w, https:\/\/static-blogs.diariosur.es\/wp-content\/uploads\/sites\/12\/2022\/07\/14937480_10209205763680120_1582817921752531355_n-768x768.jpg 768w, https:\/\/static-blogs.diariosur.es\/wp-content\/uploads\/sites\/12\/2022\/07\/14937480_10209205763680120_1582817921752531355_n.jpg 941w\" sizes=\"(max-width: 150px) 100vw, 150px\" \/><\/a><\/p>\n<p>Muy buenos d\u00edas, amigos de la meteo. Ya se que todos est\u00e1is ansiosos por ver llover en &#8220;condiciones&#8221;, desde marzo de este a\u00f1o a\u00fan no lo ha hecho. Como estoy recibiendo multitud de mensajes pregunt\u00e1ndome con un poquito de cachondeo \u00bf donde esta la lluvia Jos\u00e9 ? pues os digo los tramos m\u00e1s probables que dan los modelos harmonie y arpege. Se que muchos esta noche vais de comida de empresa.<\/p>\n<p>Lo m\u00e1s activo de la borrasca que esta situada entre el Cabo de San Vicente y el Golfo de C\u00e1diz afectar\u00e1 a la provincia de M\u00e1laga a partir de las 19:00 horas m\u00e1s o menos, empezando por su zona m\u00e1s occidental. Estas lluvias se ir\u00e1n desplazando a \u00faltima hora de la noche y de madrugada por toda la provincia. El viento soplar\u00e1 de levante entre moderado y fuerte, una vez pase el frente el viento rolar\u00e1 a componente oeste. La probabilidad de precipitaciones bajar\u00e1 en toda la provincia a partir de las nueve o diez de la ma\u00f1ana.<\/p>\n<p>Hoy entramos en aviso amarillo por lluvias de 15 litros en una hora. El aviso entra en vigor a partir de las 18:00 horas de esta tarde y termina a las 6:00 horas de la ma\u00f1ana del martes.<\/p>\n<p>Os paso los acumulados que dan los modelos Harmonie, Europeo, Americano y Arpege<\/p>\n<p>El modelo Harmonie da estos acumulados en siete horas<\/p>\n<p>&nbsp;<\/p>\n<p><a href=\"https:\/\/static-blogs.diariosur.es\/wp-content\/uploads\/sites\/12\/2022\/12\/Captura-de-pantalla-2022-12-05-065818.png\"><img loading=\"lazy\" class=\"aligncenter size-full wp-image-35258\" src=\"https:\/\/static-blogs.diariosur.es\/wp-content\/uploads\/sites\/12\/2022\/12\/Captura-de-pantalla-2022-12-05-065818.png\" alt=\"\" width=\"711\" height=\"702\" srcset=\"https:\/\/static-blogs.diariosur.es\/wp-content\/uploads\/sites\/12\/2022\/12\/Captura-de-pantalla-2022-12-05-065818.png 711w, https:\/\/static-blogs.diariosur.es\/wp-content\/uploads\/sites\/12\/2022\/12\/Captura-de-pantalla-2022-12-05-065818-405x400.png 405w\" sizes=\"(max-width: 711px) 100vw, 711px\" \/><\/a><\/p>\n<p>El europeo estos.<\/p>\n<p>&nbsp;<\/p>\n<p><a href=\"https:\/\/static-blogs.diariosur.es\/wp-content\/uploads\/sites\/12\/2022\/12\/z.png\"><img loading=\"lazy\" class=\"aligncenter size-full wp-image-35259\" src=\"https:\/\/static-blogs.diariosur.es\/wp-content\/uploads\/sites\/12\/2022\/12\/z.png\" alt=\"\" width=\"760\" height=\"760\" srcset=\"https:\/\/static-blogs.diariosur.es\/wp-content\/uploads\/sites\/12\/2022\/12\/z.png 760w, https:\/\/static-blogs.diariosur.es\/wp-content\/uploads\/sites\/12\/2022\/12\/z-150x150.png 150w, https:\/\/static-blogs.diariosur.es\/wp-content\/uploads\/sites\/12\/2022\/12\/z-400x400.png 400w\" sizes=\"(max-width: 760px) 100vw, 760px\" \/><\/a><\/p>\n<p>&nbsp;<\/p>\n<p>El americano.<\/p>\n<p>&nbsp;<\/p>\n<p><a href=\"https:\/\/static-blogs.diariosur.es\/wp-content\/uploads\/sites\/12\/2022\/12\/zz.png\"><img loading=\"lazy\" class=\"aligncenter size-full wp-image-35260\" src=\"https:\/\/static-blogs.diariosur.es\/wp-content\/uploads\/sites\/12\/2022\/12\/zz.png\" alt=\"\" width=\"760\" height=\"760\" srcset=\"https:\/\/static-blogs.diariosur.es\/wp-content\/uploads\/sites\/12\/2022\/12\/zz.png 760w, https:\/\/static-blogs.diariosur.es\/wp-content\/uploads\/sites\/12\/2022\/12\/zz-150x150.png 150w, https:\/\/static-blogs.diariosur.es\/wp-content\/uploads\/sites\/12\/2022\/12\/zz-400x400.png 400w\" sizes=\"(max-width: 760px) 100vw, 760px\" \/><\/a><\/p>\n<p>&nbsp;<\/p>\n<p>Y estos el arpege<\/p>\n<p>&nbsp;<\/p>\n<p><a href=\"https:\/\/static-blogs.diariosur.es\/wp-content\/uploads\/sites\/12\/2022\/12\/zzzzz.png\"><img loading=\"lazy\" class=\"aligncenter size-full wp-image-35261\" src=\"https:\/\/static-blogs.diariosur.es\/wp-content\/uploads\/sites\/12\/2022\/12\/zzzzz.png\" alt=\"\" width=\"768\" height=\"768\" srcset=\"https:\/\/static-blogs.diariosur.es\/wp-content\/uploads\/sites\/12\/2022\/12\/zzzzz.png 768w, https:\/\/static-blogs.diariosur.es\/wp-content\/uploads\/sites\/12\/2022\/12\/zzzzz-150x150.png 150w, https:\/\/static-blogs.diariosur.es\/wp-content\/uploads\/sites\/12\/2022\/12\/zzzzz-400x400.png 400w\" sizes=\"(max-width: 768px) 100vw, 768px\" \/><\/a><\/p>\n<p>&nbsp;<\/p>\n<p>Esperemos que llueva, si no, me veo en la hoguera.<\/p>\n<p>Hasta mi camisa favorita de paraguas me he puesto hoy.<\/p>\n<p>&nbsp;<\/p>\n<p><a href=\"https:\/\/static-blogs.diariosur.es\/wp-content\/uploads\/sites\/12\/2022\/12\/318317130_10225704641061743_4547636802316789609_n.jpg\"><img loading=\"lazy\" class=\"aligncenter size-full wp-image-35263\" src=\"https:\/\/static-blogs.diariosur.es\/wp-content\/uploads\/sites\/12\/2022\/12\/318317130_10225704641061743_4547636802316789609_n.jpg\" alt=\"\" width=\"540\" height=\"960\" srcset=\"https:\/\/static-blogs.diariosur.es\/wp-content\/uploads\/sites\/12\/2022\/12\/318317130_10225704641061743_4547636802316789609_n.jpg 540w, https:\/\/static-blogs.diariosur.es\/wp-content\/uploads\/sites\/12\/2022\/12\/318317130_10225704641061743_4547636802316789609_n-225x400.jpg 225w\" sizes=\"(max-width: 540px) 100vw, 540px\" \/><\/a><\/p>\n<p>&nbsp;<\/p>\n<p>Os dejo con esta bonita foto de Mijas Pueblo, de mi amigo Crist\u00f3bal Gambero.<\/p>\n<p><strong>Si vais de cena esta noche, llevaros paraguas.<\/strong><\/p>\n<p>&nbsp;<\/p>\n<p><a href=\"https:\/\/static-blogs.diariosur.es\/wp-content\/uploads\/sites\/12\/2022\/12\/318107700_5610580808990867_8183209884860660057_n-e1670222192253.jpg\"><img loading=\"lazy\" class=\"aligncenter size-full wp-image-35262\" src=\"https:\/\/static-blogs.diariosur.es\/wp-content\/uploads\/sites\/12\/2022\/12\/318107700_5610580808990867_8183209884860660057_n-e1670222192253.jpg\" alt=\"\" width=\"900\" height=\"1200\" \/><\/a><\/p>\n","protected":false},"excerpt":{"rendered":"<p>Muy buenos d\u00edas, amigos de la meteo. Ya se que todos est\u00e1is ansiosos por ver llover en &#8220;condiciones&#8221;, desde marzo de este a\u00f1o a\u00fan no lo ha hecho. Como estoy recibiendo multitud de mensajes pregunt\u00e1ndome con un poquito de cachondeo \u00bf donde esta la lluvia Jos\u00e9 ? pues os digo los tramos m\u00e1s probables que [&hellip;]<\/p>\n","protected":false},"author":16,"featured_media":35262,"comment_status":"open","ping_status":"open","sticky":false,"template":"","format":"standard","meta":[],"categories":[1],"tags":[94,100,151,188,1525,358,569,587,945],"_links":{"self":[{"href":"https:\/\/blogs.diariosur.es\/tormentas-y-rayos\/wp-json\/wp\/v2\/posts\/35255"}],"collection":[{"href":"https:\/\/blogs.diariosur.es\/tormentas-y-rayos\/wp-json\/wp\/v2\/posts"}],"about":[{"href":"https:\/\/blogs.diariosur.es\/tormentas-y-rayos\/wp-json\/wp\/v2\/types\/post"}],"author":[{"embeddable":true,"href":"https:\/\/blogs.diariosur.es\/tormentas-y-rayos\/wp-json\/wp\/v2\/users\/16"}],"replies":[{"embeddable":true,"href":"https:\/\/blogs.diariosur.es\/tormentas-y-rayos\/wp-json\/wp\/v2\/comments?post=35255"}],"version-history":[{"count":2,"href":"https:\/\/blogs.diariosur.es\/tormentas-y-rayos\/wp-json\/wp\/v2\/posts\/35255\/revisions"}],"predecessor-version":[{"id":35264,"href":"https:\/\/blogs.diariosur.es\/tormentas-y-rayos\/wp-json\/wp\/v2\/posts\/35255\/revisions\/35264"}],"wp:featuredmedia":[{"embeddable":true,"href":"https:\/\/blogs.diariosur.es\/tormentas-y-rayos\/wp-json\/wp\/v2\/media\/35262"}],"wp:attachment":[{"href":"https:\/\/blogs.diariosur.es\/tormentas-y-rayos\/wp-json\/wp\/v2\/media?parent=35255"}],"wp:term":[{"taxonomy":"category","embeddable":true,"href":"https:\/\/blogs.diariosur.es\/tormentas-y-rayos\/wp-json\/wp\/v2\/categories?post=35255"},{"taxonomy":"post_tag","embeddable":true,"href":"https:\/\/blogs.diariosur.es\/tormentas-y-rayos\/wp-json\/wp\/v2\/tags?post=35255"}],"curies":[{"name":"wp","href":"https:\/\/api.w.org\/{rel}","templated":true}]}}