{"id":35291,"date":"2022-12-08T07:54:48","date_gmt":"2022-12-08T06:54:48","guid":{"rendered":"https:\/\/blogs.diariosur.es\/tormentas-y-rayos\/?p=35291"},"modified":"2022-12-08T11:59:48","modified_gmt":"2022-12-08T10:59:48","slug":"el-tiempo-en-malaga-avisos-por-lluvias-tormentas-viento-y-olas-acumulados-para-el-viernes","status":"publish","type":"post","link":"https:\/\/blogs.diariosur.es\/tormentas-y-rayos\/2022\/12\/08\/el-tiempo-en-malaga-avisos-por-lluvias-tormentas-viento-y-olas-acumulados-para-el-viernes\/","title":{"rendered":"El tiempo en M\u00e1laga. Avisos por lluvias, tormentas, viento y olas, Acumulados para el viernes."},"content":{"rendered":"<p><a href=\"https:\/\/static-blogs.diariosur.es\/wp-content\/uploads\/sites\/12\/2022\/10\/71718477_10217590951264569_620088742333382656_n.jpg\"><img loading=\"lazy\" class=\"aligncenter size-thumbnail wp-image-34662\" src=\"https:\/\/static-blogs.diariosur.es\/wp-content\/uploads\/sites\/12\/2022\/10\/71718477_10217590951264569_620088742333382656_n-150x150.jpg\" alt=\"\" width=\"150\" height=\"150\" \/><\/a><\/p>\n<p>Muy buenos d\u00edas, amigos de la meteo. La aemet activa para hoy jueves el aviso por tormentas en toda la costa de M\u00e1laga, Guadalhorce y Axarqu\u00eda, probablemente este aviso se ampli\u00e9 tambi\u00e9n para el viernes. De todas formas no estoy muy convencido con las tormentas de hoy, veo m\u00e1s probabilidad ma\u00f1ana.<\/p>\n<table class=\"table\">\n<tbody>\n<tr data-tipo-av=\"TO\">\n<td class=\"col-ini\"><img title=\"Tormentas - Riesgo\" src=\"https:\/\/www.aemet.es\/imagenes\/gif\/iconos_avisos\/TO3.gif\" \/><strong><span class=\"txt-fenomeno\">Tormentas<\/span><\/strong><\/td>\n<td><\/td>\n<td><strong>Riesgo<\/strong><\/td>\n<td><strong>40%-70%<\/strong><\/td>\n<td><strong><span class=\"la-zona-zona\" data-zona-id=\"612903\">Sol y Guadalhorce<\/span>&#8211;<span class=\"la-zona-provincia\" data-zona-id=\"6129\">M\u00e1laga<\/span><\/strong><\/td>\n<td><strong>08\/12\/2022 10:00<\/strong><\/td>\n<td><strong>08\/12\/2022 23:59<\/strong><\/td>\n<td class=\"col-fin\"><\/td>\n<\/tr>\n<tr data-tipo-av=\"TO\">\n<td class=\"col-ini\"><img title=\"Tormentas - Riesgo\" src=\"https:\/\/www.aemet.es\/imagenes\/gif\/iconos_avisos\/TO3.gif\" \/><strong><span class=\"txt-fenomeno\">Tormentas<\/span><\/strong><\/td>\n<td><\/td>\n<td><strong>Riesgo<\/strong><\/td>\n<td><strong>40%-70%<\/strong><\/td>\n<td><strong><span class=\"la-zona-zona\" data-zona-id=\"612904\">Axarqu\u00eda<\/span>&#8211;<span class=\"la-zona-provincia\" data-zona-id=\"6129\">M\u00e1laga<\/span><\/strong><\/td>\n<td><strong>08\/12\/2022 12:00<\/strong><\/td>\n<td><strong>08\/12\/2022 23:59<\/strong><\/td>\n<\/tr>\n<\/tbody>\n<\/table>\n<p>Aviso amarillo por lluvias en Ronda, precipitaci\u00f3n acumulada en 12 horas: 40 mm.\u00a0 Aviso amarillo por lluvias en toda la costa de M\u00e1laga, Guadalhorce y Axarqu\u00eda, precipitaci\u00f3n acumulada en una hora: 20 mm. Aviso naranja por acumulados de 30 litros en una hora.<\/p>\n<p><strong>La lluvia m\u00e1s abundante se espera hoy por la noche.<\/strong><\/p>\n<h3><span style=\"color: #0000ff;\"><strong>Predicci\u00f3n viernes 9 de diciembre<\/strong><\/span><\/h3>\n<p>Para ma\u00f1ana viernes se activa el aviso amarillo por lluvias en Ronda, precipitaci\u00f3n acumulada en 12 horas: 50 mm.\u00a0Aviso amarillo por lluvias en toda la costa de M\u00e1laga, Guadalhorce y Axarqu\u00eda, precipitaci\u00f3n acumulada en una hora: 20 mm. Es probable que la aemet active el aviso naranja en la comarca de Ronda en la pr\u00f3xima actualizaci\u00f3n..<\/p>\n<p>Aviso amarillo por viento del suroeste entre 40 y 60 km\/h (fuerza 6 a 7) y olas de 2 a 3 metros.<\/p>\n<p>Os paso los acumulados de lluvias que prev\u00e9n para el viernes los modelos americano y europeo.<\/p>\n<p><strong>Mucha diferencia en acumulados, ya veremos que modelo se aproxima m\u00e1s.\u00a0<\/strong><\/p>\n<p><span style=\"color: #ff0000;\"><strong>MODELO AMERICANO<\/strong><\/span><\/p>\n<p>&nbsp;<\/p>\n<p><a href=\"https:\/\/static-blogs.diariosur.es\/wp-content\/uploads\/sites\/12\/2022\/12\/americano-3.png\"><img loading=\"lazy\" class=\"aligncenter size-full wp-image-35292\" src=\"https:\/\/static-blogs.diariosur.es\/wp-content\/uploads\/sites\/12\/2022\/12\/americano-3.png\" alt=\"\" width=\"760\" height=\"760\" srcset=\"https:\/\/static-blogs.diariosur.es\/wp-content\/uploads\/sites\/12\/2022\/12\/americano-3.png 760w, https:\/\/static-blogs.diariosur.es\/wp-content\/uploads\/sites\/12\/2022\/12\/americano-3-150x150.png 150w, https:\/\/static-blogs.diariosur.es\/wp-content\/uploads\/sites\/12\/2022\/12\/americano-3-400x400.png 400w\" sizes=\"(max-width: 760px) 100vw, 760px\" \/><\/a><\/p>\n<p>&nbsp;<\/p>\n<p>&nbsp;<\/p>\n<p><span style=\"color: #ff0000;\"><strong>MODELO EUROPEO<\/strong><\/span><\/p>\n<p>Como os comentaba antes, muchos litros. Ojala se cumpla el europeo<\/p>\n<p>&nbsp;<\/p>\n<p><a href=\"https:\/\/static-blogs.diariosur.es\/wp-content\/uploads\/sites\/12\/2022\/12\/EUR.png\"><img loading=\"lazy\" class=\"aligncenter size-full wp-image-35293\" src=\"https:\/\/static-blogs.diariosur.es\/wp-content\/uploads\/sites\/12\/2022\/12\/EUR.png\" alt=\"\" width=\"760\" height=\"760\" srcset=\"https:\/\/static-blogs.diariosur.es\/wp-content\/uploads\/sites\/12\/2022\/12\/EUR.png 760w, https:\/\/static-blogs.diariosur.es\/wp-content\/uploads\/sites\/12\/2022\/12\/EUR-150x150.png 150w, https:\/\/static-blogs.diariosur.es\/wp-content\/uploads\/sites\/12\/2022\/12\/EUR-400x400.png 400w\" sizes=\"(max-width: 760px) 100vw, 760px\" \/><\/a><\/p>\n<p>&nbsp;<\/p>\n<p>Os dejo con esta bonita foto de Mijas Pueblo. Autor mi amigo Crist\u00f3bal Gambero.<\/p>\n<p>&nbsp;<\/p>\n<p><a href=\"https:\/\/static-blogs.diariosur.es\/wp-content\/uploads\/sites\/12\/2022\/12\/45186565_1904863399562645_6940507265883439104_n.jpg\"><img loading=\"lazy\" class=\"aligncenter size-full wp-image-35296\" src=\"https:\/\/static-blogs.diariosur.es\/wp-content\/uploads\/sites\/12\/2022\/12\/45186565_1904863399562645_6940507265883439104_n.jpg\" alt=\"\" width=\"960\" height=\"679\" srcset=\"https:\/\/static-blogs.diariosur.es\/wp-content\/uploads\/sites\/12\/2022\/12\/45186565_1904863399562645_6940507265883439104_n.jpg 960w, https:\/\/static-blogs.diariosur.es\/wp-content\/uploads\/sites\/12\/2022\/12\/45186565_1904863399562645_6940507265883439104_n-566x400.jpg 566w, https:\/\/static-blogs.diariosur.es\/wp-content\/uploads\/sites\/12\/2022\/12\/45186565_1904863399562645_6940507265883439104_n-768x543.jpg 768w\" sizes=\"(max-width: 960px) 100vw, 960px\" \/><\/a><\/p>\n<p>&nbsp;<\/p>\n<p>&nbsp;<\/p>\n<p>&nbsp;<\/p>\n<p>&nbsp;<\/p>\n","protected":false},"excerpt":{"rendered":"<p>Muy buenos d\u00edas, amigos de la meteo. La aemet activa para hoy jueves el aviso por tormentas en toda la costa de M\u00e1laga, Guadalhorce y Axarqu\u00eda, probablemente este aviso se ampli\u00e9 tambi\u00e9n para el viernes. De todas formas no estoy muy convencido con las tormentas de hoy, veo m\u00e1s probabilidad ma\u00f1ana. Tormentas Riesgo 40%-70% Sol [&hellip;]<\/p>\n","protected":false},"author":16,"featured_media":35296,"comment_status":"open","ping_status":"open","sticky":false,"template":"","format":"standard","meta":[],"categories":[1],"tags":[94,100,151,188,358,569,1788,676,736,996,1059],"_links":{"self":[{"href":"https:\/\/blogs.diariosur.es\/tormentas-y-rayos\/wp-json\/wp\/v2\/posts\/35291"}],"collection":[{"href":"https:\/\/blogs.diariosur.es\/tormentas-y-rayos\/wp-json\/wp\/v2\/posts"}],"about":[{"href":"https:\/\/blogs.diariosur.es\/tormentas-y-rayos\/wp-json\/wp\/v2\/types\/post"}],"author":[{"embeddable":true,"href":"https:\/\/blogs.diariosur.es\/tormentas-y-rayos\/wp-json\/wp\/v2\/users\/16"}],"replies":[{"embeddable":true,"href":"https:\/\/blogs.diariosur.es\/tormentas-y-rayos\/wp-json\/wp\/v2\/comments?post=35291"}],"version-history":[{"count":5,"href":"https:\/\/blogs.diariosur.es\/tormentas-y-rayos\/wp-json\/wp\/v2\/posts\/35291\/revisions"}],"predecessor-version":[{"id":35299,"href":"https:\/\/blogs.diariosur.es\/tormentas-y-rayos\/wp-json\/wp\/v2\/posts\/35291\/revisions\/35299"}],"wp:featuredmedia":[{"embeddable":true,"href":"https:\/\/blogs.diariosur.es\/tormentas-y-rayos\/wp-json\/wp\/v2\/media\/35296"}],"wp:attachment":[{"href":"https:\/\/blogs.diariosur.es\/tormentas-y-rayos\/wp-json\/wp\/v2\/media?parent=35291"}],"wp:term":[{"taxonomy":"category","embeddable":true,"href":"https:\/\/blogs.diariosur.es\/tormentas-y-rayos\/wp-json\/wp\/v2\/categories?post=35291"},{"taxonomy":"post_tag","embeddable":true,"href":"https:\/\/blogs.diariosur.es\/tormentas-y-rayos\/wp-json\/wp\/v2\/tags?post=35291"}],"curies":[{"name":"wp","href":"https:\/\/api.w.org\/{rel}","templated":true}]}}