{"id":35358,"date":"2022-12-14T07:36:53","date_gmt":"2022-12-14T06:36:53","guid":{"rendered":"https:\/\/blogs.diariosur.es\/tormentas-y-rayos\/?p=35358"},"modified":"2022-12-14T07:36:53","modified_gmt":"2022-12-14T06:36:53","slug":"sabiais-que-en-islandia-la-tierra-de-hielo-y-fuego-se-cultivan-tomates-lechugas-pepinos-y-fresas","status":"publish","type":"post","link":"https:\/\/blogs.diariosur.es\/tormentas-y-rayos\/2022\/12\/14\/sabiais-que-en-islandia-la-tierra-de-hielo-y-fuego-se-cultivan-tomates-lechugas-pepinos-y-fresas\/","title":{"rendered":"\u00bfSab\u00edais que en Islandia, la tierra de hielo y fuego, se cultivan tomates, lechugas, pepinos y fresas?"},"content":{"rendered":"<p><a href=\"https:\/\/static-blogs.diariosur.es\/wp-content\/uploads\/sites\/12\/2022\/10\/71718477_10217590951264569_620088742333382656_n.jpg\"><img loading=\"lazy\" class=\"aligncenter size-thumbnail wp-image-34662\" src=\"https:\/\/static-blogs.diariosur.es\/wp-content\/uploads\/sites\/12\/2022\/10\/71718477_10217590951264569_620088742333382656_n-150x150.jpg\" alt=\"\" width=\"150\" height=\"150\" \/><\/a><\/p>\n<p>Muy buenos d\u00edas, amigos de la meteo.\u00a0 Antes de poneros este interesante art\u00edculo de Islandia, os comento que ma\u00f1ana o el viernes, os dar\u00e9 los principales acumulados de lluvias de la provincia de M\u00e1laga del mes de diciembre y el estado de los embalses.<\/p>\n<p>PINCHAR EN EL ENLACE<\/p>\n<h3><a href=\"https:\/\/wp.ame-web.org\/produccion-de-tomates-cherry-en-reykholt-islandia\/\" rel=\"external nofollow\"><strong>\u00bfSab\u00edais que en Islandia, la tierra de hielo y fuego, se cultivan tomates, lechugas, pepinos y fresas?<\/strong><\/a><\/h3>\n<p>Nos vemos ma\u00f1ana, que pas\u00e9is un bonito mi\u00e9rcoles lluvioso.<\/p>\n<p>&nbsp;<\/p>\n<p>&nbsp;<\/p>\n","protected":false},"excerpt":{"rendered":"<p>Muy buenos d\u00edas, amigos de la meteo.\u00a0 Antes de poneros este interesante art\u00edculo de Islandia, os comento que ma\u00f1ana o el viernes, os dar\u00e9 los principales acumulados de lluvias de la provincia de M\u00e1laga del mes de diciembre y el estado de los embalses. PINCHAR EN EL ENLACE \u00bfSab\u00edais que en Islandia, la tierra de [&hellip;]<\/p>\n","protected":false},"author":16,"featured_media":35362,"comment_status":"open","ping_status":"open","sticky":false,"template":"","format":"standard","meta":[],"categories":[1],"tags":[1696,436,1441,1746,1794,1793,983,1792],"_links":{"self":[{"href":"https:\/\/blogs.diariosur.es\/tormentas-y-rayos\/wp-json\/wp\/v2\/posts\/35358"}],"collection":[{"href":"https:\/\/blogs.diariosur.es\/tormentas-y-rayos\/wp-json\/wp\/v2\/posts"}],"about":[{"href":"https:\/\/blogs.diariosur.es\/tormentas-y-rayos\/wp-json\/wp\/v2\/types\/post"}],"author":[{"embeddable":true,"href":"https:\/\/blogs.diariosur.es\/tormentas-y-rayos\/wp-json\/wp\/v2\/users\/16"}],"replies":[{"embeddable":true,"href":"https:\/\/blogs.diariosur.es\/tormentas-y-rayos\/wp-json\/wp\/v2\/comments?post=35358"}],"version-history":[{"count":3,"href":"https:\/\/blogs.diariosur.es\/tormentas-y-rayos\/wp-json\/wp\/v2\/posts\/35358\/revisions"}],"predecessor-version":[{"id":35363,"href":"https:\/\/blogs.diariosur.es\/tormentas-y-rayos\/wp-json\/wp\/v2\/posts\/35358\/revisions\/35363"}],"wp:featuredmedia":[{"embeddable":true,"href":"https:\/\/blogs.diariosur.es\/tormentas-y-rayos\/wp-json\/wp\/v2\/media\/35362"}],"wp:attachment":[{"href":"https:\/\/blogs.diariosur.es\/tormentas-y-rayos\/wp-json\/wp\/v2\/media?parent=35358"}],"wp:term":[{"taxonomy":"category","embeddable":true,"href":"https:\/\/blogs.diariosur.es\/tormentas-y-rayos\/wp-json\/wp\/v2\/categories?post=35358"},{"taxonomy":"post_tag","embeddable":true,"href":"https:\/\/blogs.diariosur.es\/tormentas-y-rayos\/wp-json\/wp\/v2\/tags?post=35358"}],"curies":[{"name":"wp","href":"https:\/\/api.w.org\/{rel}","templated":true}]}}