{"id":35378,"date":"2022-12-16T07:45:26","date_gmt":"2022-12-16T06:45:26","guid":{"rendered":"https:\/\/blogs.diariosur.es\/tormentas-y-rayos\/?p=35378"},"modified":"2022-12-17T08:07:23","modified_gmt":"2022-12-17T07:07:23","slug":"el-tiempo-en-malaga-fin-de-semana-estado-de-los-embalses-y-lluvia-acumulada-este-mes","status":"publish","type":"post","link":"https:\/\/blogs.diariosur.es\/tormentas-y-rayos\/2022\/12\/16\/el-tiempo-en-malaga-fin-de-semana-estado-de-los-embalses-y-lluvia-acumulada-este-mes\/","title":{"rendered":"El tiempo en M\u00e1laga fin de semana. Estado de los embalses y lluvia acumulada este mes."},"content":{"rendered":"<p><a href=\"https:\/\/static-blogs.diariosur.es\/wp-content\/uploads\/sites\/12\/2022\/10\/71718477_10217590951264569_620088742333382656_n.jpg\"><img loading=\"lazy\" class=\"aligncenter size-thumbnail wp-image-34662\" src=\"https:\/\/static-blogs.diariosur.es\/wp-content\/uploads\/sites\/12\/2022\/10\/71718477_10217590951264569_620088742333382656_n-150x150.jpg\" alt=\"\" width=\"150\" height=\"150\" \/><\/a><\/p>\n<p>Muy buenos d\u00edas, amigos de la meteo. Madrugada m\u00e1s fresquita en toda la provincia malague\u00f1a, nada comparable a lo de estos d\u00edas atr\u00e1s, en Centro Meteorol\u00f3gico registra 9 grados.<\/p>\n<p>Antes de nada, os paso el video donde ayer di la predicci\u00f3n del tiempo y el ganador de la porra. A partir del minuto 38.<\/p>\n<p>&nbsp;<\/p>\n<p><iframe loading=\"lazy\" title=\"YouTube video player\" src=\"https:\/\/www.youtube.com\/embed\/70VQbLWQoLI\" width=\"560\" height=\"315\" frameborder=\"0\" allowfullscreen=\"allowfullscreen\"><\/iframe><\/p>\n<p>&nbsp;<\/p>\n<p>La Borrasca Efra\u00edn dar\u00e1 hoy sus \u00faltimos coletazos en la provincia malague\u00f1a, en estos momentos muy desgastada se sit\u00faa en el Cabo de San Vicente. Pueden darse chubascos en la zona m\u00e1s occidental, costa de la Axarqu\u00eda y como hace un rato en la capital. La aemet activa el aviso por lluvias de 15 litros en una hora y tormentas en la Axarqu\u00eda.<\/p>\n<p>Os paso el mapa de superficie de la aemet.<\/p>\n<p>&nbsp;<\/p>\n<p><a href=\"https:\/\/static-blogs.diariosur.es\/wp-content\/uploads\/sites\/12\/2022\/12\/efrain-e1671167645103.gif\"><img loading=\"lazy\" class=\"aligncenter size-full wp-image-35379\" src=\"https:\/\/static-blogs.diariosur.es\/wp-content\/uploads\/sites\/12\/2022\/12\/efrain-e1671167645103.gif\" alt=\"\" width=\"1200\" height=\"840\" \/><\/a><\/p>\n<p>Ma\u00f1ana s\u00e1bado baja la probabilidad de precipitaciones a partir de primeras horas de la ma\u00f1ana, en viento soplar\u00e1 de componente oeste. Poner lavadoras<\/p>\n<p>Os paso las temperaturas m\u00e1ximas y m\u00ednimas que prev\u00e9 la aemet.<\/p>\n<p>&nbsp;<\/p>\n<p><a href=\"https:\/\/static-blogs.diariosur.es\/wp-content\/uploads\/sites\/12\/2022\/12\/sabado.png\"><img loading=\"lazy\" class=\"aligncenter size-full wp-image-35380\" src=\"https:\/\/static-blogs.diariosur.es\/wp-content\/uploads\/sites\/12\/2022\/12\/sabado.png\" alt=\"\" width=\"689\" height=\"545\" srcset=\"https:\/\/static-blogs.diariosur.es\/wp-content\/uploads\/sites\/12\/2022\/12\/sabado.png 689w, https:\/\/static-blogs.diariosur.es\/wp-content\/uploads\/sites\/12\/2022\/12\/sabado-506x400.png 506w\" sizes=\"(max-width: 689px) 100vw, 689px\" \/><\/a><\/p>\n<p>&nbsp;<\/p>\n<p>El domingo el viento cambiar\u00e1 a levante en toda la costa y provincia malague\u00f1a. Las nubes bajas originadas por el viento de levante, pueden dejar algunas gotas en la zona m\u00e1s occidental.<\/p>\n<p>Os paso las m\u00e1ximas y m\u00ednimas que prev\u00e9 la aemet.<\/p>\n<p>&nbsp;<\/p>\n<p><a href=\"https:\/\/static-blogs.diariosur.es\/wp-content\/uploads\/sites\/12\/2022\/12\/domingo.png\"><img loading=\"lazy\" class=\"aligncenter size-full wp-image-35381\" src=\"https:\/\/static-blogs.diariosur.es\/wp-content\/uploads\/sites\/12\/2022\/12\/domingo.png\" alt=\"\" width=\"692\" height=\"545\" srcset=\"https:\/\/static-blogs.diariosur.es\/wp-content\/uploads\/sites\/12\/2022\/12\/domingo.png 692w, https:\/\/static-blogs.diariosur.es\/wp-content\/uploads\/sites\/12\/2022\/12\/domingo-508x400.png 508w\" sizes=\"(max-width: 692px) 100vw, 692px\" \/><\/a><\/p>\n<p>&nbsp;<\/p>\n<h3><span style=\"color: #0000ff;\"><strong>Estado de los embalses.<\/strong><\/span><\/h3>\n<p>EMBALSE DE LA CONCEPCI\u00d3N\u00a0 AL 61,78 %<\/p>\n<p>EMBALSE CASASOLA\u00a0 AL 49,95%<\/p>\n<p>EMBALSE LIMONERO AL 40,2%<\/p>\n<p>EMBALSE DEL GUADALTEBA 55,49%<\/p>\n<p>EMBALSE DEL GUADALHORCE\u00a0 AL 35,07%<\/p>\n<p>EMBALSE CONDE DEL GUADALHORCE AL 28,47%<\/p>\n<p>EMBALSE DE LA VI\u00d1UELA AL 10,62%<\/p>\n<p>La Vi\u00f1uela ha ganado de momento casi dos hect\u00f3metros c\u00fabicos. El que m\u00e1s la Concepci\u00f3n con nueve. El agua almacenada supera a la del a\u00f1o anterior en estas mismas fechas.<\/p>\n<p>Os paso los acumulados de precipitaci\u00f3n que llevamos desde el d\u00eda 1 hasta hoy viernes. Fuente red Hidrosur<\/p>\n<p>&nbsp;<\/p>\n<div class=\".container\">\n<div id=\"central\" class=\"col-sm-12\">\n<div class=\"col-sm-12\">\n<table class=\"table-condensed\" style=\"height: 4442px;\" border=\"1\" width=\"259\" cellspacing=\"0\" cellpadding=\"1\">\n<tbody>\n<tr>\n<td><\/td>\n<td>SIERRA MIJAS (MA)<\/td>\n<td><\/td>\n<td><\/td>\n<td><\/td>\n<td>177,60<\/td>\n<\/tr>\n<tr>\n<td><\/td>\n<td>LOS REALES (MA)<\/td>\n<td><\/td>\n<td><\/td>\n<td><\/td>\n<td>307,40<\/td>\n<\/tr>\n<tr>\n<td><\/td>\n<td>MAJADA DE LAS LOMAS (MA)<\/td>\n<td><\/td>\n<td><\/td>\n<td><\/td>\n<td>304,60<\/td>\n<\/tr>\n<tr>\n<td><\/td>\n<td>R\u00cdO GENAL (JUBRIQUE) (MA)<\/td>\n<td><\/td>\n<td><\/td>\n<td><\/td>\n<td>314,30<\/td>\n<\/tr>\n<tr>\n<td><\/td>\n<td>PUJERRA (MA)<\/td>\n<td><\/td>\n<td><\/td>\n<td><\/td>\n<td>287,40<\/td>\n<\/tr>\n<tr>\n<td><\/td>\n<td>CUEVAS DEL BECERRO (MA)<\/td>\n<td><\/td>\n<td><\/td>\n<td><\/td>\n<td>158,90<\/td>\n<\/tr>\n<tr>\n<td><\/td>\n<td>EMBALSE DE LA CONCEPCI\u00d3N (MA)<\/td>\n<td><\/td>\n<td><\/td>\n<td><\/td>\n<td>199,80<\/td>\n<\/tr>\n<tr>\n<td><\/td>\n<td>OJEN (MA)<\/td>\n<td><\/td>\n<td><\/td>\n<td><\/td>\n<td>233,20<\/td>\n<\/tr>\n<tr>\n<td><\/td>\n<td>EL TORCAL (MA)<\/td>\n<td><\/td>\n<td><\/td>\n<td><\/td>\n<td>160<\/td>\n<\/tr>\n<tr>\n<td><\/td>\n<td>EMBALSE DE CASASOLA (MA)<\/td>\n<td><\/td>\n<td><\/td>\n<td><\/td>\n<td>95,30<\/td>\n<\/tr>\n<tr>\n<td><\/td>\n<td>EMBALSE DEL LIMONERO (MA)<\/td>\n<td><\/td>\n<td><\/td>\n<td><\/td>\n<td>102,70<\/td>\n<\/tr>\n<tr>\n<td><\/td>\n<td>DEPURADORA DEL ATABAL (MA)<\/td>\n<td><\/td>\n<td><\/td>\n<td><\/td>\n<td>90,30<\/td>\n<\/tr>\n<tr>\n<td><\/td>\n<td>M\u00c1LAGA &#8211; PASEO DE LA FAROLA (MA)<\/td>\n<td><\/td>\n<td><\/td>\n<td><\/td>\n<td>94,90<\/td>\n<\/tr>\n<tr>\n<td><\/td>\n<td>DEPURADORA DE MARBELLA (MA)<\/td>\n<td><\/td>\n<td><\/td>\n<td><\/td>\n<td>160<\/td>\n<\/tr>\n<tr>\n<td><\/td>\n<td>SANT\u00d3N PITAR (MA)<\/td>\n<td><\/td>\n<td><\/td>\n<td><\/td>\n<td>148,50<\/td>\n<\/tr>\n<tr>\n<td><\/td>\n<td>CA\u00d1ETE LA REAL (MA)<\/td>\n<td><\/td>\n<td><\/td>\n<td><\/td>\n<td>137,20<\/td>\n<\/tr>\n<tr>\n<td><\/td>\n<td>RONDA (MA)<\/td>\n<td><\/td>\n<td><\/td>\n<td><\/td>\n<td>164,80<\/td>\n<\/tr>\n<tr>\n<td><\/td>\n<td>LAGUNA DE FUENTE PIEDRA (MA)<\/td>\n<td><\/td>\n<td><\/td>\n<td><\/td>\n<td>115,80<\/td>\n<\/tr>\n<tr>\n<td><\/td>\n<td>EMBALSE DEL GUADALTEBA (MA)<\/td>\n<td><\/td>\n<td><\/td>\n<td><\/td>\n<td>88,70<\/td>\n<\/tr>\n<tr>\n<td><\/td>\n<td>EMBALSE CONDE DE GUADALHORCE (MA)<\/td>\n<td><\/td>\n<td><\/td>\n<td><\/td>\n<td>84,10<\/td>\n<\/tr>\n<tr>\n<td><\/td>\n<td>REPETIDOR LA ENCANTADA (MA)<\/td>\n<td><\/td>\n<td><\/td>\n<td><\/td>\n<td>108<\/td>\n<\/tr>\n<tr>\n<td><\/td>\n<td>CANAL DE LA ENCANTADA (MA)<\/td>\n<td><\/td>\n<td><\/td>\n<td><\/td>\n<td>123,20<\/td>\n<\/tr>\n<tr>\n<td><\/td>\n<td>AZUD DE PAREDONES (MA)<\/td>\n<td><\/td>\n<td><\/td>\n<td><\/td>\n<td>105,20<\/td>\n<\/tr>\n<tr>\n<td><\/td>\n<td>CO\u00cdN (MA)<\/td>\n<td><\/td>\n<td><\/td>\n<td><\/td>\n<td>158,00<\/td>\n<\/tr>\n<tr>\n<td><\/td>\n<td>ALCAUC\u00cdN (MA)<\/td>\n<td><\/td>\n<td><\/td>\n<td><\/td>\n<td>132,00<\/td>\n<\/tr>\n<tr>\n<td><\/td>\n<td>EMBALSE DE LA VI\u00d1UELA (MA)<\/td>\n<td><\/td>\n<td><\/td>\n<td><\/td>\n<td>122,20<\/td>\n<\/tr>\n<tr>\n<td><\/td>\n<td>R\u00cdO GUADALHORCE (CARTAMA) (MA)<\/td>\n<td><\/td>\n<td><\/td>\n<td><\/td>\n<td>113,70<\/td>\n<\/tr>\n<tr>\n<td><\/td>\n<td>VILLANUEVA DE LA CONCEPCI\u00d3N (MA)<\/td>\n<td><\/td>\n<td><\/td>\n<td><\/td>\n<td>167,70<\/td>\n<\/tr>\n<tr>\n<td><\/td>\n<td>CASARABONELA (MA)<\/td>\n<td><\/td>\n<td><\/td>\n<td><\/td>\n<td>96,90<\/td>\n<\/tr>\n<tr>\n<td><\/td>\n<td>COLMENAR (MA)<\/td>\n<td><\/td>\n<td><\/td>\n<td><\/td>\n<td>157,60<\/td>\n<\/tr>\n<tr>\n<td><\/td>\n<td>ALFARNATEJO (MA)<\/td>\n<td><\/td>\n<td><\/td>\n<td><\/td>\n<td>209,10<\/td>\n<\/tr>\n<tr>\n<td><\/td>\n<td>R\u00cdO BENAMARGOSA (S. NEGRO) (MA)<\/td>\n<td><\/td>\n<td><\/td>\n<td><\/td>\n<td>148,70<\/td>\n<\/tr>\n<tr>\n<td><\/td>\n<td>TORROX (MA)<\/td>\n<td><\/td>\n<td><\/td>\n<td><\/td>\n<td>86,70<\/td>\n<\/tr>\n<tr>\n<td><\/td>\n<td>TORRE DEL MAR (MA)<\/td>\n<td><\/td>\n<td><\/td>\n<td><\/td>\n<td>115,00<\/td>\n<\/tr>\n<tr>\n<td><\/td>\n<td>RIO GUADALHORCE (ALJAIMA) (MA)<\/td>\n<td><\/td>\n<td><\/td>\n<td><\/td>\n<td>104,30<\/td>\n<\/tr>\n<tr>\n<td><\/td>\n<td>LA ARA\u00d1A (MA)<\/td>\n<td><\/td>\n<td><\/td>\n<td><\/td>\n<td>147<\/td>\n<\/tr>\n<tr>\n<td><\/td>\n<td>R\u00cdO GUADIARO (TR. MAJACEITE) (MA)<\/td>\n<td><\/td>\n<td><\/td>\n<td><\/td>\n<td>330<\/td>\n<\/tr>\n<tr>\n<td><\/td>\n<td>R\u00cdO GRANDE (LAS MILLANAS) (MA)<\/td>\n<td><\/td>\n<td><\/td>\n<td><\/td>\n<td>170,50<\/td>\n<\/tr>\n<tr>\n<td><\/td>\n<td>LAS GOLONDRINAS (MA)<\/td>\n<td><\/td>\n<td><\/td>\n<td><\/td>\n<td>118,80<\/td>\n<\/tr>\n<tr>\n<td><\/td>\n<td>DEPURADORA DEL TRAPICHE (MA)<\/td>\n<td><\/td>\n<td><\/td>\n<td><\/td>\n<td>128<\/td>\n<\/tr>\n<tr>\n<td><\/td>\n<td>FAHALA (MA)<\/td>\n<td><\/td>\n<td><\/td>\n<td><\/td>\n<td>114,80<\/td>\n<\/tr>\n<tr>\n<td><\/td>\n<td>R\u00cdO GUADALHORCE (BOBADILLA) (MA)<\/td>\n<td><\/td>\n<td><\/td>\n<td><\/td>\n<td>87,80<\/td>\n<\/tr>\n<tr>\n<td><\/td>\n<td>R\u00cdO TUR\u00d3N (ARDALES) (MA)<\/td>\n<td><\/td>\n<td><\/td>\n<td><\/td>\n<td>87,60<\/td>\n<\/tr>\n<tr>\n<td><\/td>\n<td>RIO GUADALTEBA (AFORO TEBA) (MA)<\/td>\n<td><\/td>\n<td><\/td>\n<td><\/td>\n<td>87,50<\/td>\n<\/tr>\n<tr>\n<td><\/td>\n<td>R\u00cdO GUADALHORCE (ARCHIDONA) (MA)<\/td>\n<td><\/td>\n<td><\/td>\n<td><\/td>\n<td>110,10<\/td>\n<\/tr>\n<\/tbody>\n<\/table>\n<\/div>\n<\/div>\n<p>&nbsp;<\/p>\n<p>En M\u00e1laga aeropuerto hasta hoy viernes 140 litros, fuente aemet. Destacar una estaci\u00f3n de Acamet malague\u00f1a en la zona alta del Genal que lleva este mes 516 litros.<\/p>\n<p>&nbsp;<\/p>\n<p>&nbsp;<\/p>\n<\/div>\n","protected":false},"excerpt":{"rendered":"<p>Muy buenos d\u00edas, amigos de la meteo. Madrugada m\u00e1s fresquita en toda la provincia malague\u00f1a, nada comparable a lo de estos d\u00edas atr\u00e1s, en Centro Meteorol\u00f3gico registra 9 grados. Antes de nada, os paso el video donde ayer di la predicci\u00f3n del tiempo y el ganador de la porra. A partir del minuto 38. &nbsp; [&hellip;]<\/p>\n","protected":false},"author":16,"featured_media":34953,"comment_status":"open","ping_status":"open","sticky":false,"template":"","format":"standard","meta":[],"categories":[1],"tags":[94,151,188,1790,1796,360,569,587,800],"_links":{"self":[{"href":"https:\/\/blogs.diariosur.es\/tormentas-y-rayos\/wp-json\/wp\/v2\/posts\/35378"}],"collection":[{"href":"https:\/\/blogs.diariosur.es\/tormentas-y-rayos\/wp-json\/wp\/v2\/posts"}],"about":[{"href":"https:\/\/blogs.diariosur.es\/tormentas-y-rayos\/wp-json\/wp\/v2\/types\/post"}],"author":[{"embeddable":true,"href":"https:\/\/blogs.diariosur.es\/tormentas-y-rayos\/wp-json\/wp\/v2\/users\/16"}],"replies":[{"embeddable":true,"href":"https:\/\/blogs.diariosur.es\/tormentas-y-rayos\/wp-json\/wp\/v2\/comments?post=35378"}],"version-history":[{"count":13,"href":"https:\/\/blogs.diariosur.es\/tormentas-y-rayos\/wp-json\/wp\/v2\/posts\/35378\/revisions"}],"predecessor-version":[{"id":35400,"href":"https:\/\/blogs.diariosur.es\/tormentas-y-rayos\/wp-json\/wp\/v2\/posts\/35378\/revisions\/35400"}],"wp:featuredmedia":[{"embeddable":true,"href":"https:\/\/blogs.diariosur.es\/tormentas-y-rayos\/wp-json\/wp\/v2\/media\/34953"}],"wp:attachment":[{"href":"https:\/\/blogs.diariosur.es\/tormentas-y-rayos\/wp-json\/wp\/v2\/media?parent=35378"}],"wp:term":[{"taxonomy":"category","embeddable":true,"href":"https:\/\/blogs.diariosur.es\/tormentas-y-rayos\/wp-json\/wp\/v2\/categories?post=35378"},{"taxonomy":"post_tag","embeddable":true,"href":"https:\/\/blogs.diariosur.es\/tormentas-y-rayos\/wp-json\/wp\/v2\/tags?post=35378"}],"curies":[{"name":"wp","href":"https:\/\/api.w.org\/{rel}","templated":true}]}}