{"id":35406,"date":"2022-12-21T16:20:57","date_gmt":"2022-12-21T15:20:57","guid":{"rendered":"https:\/\/blogs.diariosur.es\/tormentas-y-rayos\/?p=35406"},"modified":"2022-12-21T16:20:57","modified_gmt":"2022-12-21T15:20:57","slug":"el-ano-2022-es-el-mas-calido-y-uno-de-los-mas-secos-de-la-serie-historica-en-espana","status":"publish","type":"post","link":"https:\/\/blogs.diariosur.es\/tormentas-y-rayos\/2022\/12\/21\/el-ano-2022-es-el-mas-calido-y-uno-de-los-mas-secos-de-la-serie-historica-en-espana\/","title":{"rendered":"El a\u00f1o 2022 es el m\u00e1s c\u00e1lido y uno de los m\u00e1s secos de la serie hist\u00f3rica en Espa\u00f1a."},"content":{"rendered":"<p><a href=\"https:\/\/static-blogs.diariosur.es\/wp-content\/uploads\/sites\/12\/2022\/12\/15003244_10209205767200208_5978289506419899153_o.jpg\"><img loading=\"lazy\" class=\"aligncenter size-thumbnail wp-image-35408\" src=\"https:\/\/static-blogs.diariosur.es\/wp-content\/uploads\/sites\/12\/2022\/12\/15003244_10209205767200208_5978289506419899153_o-150x150.jpg\" alt=\"\" width=\"150\" height=\"150\" srcset=\"https:\/\/static-blogs.diariosur.es\/wp-content\/uploads\/sites\/12\/2022\/12\/15003244_10209205767200208_5978289506419899153_o-150x150.jpg 150w, https:\/\/static-blogs.diariosur.es\/wp-content\/uploads\/sites\/12\/2022\/12\/15003244_10209205767200208_5978289506419899153_o-400x400.jpg 400w, https:\/\/static-blogs.diariosur.es\/wp-content\/uploads\/sites\/12\/2022\/12\/15003244_10209205767200208_5978289506419899153_o-768x768.jpg 768w, https:\/\/static-blogs.diariosur.es\/wp-content\/uploads\/sites\/12\/2022\/12\/15003244_10209205767200208_5978289506419899153_o.jpg 1069w\" sizes=\"(max-width: 150px) 100vw, 150px\" \/><\/a><\/p>\n<p>Muy buenas tardes, amigos de la meteo. Os paso este estudio de la aemet. Al final os pongo el enlace con todo m\u00e1s detallado.<\/p>\n<p>Aunque faltan unos d\u00edas para terminar el a\u00f1o, ya es seguro que 2022 ser\u00e1 el a\u00f1o m\u00e1s c\u00e1lido de la serie hist\u00f3rica en Espa\u00f1a. De manera provisional, su temperatura media se puede cifrar en 15,3 \u00baC. Se trata de un valor 1,6 \u00baC por encima del promedio normal. Es la primera vez que un a\u00f1o supera los 15 \u00baC de temperatura media desde que hay registros; el car\u00e1cter de 2022 ser\u00e1 extremadamente c\u00e1lido. Salvo marzo y abril, que fueron meses fr\u00edos, el resto de los meses han sido m\u00e1s c\u00e1lidos de lo normal, especialmente mayo, julio y octubre, que fueron extremadamente c\u00e1lidos. Por primera vez, dos estaciones consecutivas dentro de un mismo a\u00f1o (el verano y el oto\u00f1o) han sido las m\u00e1s c\u00e1lidas de la serie (aunque el oto\u00f1o empatado con el de 1983).<\/p>\n<p class=\"summary\">De manera provisional, 2022 se puede catalogar como un a\u00f1o muy seco. Con los datos disponibles hasta el 15 de diciembre, solo en dos a\u00f1os (2005 y 2017) hab\u00eda llovido menos que en el actual<\/p>\n<p class=\"summary\">Durante buena parte del oto\u00f1o continuaron las condiciones inusualmente c\u00e1lidas que comenzaron en mayo y prosiguieron durante la estaci\u00f3n estival. Fue el oto\u00f1o m\u00e1s c\u00e1lido de la serie hist\u00f3rica, igualado con el de 1983. Tambi\u00e9n fue una estaci\u00f3n muy seca, ya que las lluvias quedaron un 24 % por debajo de lo normal<\/p>\n<p class=\"summary\">Espa\u00f1a continuaba en sequ\u00eda meteorol\u00f3gica a finales de noviembre. Las abundantes lluvias de la primera quincena de diciembre no son suficientes para paliar por completo la situaci\u00f3n<\/p>\n<p class=\"summary\">El invierno astron\u00f3mico comienza el 21 de diciembre a las 22:48 h. Sus dos primeras semanas presentar\u00e1n temperaturas por encima de las habituales en esta \u00e9poca, especialmente en la mitad sur, por lo que no pasaremos un periodo navide\u00f1o especialmente fr\u00edo<\/p>\n<p>&nbsp;<\/p>\n<h3><a href=\"https:\/\/www.miteco.gob.es\/es\/prensa\/ultimas-noticias\/el-a%C3%B1o-2022-es-el-m%C3%A1s-c%C3%A1lido-y-uno-de-los-m%C3%A1s-secos-de-la-serie-hist%C3%B3rica-en-espa%C3%B1a-\/tcm:30-549707#:~:text=2022%2C%20UN%20A%C3%91O%20EXTREMADAMENTE%20C%C3%81LIDO,por%20encima%20del%20promedio%20normal.\" rel=\"external nofollow\">El a\u00f1o 2022 es el m\u00e1s c\u00e1lido y uno de los m\u00e1s secos de la serie hist\u00f3rica en Espa\u00f1a<\/a><\/h3>\n<div class=\"pestana\"><\/div>\n","protected":false},"excerpt":{"rendered":"<p>Muy buenas tardes, amigos de la meteo. Os paso este estudio de la aemet. Al final os pongo el enlace con todo m\u00e1s detallado. Aunque faltan unos d\u00edas para terminar el a\u00f1o, ya es seguro que 2022 ser\u00e1 el a\u00f1o m\u00e1s c\u00e1lido de la serie hist\u00f3rica en Espa\u00f1a. De manera provisional, su temperatura media se [&hellip;]<\/p>\n","protected":false},"author":16,"featured_media":35410,"comment_status":"open","ping_status":"open","sticky":false,"template":"","format":"standard","meta":[],"categories":[1],"tags":[1689,100,109,207,358,375,614,898],"_links":{"self":[{"href":"https:\/\/blogs.diariosur.es\/tormentas-y-rayos\/wp-json\/wp\/v2\/posts\/35406"}],"collection":[{"href":"https:\/\/blogs.diariosur.es\/tormentas-y-rayos\/wp-json\/wp\/v2\/posts"}],"about":[{"href":"https:\/\/blogs.diariosur.es\/tormentas-y-rayos\/wp-json\/wp\/v2\/types\/post"}],"author":[{"embeddable":true,"href":"https:\/\/blogs.diariosur.es\/tormentas-y-rayos\/wp-json\/wp\/v2\/users\/16"}],"replies":[{"embeddable":true,"href":"https:\/\/blogs.diariosur.es\/tormentas-y-rayos\/wp-json\/wp\/v2\/comments?post=35406"}],"version-history":[{"count":2,"href":"https:\/\/blogs.diariosur.es\/tormentas-y-rayos\/wp-json\/wp\/v2\/posts\/35406\/revisions"}],"predecessor-version":[{"id":35409,"href":"https:\/\/blogs.diariosur.es\/tormentas-y-rayos\/wp-json\/wp\/v2\/posts\/35406\/revisions\/35409"}],"wp:featuredmedia":[{"embeddable":true,"href":"https:\/\/blogs.diariosur.es\/tormentas-y-rayos\/wp-json\/wp\/v2\/media\/35410"}],"wp:attachment":[{"href":"https:\/\/blogs.diariosur.es\/tormentas-y-rayos\/wp-json\/wp\/v2\/media?parent=35406"}],"wp:term":[{"taxonomy":"category","embeddable":true,"href":"https:\/\/blogs.diariosur.es\/tormentas-y-rayos\/wp-json\/wp\/v2\/categories?post=35406"},{"taxonomy":"post_tag","embeddable":true,"href":"https:\/\/blogs.diariosur.es\/tormentas-y-rayos\/wp-json\/wp\/v2\/tags?post=35406"}],"curies":[{"name":"wp","href":"https:\/\/api.w.org\/{rel}","templated":true}]}}