{"id":35411,"date":"2022-12-22T07:43:08","date_gmt":"2022-12-22T06:43:08","guid":{"rendered":"https:\/\/blogs.diariosur.es\/tormentas-y-rayos\/?p=35411"},"modified":"2022-12-22T07:43:08","modified_gmt":"2022-12-22T06:43:08","slug":"el-tiempo-en-malaga-pasaremos-la-navidad-y-el-fin-de-ano-en-la-playa-o-con-paraguas","status":"publish","type":"post","link":"https:\/\/blogs.diariosur.es\/tormentas-y-rayos\/2022\/12\/22\/el-tiempo-en-malaga-pasaremos-la-navidad-y-el-fin-de-ano-en-la-playa-o-con-paraguas\/","title":{"rendered":"El tiempo en M\u00e1laga. \u00bfPasaremos la Navidad y el fin de A\u00f1o en la playa o con paraguas?"},"content":{"rendered":"<p><a href=\"https:\/\/static-blogs.diariosur.es\/wp-content\/uploads\/sites\/12\/2022\/12\/15003244_10209205767200208_5978289506419899153_o.jpg\"><img loading=\"lazy\" class=\"aligncenter size-thumbnail wp-image-35408\" src=\"https:\/\/static-blogs.diariosur.es\/wp-content\/uploads\/sites\/12\/2022\/12\/15003244_10209205767200208_5978289506419899153_o-150x150.jpg\" alt=\"\" width=\"150\" height=\"150\" srcset=\"https:\/\/static-blogs.diariosur.es\/wp-content\/uploads\/sites\/12\/2022\/12\/15003244_10209205767200208_5978289506419899153_o-150x150.jpg 150w, https:\/\/static-blogs.diariosur.es\/wp-content\/uploads\/sites\/12\/2022\/12\/15003244_10209205767200208_5978289506419899153_o-400x400.jpg 400w, https:\/\/static-blogs.diariosur.es\/wp-content\/uploads\/sites\/12\/2022\/12\/15003244_10209205767200208_5978289506419899153_o-768x768.jpg 768w, https:\/\/static-blogs.diariosur.es\/wp-content\/uploads\/sites\/12\/2022\/12\/15003244_10209205767200208_5978289506419899153_o.jpg 1069w\" sizes=\"(max-width: 150px) 100vw, 150px\" \/><\/a><\/p>\n<p>Muy buenos dias, amigos de la meteo. Primeramente desearos a todos que teng\u00e1is mucha suerte en la Loter\u00eda de Navidad. Espero dar el gordo con el 23274 jijijij.<\/p>\n<p>Mi estaci\u00f3n en M\u00e1laga capital registra en estos momentos cuando son las siete de la ma\u00f1ana 15 grados, sopla terral de invierno y los cielos est\u00e1n despejados. Las temperaturas m\u00ednimas en el resto de la Comunidad Andaluza est\u00e1n por encima de la media, igualmente pasa en Ceuta y Melilla. La m\u00e1ximas que hoy se registraran tambi\u00e9n tendr\u00e1n unos valores altos para las fechas que estamos.<\/p>\n<h3><span style=\"color: #ff0000;\"><strong>\u00bfPasaremos la Navidad y el fin de A\u00f1o en la playa o con paraguas?<\/strong><\/span><\/h3>\n<p>La Nochebuena, Navidad y hasta que termine el a\u00f1o, tendremos temperaturas m\u00e1ximas y m\u00ednimas por encima de la media en toda la provincia de M\u00e1laga. La probabilidad de precipitaciones ser\u00e1 muy baja, tampoco espero rachas fuertes de viento.<\/p>\n<p>Pienso que la pregunta ya tiene respuesta amigos de la meteo<\/p>\n<p>Os dejo con este estudio de la aemet.<\/p>\n<h3 class=\"voc-blogs-section\"><a href=\"https:\/\/blogs.diariosur.es\/tormentas-y-rayos\/2022\/12\/21\/el-ano-2022-es-el-mas-calido-y-uno-de-los-mas-secos-de-la-serie-historica-en-espana\/\">El a\u00f1o 2022 es el m\u00e1s c\u00e1lido y uno de los m\u00e1s secos de la serie hist\u00f3rica en Espa\u00f1a.<\/a><\/h3>\n<p>&nbsp;<\/p>\n<p>&nbsp;<\/p>\n<p>&nbsp;<\/p>\n<p>&nbsp;<\/p>\n","protected":false},"excerpt":{"rendered":"<p>Muy buenos dias, amigos de la meteo. Primeramente desearos a todos que teng\u00e1is mucha suerte en la Loter\u00eda de Navidad. Espero dar el gordo con el 23274 jijijij. Mi estaci\u00f3n en M\u00e1laga capital registra en estos momentos cuando son las siete de la ma\u00f1ana 15 grados, sopla terral de invierno y los cielos est\u00e1n despejados. [&hellip;]<\/p>\n","protected":false},"author":16,"featured_media":35413,"comment_status":"open","ping_status":"open","sticky":false,"template":"","format":"standard","meta":[],"categories":[1],"tags":[109,212,358,410,569,587,681,782],"_links":{"self":[{"href":"https:\/\/blogs.diariosur.es\/tormentas-y-rayos\/wp-json\/wp\/v2\/posts\/35411"}],"collection":[{"href":"https:\/\/blogs.diariosur.es\/tormentas-y-rayos\/wp-json\/wp\/v2\/posts"}],"about":[{"href":"https:\/\/blogs.diariosur.es\/tormentas-y-rayos\/wp-json\/wp\/v2\/types\/post"}],"author":[{"embeddable":true,"href":"https:\/\/blogs.diariosur.es\/tormentas-y-rayos\/wp-json\/wp\/v2\/users\/16"}],"replies":[{"embeddable":true,"href":"https:\/\/blogs.diariosur.es\/tormentas-y-rayos\/wp-json\/wp\/v2\/comments?post=35411"}],"version-history":[{"count":3,"href":"https:\/\/blogs.diariosur.es\/tormentas-y-rayos\/wp-json\/wp\/v2\/posts\/35411\/revisions"}],"predecessor-version":[{"id":35415,"href":"https:\/\/blogs.diariosur.es\/tormentas-y-rayos\/wp-json\/wp\/v2\/posts\/35411\/revisions\/35415"}],"wp:featuredmedia":[{"embeddable":true,"href":"https:\/\/blogs.diariosur.es\/tormentas-y-rayos\/wp-json\/wp\/v2\/media\/35413"}],"wp:attachment":[{"href":"https:\/\/blogs.diariosur.es\/tormentas-y-rayos\/wp-json\/wp\/v2\/media?parent=35411"}],"wp:term":[{"taxonomy":"category","embeddable":true,"href":"https:\/\/blogs.diariosur.es\/tormentas-y-rayos\/wp-json\/wp\/v2\/categories?post=35411"},{"taxonomy":"post_tag","embeddable":true,"href":"https:\/\/blogs.diariosur.es\/tormentas-y-rayos\/wp-json\/wp\/v2\/tags?post=35411"}],"curies":[{"name":"wp","href":"https:\/\/api.w.org\/{rel}","templated":true}]}}