{"id":35426,"date":"2022-12-25T12:11:30","date_gmt":"2022-12-25T11:11:30","guid":{"rendered":"https:\/\/blogs.diariosur.es\/tormentas-y-rayos\/?p=35426"},"modified":"2022-12-25T12:11:30","modified_gmt":"2022-12-25T11:11:30","slug":"aviso-amarillo-por-lluvias-en-las-islas-canarias-y-polvo-en-suspension-probabilidad-de-taro-en-el-litoral-malagueno","status":"publish","type":"post","link":"https:\/\/blogs.diariosur.es\/tormentas-y-rayos\/2022\/12\/25\/aviso-amarillo-por-lluvias-en-las-islas-canarias-y-polvo-en-suspension-probabilidad-de-taro-en-el-litoral-malagueno\/","title":{"rendered":"Aviso amarillo por lluvias en las Islas Canarias y polvo en suspensi\u00f3n. Probabilidad de tar\u00f3 en el litoral malague\u00f1o."},"content":{"rendered":"<p><a href=\"https:\/\/static-blogs.diariosur.es\/wp-content\/uploads\/sites\/12\/2022\/12\/15003244_10209205767200208_5978289506419899153_o-1.jpg\"><img loading=\"lazy\" class=\"aligncenter size-thumbnail wp-image-35431\" src=\"https:\/\/static-blogs.diariosur.es\/wp-content\/uploads\/sites\/12\/2022\/12\/15003244_10209205767200208_5978289506419899153_o-1-150x150.jpg\" alt=\"\" width=\"150\" height=\"150\" srcset=\"https:\/\/static-blogs.diariosur.es\/wp-content\/uploads\/sites\/12\/2022\/12\/15003244_10209205767200208_5978289506419899153_o-1-150x150.jpg 150w, https:\/\/static-blogs.diariosur.es\/wp-content\/uploads\/sites\/12\/2022\/12\/15003244_10209205767200208_5978289506419899153_o-1-400x400.jpg 400w, https:\/\/static-blogs.diariosur.es\/wp-content\/uploads\/sites\/12\/2022\/12\/15003244_10209205767200208_5978289506419899153_o-1-768x768.jpg 768w, https:\/\/static-blogs.diariosur.es\/wp-content\/uploads\/sites\/12\/2022\/12\/15003244_10209205767200208_5978289506419899153_o-1.jpg 1069w\" sizes=\"(max-width: 150px) 100vw, 150px\" \/><\/a><\/p>\n<p>Muy buenos d\u00edas, amigos de la meteo. Una vaguada se acercar\u00e1 a las Islas Canarias durante esta pr\u00f3xima madrugada, formando una dana en las Islas a partir de ma\u00f1ana.<\/p>\n<p>Os paso el sat\u00e9lite de masas de aire, se ve perfectamente la vaguada y a continuaci\u00f3n el mapa de superficie de la aemet previsto para ma\u00f1ana.<\/p>\n<p>&nbsp;<\/p>\n<p><a href=\"https:\/\/static-blogs.diariosur.es\/wp-content\/uploads\/sites\/12\/2022\/12\/1.jpg\"><img loading=\"lazy\" class=\"aligncenter size-full wp-image-35427\" src=\"https:\/\/static-blogs.diariosur.es\/wp-content\/uploads\/sites\/12\/2022\/12\/1.jpg\" alt=\"\" width=\"900\" height=\"651\" srcset=\"https:\/\/static-blogs.diariosur.es\/wp-content\/uploads\/sites\/12\/2022\/12\/1.jpg 900w, https:\/\/static-blogs.diariosur.es\/wp-content\/uploads\/sites\/12\/2022\/12\/1-553x400.jpg 553w, https:\/\/static-blogs.diariosur.es\/wp-content\/uploads\/sites\/12\/2022\/12\/1-768x556.jpg 768w\" sizes=\"(max-width: 900px) 100vw, 900px\" \/><\/a><\/p>\n<p>&nbsp;<\/p>\n<p><a href=\"https:\/\/static-blogs.diariosur.es\/wp-content\/uploads\/sites\/12\/2022\/12\/2022122412036_ww_g1x0a2c1-e1671956931327.gif\"><img loading=\"lazy\" class=\"aligncenter size-full wp-image-35428\" src=\"https:\/\/static-blogs.diariosur.es\/wp-content\/uploads\/sites\/12\/2022\/12\/2022122412036_ww_g1x0a2c1-e1671956931327.gif\" alt=\"\" width=\"1200\" height=\"840\" \/><\/a><\/p>\n<p>Para ma\u00f1ana lunes se activa el aviso amarillo por lluvias en Tenerife, Hierro, Gomera y la Palma.\u00a0Precipitaci\u00f3n acumulada en una hora: 15 mm.\u00a0 Precipitaci\u00f3n acumulada en 12 horas: 60 mm. en Gomera y Tenerife.<\/p>\n<p>Os paso el mapa de avisos por lluvias.<\/p>\n<p>&nbsp;<\/p>\n<p><a href=\"https:\/\/static-blogs.diariosur.es\/wp-content\/uploads\/sites\/12\/2022\/12\/lluvias-1.png\"><img loading=\"lazy\" class=\"aligncenter size-full wp-image-35429\" src=\"https:\/\/static-blogs.diariosur.es\/wp-content\/uploads\/sites\/12\/2022\/12\/lluvias-1.png\" alt=\"\" width=\"685\" height=\"546\" srcset=\"https:\/\/static-blogs.diariosur.es\/wp-content\/uploads\/sites\/12\/2022\/12\/lluvias-1.png 685w, https:\/\/static-blogs.diariosur.es\/wp-content\/uploads\/sites\/12\/2022\/12\/lluvias-1-502x400.png 502w\" sizes=\"(max-width: 685px) 100vw, 685px\" \/><\/a><\/p>\n<p>&nbsp;<\/p>\n<p>El martes se activa en todas las Islas el aviso amarillo por<strong> polvo en suspensi\u00f3n<\/strong> visibilidad: 3000 m, y por viento, rachas m\u00e1ximas: 80 km\/h.<\/p>\n<p>Mapas de avisos de la aemet.<\/p>\n<p>&nbsp;<\/p>\n<p><a href=\"https:\/\/static-blogs.diariosur.es\/wp-content\/uploads\/sites\/12\/2022\/12\/polvo-y-viento.png\"><img loading=\"lazy\" class=\"aligncenter size-full wp-image-35430\" src=\"https:\/\/static-blogs.diariosur.es\/wp-content\/uploads\/sites\/12\/2022\/12\/polvo-y-viento.png\" alt=\"\" width=\"688\" height=\"544\" srcset=\"https:\/\/static-blogs.diariosur.es\/wp-content\/uploads\/sites\/12\/2022\/12\/polvo-y-viento.png 688w, https:\/\/static-blogs.diariosur.es\/wp-content\/uploads\/sites\/12\/2022\/12\/polvo-y-viento-506x400.png 506w\" sizes=\"(max-width: 688px) 100vw, 688px\" \/><\/a><\/p>\n<p>&nbsp;<\/p>\n<p><strong>Hay probabilidad de tar\u00f3 ma\u00f1ana lunes en el litoral occidental malague\u00f1o, Ceuta y Estrecho. Lo que no tengo muy claro si en la costa malague\u00f1a entrar\u00e1 tierra adentro.<\/strong><\/p>\n<p>En cuanto a las temperaturas m\u00e1ximas, seguir\u00e1n con valores altos para la fecha que estamos. Os paso las temperaturas m\u00e1ximas que prev\u00e9 la aemet en Andaluc\u00eda, Ceuta y Melilla ma\u00f1ana lunes.<\/p>\n<p>&nbsp;<\/p>\n<p><a href=\"https:\/\/static-blogs.diariosur.es\/wp-content\/uploads\/sites\/12\/2022\/12\/Captura-de-pantalla-2022-12-25-120538.png\"><img loading=\"lazy\" class=\"aligncenter size-full wp-image-35433\" src=\"https:\/\/static-blogs.diariosur.es\/wp-content\/uploads\/sites\/12\/2022\/12\/Captura-de-pantalla-2022-12-25-120538.png\" alt=\"\" width=\"697\" height=\"548\" srcset=\"https:\/\/static-blogs.diariosur.es\/wp-content\/uploads\/sites\/12\/2022\/12\/Captura-de-pantalla-2022-12-25-120538.png 697w, https:\/\/static-blogs.diariosur.es\/wp-content\/uploads\/sites\/12\/2022\/12\/Captura-de-pantalla-2022-12-25-120538-509x400.png 509w\" sizes=\"(max-width: 697px) 100vw, 697px\" \/><\/a><\/p>\n<p>&nbsp;<\/p>\n<p>&nbsp;<\/p>\n<p>&nbsp;<\/p>\n","protected":false},"excerpt":{"rendered":"<p>Muy buenos d\u00edas, amigos de la meteo. Una vaguada se acercar\u00e1 a las Islas Canarias durante esta pr\u00f3xima madrugada, formando una dana en las Islas a partir de ma\u00f1ana. Os paso el sat\u00e9lite de masas de aire, se ve perfectamente la vaguada y a continuaci\u00f3n el mapa de superficie de la aemet previsto para ma\u00f1ana. [&hellip;]<\/p>\n","protected":false},"author":16,"featured_media":35434,"comment_status":"open","ping_status":"open","sticky":false,"template":"","format":"standard","meta":[],"categories":[1],"tags":[1797,94,151,209,219,358,789,947,1059],"_links":{"self":[{"href":"https:\/\/blogs.diariosur.es\/tormentas-y-rayos\/wp-json\/wp\/v2\/posts\/35426"}],"collection":[{"href":"https:\/\/blogs.diariosur.es\/tormentas-y-rayos\/wp-json\/wp\/v2\/posts"}],"about":[{"href":"https:\/\/blogs.diariosur.es\/tormentas-y-rayos\/wp-json\/wp\/v2\/types\/post"}],"author":[{"embeddable":true,"href":"https:\/\/blogs.diariosur.es\/tormentas-y-rayos\/wp-json\/wp\/v2\/users\/16"}],"replies":[{"embeddable":true,"href":"https:\/\/blogs.diariosur.es\/tormentas-y-rayos\/wp-json\/wp\/v2\/comments?post=35426"}],"version-history":[{"count":1,"href":"https:\/\/blogs.diariosur.es\/tormentas-y-rayos\/wp-json\/wp\/v2\/posts\/35426\/revisions"}],"predecessor-version":[{"id":35435,"href":"https:\/\/blogs.diariosur.es\/tormentas-y-rayos\/wp-json\/wp\/v2\/posts\/35426\/revisions\/35435"}],"wp:featuredmedia":[{"embeddable":true,"href":"https:\/\/blogs.diariosur.es\/tormentas-y-rayos\/wp-json\/wp\/v2\/media\/35434"}],"wp:attachment":[{"href":"https:\/\/blogs.diariosur.es\/tormentas-y-rayos\/wp-json\/wp\/v2\/media?parent=35426"}],"wp:term":[{"taxonomy":"category","embeddable":true,"href":"https:\/\/blogs.diariosur.es\/tormentas-y-rayos\/wp-json\/wp\/v2\/categories?post=35426"},{"taxonomy":"post_tag","embeddable":true,"href":"https:\/\/blogs.diariosur.es\/tormentas-y-rayos\/wp-json\/wp\/v2\/tags?post=35426"}],"curies":[{"name":"wp","href":"https:\/\/api.w.org\/{rel}","templated":true}]}}