{"id":35469,"date":"2022-12-31T09:59:52","date_gmt":"2022-12-31T08:59:52","guid":{"rendered":"https:\/\/blogs.diariosur.es\/tormentas-y-rayos\/?p=35469"},"modified":"2022-12-31T10:03:25","modified_gmt":"2022-12-31T09:03:25","slug":"ultimo-amanecer-del-2022-probabilidad-de-precipitaciones-en-algunas-provincias-de-andalucia","status":"publish","type":"post","link":"https:\/\/blogs.diariosur.es\/tormentas-y-rayos\/2022\/12\/31\/ultimo-amanecer-del-2022-probabilidad-de-precipitaciones-en-algunas-provincias-de-andalucia\/","title":{"rendered":"\u00daltimo amanecer del 2022. Probabilidad de precipitaciones en algunas provincias de Andaluc\u00eda."},"content":{"rendered":"<p><a href=\"https:\/\/static-blogs.diariosur.es\/wp-content\/uploads\/sites\/12\/2022\/12\/15003244_10209205767200208_5978289506419899153_o-1.jpg\"><img loading=\"lazy\" class=\"aligncenter size-thumbnail wp-image-35431\" src=\"https:\/\/static-blogs.diariosur.es\/wp-content\/uploads\/sites\/12\/2022\/12\/15003244_10209205767200208_5978289506419899153_o-1-150x150.jpg\" alt=\"\" width=\"150\" height=\"150\" srcset=\"https:\/\/static-blogs.diariosur.es\/wp-content\/uploads\/sites\/12\/2022\/12\/15003244_10209205767200208_5978289506419899153_o-1-150x150.jpg 150w, https:\/\/static-blogs.diariosur.es\/wp-content\/uploads\/sites\/12\/2022\/12\/15003244_10209205767200208_5978289506419899153_o-1-400x400.jpg 400w, https:\/\/static-blogs.diariosur.es\/wp-content\/uploads\/sites\/12\/2022\/12\/15003244_10209205767200208_5978289506419899153_o-1-768x768.jpg 768w, https:\/\/static-blogs.diariosur.es\/wp-content\/uploads\/sites\/12\/2022\/12\/15003244_10209205767200208_5978289506419899153_o-1.jpg 1069w\" sizes=\"(max-width: 150px) 100vw, 150px\" \/><\/a><\/p>\n<p>Muy buenos d\u00edas, amigos de la meteo. Cuando son las siete y media de la ma\u00f1ana en M\u00e1laga capital, mi estaci\u00f3n registra 9.2 grados, el viento sopla flojo del norte y la humedad es del 65%. En el Aeropuerto de M\u00e1laga la temperatura m\u00ednima ha sido de 5.3 grados.<\/p>\n<p>El sol sale hay a las 8:30 de la ma\u00f1ana, as\u00ed que, me tomo un caf\u00e9 con churros y tiro para la playa para fotografiar el \u00faltimo amanecer del 2022. Cuando llegue ya estar\u00e1n actualizados los modelos, hablaremos de esas probables precipitaciones y pondr\u00e9 las fotos del amanecer.<\/p>\n<p>Ya de vuelta amigos de la meteo, algunas nubes pero no ha estado mal el amanecer, se ha podido ver el sol sin apenas molestar, debido a un poco de polvo en suspensi\u00f3n. Al final os pondr\u00e9 las fotos.<\/p>\n<h3><span style=\"color: #0000ff;\"><strong> Probabilidad de precipitaciones en algunas provincias de Andaluc\u00eda.<\/strong><\/span><\/h3>\n<p>Ma\u00f1ana domingo, a \u00faltima hora de la noche, llegar\u00e1 a la provincia de Huelva un frente fr\u00edo. Os paso el mapa de superficie de la aemet.<\/p>\n<p><a href=\"https:\/\/static-blogs.diariosur.es\/wp-content\/uploads\/sites\/12\/2022\/12\/1-1-e1672467950644.gif\"><img loading=\"lazy\" class=\"aligncenter size-full wp-image-35470\" src=\"https:\/\/static-blogs.diariosur.es\/wp-content\/uploads\/sites\/12\/2022\/12\/1-1-e1672467950644.gif\" alt=\"\" width=\"1200\" height=\"840\" \/><\/a><\/p>\n<p>Este frente dejar\u00e1 precipitaciones en las provincias de Huelva, Sevilla, C\u00f3rdoba y C\u00e1diz durante la madrugada del lunes y primeras horas de la ma\u00f1ana. A medida que se desplace ir\u00e1 perdiendo fuerza, llegando a las dem\u00e1s zonas con menos precipitaci\u00f3n, sobre todo en Almer\u00eda. Seria un frente en frontolisis, la aemet lo define asi:\u00a0Representa un frente fr\u00edo\/c\u00e1lido que est\u00e1 perdiendo identidad, es decir, se est\u00e1 debilitando. La nubosidad y la precipitaci\u00f3n ser\u00e1n cada vez m\u00e1s fragmentadas. Os paso el mapa de superficie de la aemet del mediod\u00eda del lunes.<\/p>\n<p>&nbsp;<\/p>\n<p><a href=\"https:\/\/static-blogs.diariosur.es\/wp-content\/uploads\/sites\/12\/2022\/12\/2-e1672468499906.gif\"><img loading=\"lazy\" class=\"aligncenter size-full wp-image-35471\" src=\"https:\/\/static-blogs.diariosur.es\/wp-content\/uploads\/sites\/12\/2022\/12\/2-e1672468499906.gif\" alt=\"\" width=\"1200\" height=\"840\" \/><\/a><\/p>\n<p><span style=\"color: #ff0000;\"><b style=\"color: #ff0000;\">En la provincia de M\u00e1laga hay probabilidad de algunos chubascos d\u00e9biles y <\/b><span style=\"color: #ff0000;\"><b>espor\u00e1dicos<\/b><\/span><b style=\"color: #ff0000;\">\u00a0el lunes, siendo m\u00e1s probables por el interior occidental y Comarca de Antequera, nada del otro mundo. No descarto algunas gotas en zonas de costa.\u00a0<\/b><\/span><\/p>\n<p><strong>A vuestra pregunta sobre la previsi\u00f3n del d\u00eda 5 es muy pronto a\u00fan. Lo m\u00e1s seguro es que tengamos viento de levante de moderado a fuerte en la costa y es posible que se escapen algunas gotas por la ma\u00f1ana en algunos puntos de la costa, debido al aire fr\u00edo inestable en altura. Esto lo confirmar\u00e9 mejor el lunes d\u00eda 2.<\/strong><\/p>\n<p>Os paso algunas fotos del \u00faltimo amanecer del 2022. Feliz A\u00f1o Nuevo.<\/p>\n<p>&nbsp;<\/p>\n<p><a href=\"https:\/\/static-blogs.diariosur.es\/wp-content\/uploads\/sites\/12\/2022\/12\/321913720_727409992074414_5070161363244949950_n-e1672474564923.jpg\"><img loading=\"lazy\" class=\"aligncenter size-full wp-image-35472\" src=\"https:\/\/static-blogs.diariosur.es\/wp-content\/uploads\/sites\/12\/2022\/12\/321913720_727409992074414_5070161363244949950_n-e1672474564923.jpg\" alt=\"\" width=\"1200\" height=\"900\" \/><\/a><\/p>\n<p>&nbsp;<\/p>\n<p><a href=\"https:\/\/static-blogs.diariosur.es\/wp-content\/uploads\/sites\/12\/2022\/12\/DSC9780-e1672476750696.jpg\"><img loading=\"lazy\" class=\"aligncenter size-full wp-image-35473\" src=\"https:\/\/static-blogs.diariosur.es\/wp-content\/uploads\/sites\/12\/2022\/12\/DSC9780-e1672476750696.jpg\" alt=\"\" width=\"1200\" height=\"800\" \/><\/a><\/p>\n<p>&nbsp;<\/p>\n<p><a href=\"https:\/\/static-blogs.diariosur.es\/wp-content\/uploads\/sites\/12\/2022\/12\/DSC9796-e1672476784824.jpg\"><img loading=\"lazy\" class=\"aligncenter size-full wp-image-35474\" src=\"https:\/\/static-blogs.diariosur.es\/wp-content\/uploads\/sites\/12\/2022\/12\/DSC9796-e1672476784824.jpg\" alt=\"\" width=\"1200\" height=\"701\" \/><\/a><\/p>\n<p>&nbsp;<\/p>\n<p><a href=\"https:\/\/static-blogs.diariosur.es\/wp-content\/uploads\/sites\/12\/2022\/12\/DSC9802-e1672476837422.jpg\"><img loading=\"lazy\" class=\"aligncenter size-full wp-image-35475\" src=\"https:\/\/static-blogs.diariosur.es\/wp-content\/uploads\/sites\/12\/2022\/12\/DSC9802-e1672476837422.jpg\" alt=\"\" width=\"1200\" height=\"800\" \/><\/a><\/p>\n<p>&nbsp;<\/p>\n<p><a href=\"https:\/\/static-blogs.diariosur.es\/wp-content\/uploads\/sites\/12\/2022\/12\/DSC9804-e1672476866232.jpg\"><img loading=\"lazy\" class=\"aligncenter size-full wp-image-35476\" src=\"https:\/\/static-blogs.diariosur.es\/wp-content\/uploads\/sites\/12\/2022\/12\/DSC9804-e1672476866232.jpg\" alt=\"\" width=\"1200\" height=\"800\" \/><\/a><\/p>\n<p>&nbsp;<\/p>\n<p>&nbsp;<\/p>\n","protected":false},"excerpt":{"rendered":"<p>Muy buenos d\u00edas, amigos de la meteo. Cuando son las siete y media de la ma\u00f1ana en M\u00e1laga capital, mi estaci\u00f3n registra 9.2 grados, el viento sopla flojo del norte y la humedad es del 65%. En el Aeropuerto de M\u00e1laga la temperatura m\u00ednima ha sido de 5.3 grados. El sol sale hay a las [&hellip;]<\/p>\n","protected":false},"author":16,"featured_media":35476,"comment_status":"open","ping_status":"open","sticky":false,"template":"","format":"standard","meta":[],"categories":[1],"tags":[100,109,358,587,710,725,800],"_links":{"self":[{"href":"https:\/\/blogs.diariosur.es\/tormentas-y-rayos\/wp-json\/wp\/v2\/posts\/35469"}],"collection":[{"href":"https:\/\/blogs.diariosur.es\/tormentas-y-rayos\/wp-json\/wp\/v2\/posts"}],"about":[{"href":"https:\/\/blogs.diariosur.es\/tormentas-y-rayos\/wp-json\/wp\/v2\/types\/post"}],"author":[{"embeddable":true,"href":"https:\/\/blogs.diariosur.es\/tormentas-y-rayos\/wp-json\/wp\/v2\/users\/16"}],"replies":[{"embeddable":true,"href":"https:\/\/blogs.diariosur.es\/tormentas-y-rayos\/wp-json\/wp\/v2\/comments?post=35469"}],"version-history":[{"count":3,"href":"https:\/\/blogs.diariosur.es\/tormentas-y-rayos\/wp-json\/wp\/v2\/posts\/35469\/revisions"}],"predecessor-version":[{"id":35479,"href":"https:\/\/blogs.diariosur.es\/tormentas-y-rayos\/wp-json\/wp\/v2\/posts\/35469\/revisions\/35479"}],"wp:featuredmedia":[{"embeddable":true,"href":"https:\/\/blogs.diariosur.es\/tormentas-y-rayos\/wp-json\/wp\/v2\/media\/35476"}],"wp:attachment":[{"href":"https:\/\/blogs.diariosur.es\/tormentas-y-rayos\/wp-json\/wp\/v2\/media?parent=35469"}],"wp:term":[{"taxonomy":"category","embeddable":true,"href":"https:\/\/blogs.diariosur.es\/tormentas-y-rayos\/wp-json\/wp\/v2\/categories?post=35469"},{"taxonomy":"post_tag","embeddable":true,"href":"https:\/\/blogs.diariosur.es\/tormentas-y-rayos\/wp-json\/wp\/v2\/tags?post=35469"}],"curies":[{"name":"wp","href":"https:\/\/api.w.org\/{rel}","templated":true}]}}