{"id":35540,"date":"2023-01-12T08:15:46","date_gmt":"2023-01-12T07:15:46","guid":{"rendered":"https:\/\/blogs.diariosur.es\/tormentas-y-rayos\/?p=35540"},"modified":"2023-01-12T08:15:46","modified_gmt":"2023-01-12T07:15:46","slug":"enero-de-2009-impresionante-nevada-en-la-axarquia-de-malaga-fotos-y-videos-historicos","status":"publish","type":"post","link":"https:\/\/blogs.diariosur.es\/tormentas-y-rayos\/2023\/01\/12\/enero-de-2009-impresionante-nevada-en-la-axarquia-de-malaga-fotos-y-videos-historicos\/","title":{"rendered":"Enero de 2009, impresionante nevada en la Axarqu\u00eda de M\u00e1laga. Fotos y videos hist\u00f3ricos."},"content":{"rendered":"<p><a href=\"https:\/\/static-blogs.diariosur.es\/wp-content\/uploads\/sites\/12\/2022\/12\/15003244_10209205767200208_5978289506419899153_o-1.jpg\"><img loading=\"lazy\" class=\"aligncenter size-thumbnail wp-image-35431\" src=\"https:\/\/static-blogs.diariosur.es\/wp-content\/uploads\/sites\/12\/2022\/12\/15003244_10209205767200208_5978289506419899153_o-1-150x150.jpg\" alt=\"\" width=\"150\" height=\"150\" srcset=\"https:\/\/static-blogs.diariosur.es\/wp-content\/uploads\/sites\/12\/2022\/12\/15003244_10209205767200208_5978289506419899153_o-1-150x150.jpg 150w, https:\/\/static-blogs.diariosur.es\/wp-content\/uploads\/sites\/12\/2022\/12\/15003244_10209205767200208_5978289506419899153_o-1-400x400.jpg 400w, https:\/\/static-blogs.diariosur.es\/wp-content\/uploads\/sites\/12\/2022\/12\/15003244_10209205767200208_5978289506419899153_o-1-768x768.jpg 768w, https:\/\/static-blogs.diariosur.es\/wp-content\/uploads\/sites\/12\/2022\/12\/15003244_10209205767200208_5978289506419899153_o-1.jpg 1069w\" sizes=\"(max-width: 150px) 100vw, 150px\" \/><\/a><\/p>\n<p>Muy buenos d\u00edas, amigos de la meteo. Como la meteorolog\u00eda esta muy aburrida, me gustar\u00eda que recordarais la gran nevada que se produjo por la tarde noche del s\u00e1bado 10 de enero de 2009 en la Axarqu\u00eda malague\u00f1a. Tuve la suerte que el domingo d\u00eda 11 no curraba y muy temprano tire para la zona del Embalse de la Vi\u00f1uela para hacer fotos.<\/p>\n<p>Os cuento que paso.<\/p>\n<p>El s\u00e1bado 10 de enero ten\u00edamos una bolsa de aire muy fr\u00edo en altura muy cerca de la vertical de Andaluc\u00eda. Os paso el mapa de ese d\u00eda a 500 hpa y 850 hpa de temperatura.<\/p>\n<p>&nbsp;<\/p>\n<p><a href=\"https:\/\/static-blogs.diariosur.es\/wp-content\/uploads\/sites\/12\/2023\/01\/archives-2009-1-10-12-0-1.png\"><img loading=\"lazy\" class=\"aligncenter size-full wp-image-35542\" src=\"https:\/\/static-blogs.diariosur.es\/wp-content\/uploads\/sites\/12\/2023\/01\/archives-2009-1-10-12-0-1.png\" alt=\"\" width=\"768\" height=\"512\" srcset=\"https:\/\/static-blogs.diariosur.es\/wp-content\/uploads\/sites\/12\/2023\/01\/archives-2009-1-10-12-0-1.png 768w, https:\/\/static-blogs.diariosur.es\/wp-content\/uploads\/sites\/12\/2023\/01\/archives-2009-1-10-12-0-1-600x400.png 600w\" sizes=\"(max-width: 768px) 100vw, 768px\" \/><\/a><\/p>\n<p>&nbsp;<\/p>\n<p><a href=\"https:\/\/static-blogs.diariosur.es\/wp-content\/uploads\/sites\/12\/2023\/01\/archives-2009-1-10-18-1.png\"><img loading=\"lazy\" class=\"aligncenter size-full wp-image-35543\" src=\"https:\/\/static-blogs.diariosur.es\/wp-content\/uploads\/sites\/12\/2023\/01\/archives-2009-1-10-18-1.png\" alt=\"\" width=\"768\" height=\"512\" srcset=\"https:\/\/static-blogs.diariosur.es\/wp-content\/uploads\/sites\/12\/2023\/01\/archives-2009-1-10-18-1.png 768w, https:\/\/static-blogs.diariosur.es\/wp-content\/uploads\/sites\/12\/2023\/01\/archives-2009-1-10-18-1-600x400.png 600w\" sizes=\"(max-width: 768px) 100vw, 768px\" \/><\/a><\/p>\n<p>&nbsp;<\/p>\n<p>Por la tarde noche cayeron algunas gotas en M\u00e1laga capital, pero recuerdo que el cielo estaba impresionante. De vez en cuando desde mi terraza se ve\u00edan rel\u00e1mpagos hacia el este de la provincia, una tormenta que se desarrollo r\u00e1pidamente empez\u00f3 a afectar a la zona de la Axarqu\u00eda malague\u00f1a. El viento del sur suroeste contribuyo a que se regenerara.<\/p>\n<p>Algunos amigos del Rinc\u00f3n de la Victoria y de V\u00e9lez M\u00e1laga me comentaron que por la autov\u00eda llegando a V\u00e9lez M\u00e1laga ca\u00eda nieve e incluso ca\u00edan copos en el mismo pueblo. Al pronto no me lo cre\u00eda lo que me contaban, pero al d\u00eda siguiente cuando llegue a V\u00e9lez M\u00e1laga era impresionante lo que mis ojos ve\u00edan, entonces me lo cre\u00ed. Los peri\u00f3dicos comentaban esto:\u00a0<b>La nieve alcanzaba casi quince cent\u00edmetros de espesor en pueblos de la Axarqu\u00eda malague\u00f1a como Canillas de Aceituno, Arenas, Sedella, Sayalonga, Canillas de Albaida o Archez.<\/b><\/p>\n<p>La nieve cuajo a partir de 400 metros, pero a los 100 metros se ve\u00edan copos<\/p>\n<p>Curiosamente ese a\u00f1o tambi\u00e9n padec\u00edamos una gran sequia, el Embalse de la Vi\u00f1uela estaba en su m\u00ednimo hist\u00f3rico, como podr\u00e9is comprobar en las fotos que os pongo a continuaci\u00f3n.<\/p>\n<p>Os dejo con las fotos que hablan por si solas y un video de Axarqu\u00eda 24 televisi\u00f3n y otro de mi amigo Jose A. L\u00f3pez Medina desde Chilches.<\/p>\n<p>&nbsp;<\/p>\n<p><iframe loading=\"lazy\" title=\"YouTube video player\" src=\"https:\/\/www.youtube.com\/embed\/u-kUTkxzFu8\" width=\"560\" height=\"315\" frameborder=\"0\" allowfullscreen=\"allowfullscreen\"><\/iframe><\/p>\n<p><iframe loading=\"lazy\" title=\"YouTube video player\" src=\"https:\/\/www.youtube.com\/embed\/DQ1J9QeXr6g\" width=\"560\" height=\"315\" frameborder=\"0\" allowfullscreen=\"allowfullscreen\"><\/iframe><\/p>\n<p>&nbsp;<\/p>\n<p>&nbsp;<\/p>\n<p><a href=\"https:\/\/static-blogs.diariosur.es\/wp-content\/uploads\/sites\/12\/2023\/01\/NEVADA-EN-LA-AXARQUIA-7-e1673505734110.jpg\"><img loading=\"lazy\" class=\"aligncenter size-full wp-image-35544\" src=\"https:\/\/static-blogs.diariosur.es\/wp-content\/uploads\/sites\/12\/2023\/01\/NEVADA-EN-LA-AXARQUIA-7-e1673505734110.jpg\" alt=\"\" width=\"1200\" height=\"900\" \/><\/a><\/p>\n<p>&nbsp;<\/p>\n<p><a href=\"https:\/\/static-blogs.diariosur.es\/wp-content\/uploads\/sites\/12\/2023\/01\/NEVADA-EN-LA-AXARQUIA-11.jpg\"><img loading=\"lazy\" class=\"aligncenter size-full wp-image-35545\" src=\"https:\/\/static-blogs.diariosur.es\/wp-content\/uploads\/sites\/12\/2023\/01\/NEVADA-EN-LA-AXARQUIA-11.jpg\" alt=\"\" width=\"1024\" height=\"768\" srcset=\"https:\/\/static-blogs.diariosur.es\/wp-content\/uploads\/sites\/12\/2023\/01\/NEVADA-EN-LA-AXARQUIA-11.jpg 1024w, https:\/\/static-blogs.diariosur.es\/wp-content\/uploads\/sites\/12\/2023\/01\/NEVADA-EN-LA-AXARQUIA-11-533x400.jpg 533w, https:\/\/static-blogs.diariosur.es\/wp-content\/uploads\/sites\/12\/2023\/01\/NEVADA-EN-LA-AXARQUIA-11-768x576.jpg 768w\" sizes=\"(max-width: 1024px) 100vw, 1024px\" \/><\/a><\/p>\n<p>&nbsp;<\/p>\n<p><a href=\"https:\/\/static-blogs.diariosur.es\/wp-content\/uploads\/sites\/12\/2023\/01\/NEVADA-EN-LA-AXARQUIA-51-e1673505905738.jpg\"><img loading=\"lazy\" class=\"aligncenter size-full wp-image-35546\" src=\"https:\/\/static-blogs.diariosur.es\/wp-content\/uploads\/sites\/12\/2023\/01\/NEVADA-EN-LA-AXARQUIA-51-e1673505905738.jpg\" alt=\"\" width=\"1200\" height=\"900\" \/><\/a><\/p>\n<p>&nbsp;<\/p>\n<p><a href=\"https:\/\/static-blogs.diariosur.es\/wp-content\/uploads\/sites\/12\/2023\/01\/NEVADA-EN-LA-AXARQUIA-52-e1673506006436.jpg\"><img loading=\"lazy\" class=\"aligncenter size-full wp-image-35547\" src=\"https:\/\/static-blogs.diariosur.es\/wp-content\/uploads\/sites\/12\/2023\/01\/NEVADA-EN-LA-AXARQUIA-52-e1673506006436.jpg\" alt=\"\" width=\"1200\" height=\"900\" \/><\/a><\/p>\n<p>&nbsp;<\/p>\n<p><a href=\"https:\/\/static-blogs.diariosur.es\/wp-content\/uploads\/sites\/12\/2023\/01\/NEVADA-EN-LA-AXARQUIA-55-e1673506092502.jpg\"><img loading=\"lazy\" class=\"aligncenter size-full wp-image-35548\" src=\"https:\/\/static-blogs.diariosur.es\/wp-content\/uploads\/sites\/12\/2023\/01\/NEVADA-EN-LA-AXARQUIA-55-e1673506092502.jpg\" alt=\"\" width=\"1200\" height=\"900\" \/><\/a><\/p>\n<p>&nbsp;<\/p>\n<p><a href=\"https:\/\/static-blogs.diariosur.es\/wp-content\/uploads\/sites\/12\/2023\/01\/NEVADA-EN-LA-AXARQUIA-12-e1673506178987.jpg\"><img loading=\"lazy\" class=\"aligncenter size-full wp-image-35549\" src=\"https:\/\/static-blogs.diariosur.es\/wp-content\/uploads\/sites\/12\/2023\/01\/NEVADA-EN-LA-AXARQUIA-12-e1673506178987.jpg\" alt=\"\" width=\"1200\" height=\"900\" \/><\/a><\/p>\n<p>&nbsp;<\/p>\n<p><a href=\"https:\/\/static-blogs.diariosur.es\/wp-content\/uploads\/sites\/12\/2023\/01\/NEVADA-EN-LA-AXARQUIA-15-e1673506268621.jpg\"><img loading=\"lazy\" class=\"aligncenter size-full wp-image-35550\" src=\"https:\/\/static-blogs.diariosur.es\/wp-content\/uploads\/sites\/12\/2023\/01\/NEVADA-EN-LA-AXARQUIA-15-e1673506268621.jpg\" alt=\"\" width=\"1200\" height=\"900\" \/><\/a><\/p>\n<p>&nbsp;<\/p>\n<p><a href=\"https:\/\/static-blogs.diariosur.es\/wp-content\/uploads\/sites\/12\/2023\/01\/NEVADA-EN-LA-AXARQUIA-20-e1673506310245.jpg\"><img loading=\"lazy\" class=\"aligncenter size-full wp-image-35551\" src=\"https:\/\/static-blogs.diariosur.es\/wp-content\/uploads\/sites\/12\/2023\/01\/NEVADA-EN-LA-AXARQUIA-20-e1673506310245.jpg\" alt=\"\" width=\"1200\" height=\"900\" \/><\/a><\/p>\n<p>&nbsp;<\/p>\n<p><a href=\"https:\/\/static-blogs.diariosur.es\/wp-content\/uploads\/sites\/12\/2023\/01\/NEVADA-EN-LA-AXARQUIA-22-e1673506398104.jpg\"><img loading=\"lazy\" class=\"aligncenter size-full wp-image-35552\" src=\"https:\/\/static-blogs.diariosur.es\/wp-content\/uploads\/sites\/12\/2023\/01\/NEVADA-EN-LA-AXARQUIA-22-e1673506398104.jpg\" alt=\"\" width=\"1200\" height=\"900\" \/><\/a><\/p>\n<p>&nbsp;<\/p>\n<p><a href=\"https:\/\/static-blogs.diariosur.es\/wp-content\/uploads\/sites\/12\/2023\/01\/NEVADA-EN-LA-AXARQUIA-26-e1673506482851.jpg\"><img loading=\"lazy\" class=\"aligncenter size-full wp-image-35553\" src=\"https:\/\/static-blogs.diariosur.es\/wp-content\/uploads\/sites\/12\/2023\/01\/NEVADA-EN-LA-AXARQUIA-26-e1673506482851.jpg\" alt=\"\" width=\"1200\" height=\"900\" \/><\/a><\/p>\n<p>&nbsp;<\/p>\n<p><a href=\"https:\/\/static-blogs.diariosur.es\/wp-content\/uploads\/sites\/12\/2023\/01\/NEVADA-EN-LA-AXARQUIA-29-e1673506528135.jpg\"><img loading=\"lazy\" class=\"aligncenter size-full wp-image-35554\" src=\"https:\/\/static-blogs.diariosur.es\/wp-content\/uploads\/sites\/12\/2023\/01\/NEVADA-EN-LA-AXARQUIA-29-e1673506528135.jpg\" alt=\"\" width=\"1200\" height=\"900\" \/><\/a><\/p>\n<p>&nbsp;<\/p>\n<p>&nbsp;<\/p>\n<p>&nbsp;<\/p>\n","protected":false},"excerpt":{"rendered":"<p>Muy buenos d\u00edas, amigos de la meteo. Como la meteorolog\u00eda esta muy aburrida, me gustar\u00eda que recordarais la gran nevada que se produjo por la tarde noche del s\u00e1bado 10 de enero de 2009 en la Axarqu\u00eda malague\u00f1a. Tuve la suerte que el domingo d\u00eda 11 no curraba y muy temprano tire para la zona [&hellip;]<\/p>\n","protected":false},"author":16,"featured_media":35544,"comment_status":"open","ping_status":"open","sticky":false,"template":"","format":"standard","meta":[],"categories":[1],"tags":[1669,109,155,366,587,689,1048],"_links":{"self":[{"href":"https:\/\/blogs.diariosur.es\/tormentas-y-rayos\/wp-json\/wp\/v2\/posts\/35540"}],"collection":[{"href":"https:\/\/blogs.diariosur.es\/tormentas-y-rayos\/wp-json\/wp\/v2\/posts"}],"about":[{"href":"https:\/\/blogs.diariosur.es\/tormentas-y-rayos\/wp-json\/wp\/v2\/types\/post"}],"author":[{"embeddable":true,"href":"https:\/\/blogs.diariosur.es\/tormentas-y-rayos\/wp-json\/wp\/v2\/users\/16"}],"replies":[{"embeddable":true,"href":"https:\/\/blogs.diariosur.es\/tormentas-y-rayos\/wp-json\/wp\/v2\/comments?post=35540"}],"version-history":[{"count":1,"href":"https:\/\/blogs.diariosur.es\/tormentas-y-rayos\/wp-json\/wp\/v2\/posts\/35540\/revisions"}],"predecessor-version":[{"id":35555,"href":"https:\/\/blogs.diariosur.es\/tormentas-y-rayos\/wp-json\/wp\/v2\/posts\/35540\/revisions\/35555"}],"wp:featuredmedia":[{"embeddable":true,"href":"https:\/\/blogs.diariosur.es\/tormentas-y-rayos\/wp-json\/wp\/v2\/media\/35544"}],"wp:attachment":[{"href":"https:\/\/blogs.diariosur.es\/tormentas-y-rayos\/wp-json\/wp\/v2\/media?parent=35540"}],"wp:term":[{"taxonomy":"category","embeddable":true,"href":"https:\/\/blogs.diariosur.es\/tormentas-y-rayos\/wp-json\/wp\/v2\/categories?post=35540"},{"taxonomy":"post_tag","embeddable":true,"href":"https:\/\/blogs.diariosur.es\/tormentas-y-rayos\/wp-json\/wp\/v2\/tags?post=35540"}],"curies":[{"name":"wp","href":"https:\/\/api.w.org\/{rel}","templated":true}]}}