{"id":35683,"date":"2023-01-23T08:52:00","date_gmt":"2023-01-23T07:52:00","guid":{"rendered":"https:\/\/blogs.diariosur.es\/tormentas-y-rayos\/?p=35683"},"modified":"2023-01-25T07:21:54","modified_gmt":"2023-01-25T06:21:54","slug":"el-tiempo-en-malaga-probabilidad-de-alguna-sorpresa-manana-martes-en-forma-de","status":"publish","type":"post","link":"https:\/\/blogs.diariosur.es\/tormentas-y-rayos\/2023\/01\/23\/el-tiempo-en-malaga-probabilidad-de-alguna-sorpresa-manana-martes-en-forma-de\/","title":{"rendered":"El tiempo en M\u00e1laga. Probabilidad de alguna sorpresa ma\u00f1ana martes en forma de&#8230;&#8230;"},"content":{"rendered":"<p><a href=\"https:\/\/static-blogs.diariosur.es\/wp-content\/uploads\/sites\/12\/2022\/12\/15003244_10209205767200208_5978289506419899153_o.jpg\"><img loading=\"lazy\" class=\"aligncenter size-thumbnail wp-image-35408\" src=\"https:\/\/static-blogs.diariosur.es\/wp-content\/uploads\/sites\/12\/2022\/12\/15003244_10209205767200208_5978289506419899153_o-150x150.jpg\" alt=\"\" width=\"150\" height=\"150\" srcset=\"https:\/\/static-blogs.diariosur.es\/wp-content\/uploads\/sites\/12\/2022\/12\/15003244_10209205767200208_5978289506419899153_o-150x150.jpg 150w, https:\/\/static-blogs.diariosur.es\/wp-content\/uploads\/sites\/12\/2022\/12\/15003244_10209205767200208_5978289506419899153_o-400x400.jpg 400w, https:\/\/static-blogs.diariosur.es\/wp-content\/uploads\/sites\/12\/2022\/12\/15003244_10209205767200208_5978289506419899153_o-768x768.jpg 768w, https:\/\/static-blogs.diariosur.es\/wp-content\/uploads\/sites\/12\/2022\/12\/15003244_10209205767200208_5978289506419899153_o.jpg 1069w\" sizes=\"(max-width: 150px) 100vw, 150px\" \/><\/a><\/p>\n<p>Muy buenos d\u00edas, amigos de la meteo. Cuando son las ocho de la ma\u00f1ana en M\u00e1laga capital mi estaci\u00f3n registra 9 grados, pero debido al viento la sensaci\u00f3n t\u00e9rmica es de 4. El Aeropuerto ha dado una m\u00ednima de 7.4 grados y el Centro Meteorol\u00f3gico 5.1.\u00a0En la provincia de M\u00e1laga destacar Archidona Huertas del Rio con -4.7 grados bajo cero, Fuente Piedra -o.3 grados bajo cero, Antequera con -0.5 grados bajo cero. Un apunte: En las zonas donde ha hecho viento no han bajado tanto las temperaturas m\u00ednimas.<\/p>\n<p>En nuestra comunidad andaluza se han dado estas m\u00ednimas destacables. Fuente aemet, meteoclimatic<\/p>\n<p><strong>SIERRA NEVADA RADIOTELESCIPIO -10.2 grados bajo cero<\/strong><\/p>\n<p><strong>\u00c1NDUJAR\u00a0 -4 grados bajo cero\u00a0<\/strong><\/p>\n<p><strong>L\u00c1UJAR DE ANDARAX\u00a0 -3.7 grados bajo cero<\/strong><\/p>\n<p><strong>GRANADA AEROPUERTO -3.7 grados bajo cero<\/strong><\/p>\n<p><strong>C\u00d3RDOBA AEROPUERO -2.9 grados bajo cero<\/strong><\/p>\n<p><strong>HINOJOSA DEL DUQUE\u00a0 -3.1 grados bajo cero\u00a0<\/strong><\/p>\n<p><strong>ALMONTE -0.8 grados bajo cero<\/strong><\/p>\n<p><strong>LA RODA DE ANDALUC\u00cdA -4 grados bajo cero<\/strong><\/p>\n<p><strong>MONTEFR\u00cdO -6.6 grados bajo cero<\/strong><\/p>\n<p><strong>ALCALA LA REAL -3 grados bajo cero<\/strong><\/p>\n<p><strong>LOJA -1.6 grados bajo cero<\/strong><\/p>\n<p><strong>EL VISO-LA VILLETA -6.4 grados bajo cero<\/strong><\/p>\n<p><strong>ALAMER\u00cdA AEROPUERTO\u00a0 4.9 grados grados<\/strong><\/p>\n<p><strong>SEVILLA AEROPUERTO\u00a0 1.3 grados<\/strong><\/p>\n<p><strong>JA\u00c9N\u00a0 2 grados<\/strong><\/p>\n<p><strong>C\u00c1DIZ\u00a0 7.7 grados<\/strong><\/p>\n<p><strong>HUELVA 1.3 grados<\/strong><\/p>\n<h3><span style=\"color: #0000ff;\"><strong>\u00a0Probabilidad de alguna sorpresa ma\u00f1ana martes.<\/strong><\/span><\/h3>\n<p>Antes de nada comentaros que hablo de probabilidad de que pueda pasar lo que ahora os comento, o lo mismo no pasa.<\/p>\n<p>La borrasca Hannoler\u00a0 traer\u00e1 consigo una l\u00ednea de inestabilidad al Mar de Albor\u00e1n, la aemet define asi.\u00a0L\u00ednea de inestabilidad en aire frio\/c\u00e1lido sin organizar: Zonas, en el seno de una masa de airefr\u00edo\/c\u00e1lido, en las que se identifica actividad convectiva significativa (desarrollos nubosos, chubascos, tormentas,)<\/p>\n<p>En este mapa de superficie de la aemet la pod\u00e9is ver.<\/p>\n<p>&nbsp;<\/p>\n<p><a href=\"https:\/\/static-blogs.diariosur.es\/wp-content\/uploads\/sites\/12\/2023\/01\/martessss-e1674459008651.gif\"><img loading=\"lazy\" class=\"aligncenter size-full wp-image-35684\" src=\"https:\/\/static-blogs.diariosur.es\/wp-content\/uploads\/sites\/12\/2023\/01\/martessss-e1674459008651.gif\" alt=\"\" width=\"1200\" height=\"840\" \/><\/a><\/p>\n<p>Ayer os comentaba que\u00a0 ser\u00eda la zona del Mar de Albor\u00e1n donde m\u00e1s llover\u00eda, as\u00ed como tambi\u00e9n en la costa de \u00c1frica. Algunos modelos hoy lunes dan algunos chubascos d\u00e9biles en la costa de M\u00e1laga para ma\u00f1ana martes, si se dan, nevar\u00eda a partir de 700 o 800 metros en las monta\u00f1as cercanas al mar y con probabilidad de tormentas acompa\u00f1adas de granizo. Destacar tambi\u00e9n que la pr\u00f3xima madrugada del martes y a \u00faltima hora de la noche podr\u00edamos ver rel\u00e1mpagos frente a la costa de M\u00e1laga.<\/p>\n<p>Os vuelvo a repetir, es una probabilidad.<\/p>\n<p>Os dejo hasta ma\u00f1ana con esta foto de archivo de mi amigo Crist\u00f3bal Gambero en Mijas Pueblo.<\/p>\n<p>&nbsp;<\/p>\n<p><a href=\"https:\/\/static-blogs.diariosur.es\/wp-content\/uploads\/sites\/12\/2023\/01\/327098993_695824172177113_3018062470000602719_n-e1674460284960.jpg\"><img loading=\"lazy\" class=\"aligncenter size-full wp-image-35685\" src=\"https:\/\/static-blogs.diariosur.es\/wp-content\/uploads\/sites\/12\/2023\/01\/327098993_695824172177113_3018062470000602719_n-e1674460284960.jpg\" alt=\"\" width=\"1200\" height=\"900\" \/><\/a><\/p>\n<p>&nbsp;<\/p>\n","protected":false},"excerpt":{"rendered":"<p>Muy buenos d\u00edas, amigos de la meteo. Cuando son las ocho de la ma\u00f1ana en M\u00e1laga capital mi estaci\u00f3n registra 9 grados, pero debido al viento la sensaci\u00f3n t\u00e9rmica es de 4. El Aeropuerto ha dado una m\u00ednima de 7.4 grados y el Centro Meteorol\u00f3gico 5.1.\u00a0En la provincia de M\u00e1laga destacar Archidona Huertas del Rio [&hellip;]<\/p>\n","protected":false},"author":16,"featured_media":35685,"comment_status":"open","ping_status":"open","sticky":false,"template":"","format":"standard","meta":[],"categories":[2],"tags":[151,188,358,432,1811,690,1059],"_links":{"self":[{"href":"https:\/\/blogs.diariosur.es\/tormentas-y-rayos\/wp-json\/wp\/v2\/posts\/35683"}],"collection":[{"href":"https:\/\/blogs.diariosur.es\/tormentas-y-rayos\/wp-json\/wp\/v2\/posts"}],"about":[{"href":"https:\/\/blogs.diariosur.es\/tormentas-y-rayos\/wp-json\/wp\/v2\/types\/post"}],"author":[{"embeddable":true,"href":"https:\/\/blogs.diariosur.es\/tormentas-y-rayos\/wp-json\/wp\/v2\/users\/16"}],"replies":[{"embeddable":true,"href":"https:\/\/blogs.diariosur.es\/tormentas-y-rayos\/wp-json\/wp\/v2\/comments?post=35683"}],"version-history":[{"count":4,"href":"https:\/\/blogs.diariosur.es\/tormentas-y-rayos\/wp-json\/wp\/v2\/posts\/35683\/revisions"}],"predecessor-version":[{"id":35703,"href":"https:\/\/blogs.diariosur.es\/tormentas-y-rayos\/wp-json\/wp\/v2\/posts\/35683\/revisions\/35703"}],"wp:featuredmedia":[{"embeddable":true,"href":"https:\/\/blogs.diariosur.es\/tormentas-y-rayos\/wp-json\/wp\/v2\/media\/35685"}],"wp:attachment":[{"href":"https:\/\/blogs.diariosur.es\/tormentas-y-rayos\/wp-json\/wp\/v2\/media?parent=35683"}],"wp:term":[{"taxonomy":"category","embeddable":true,"href":"https:\/\/blogs.diariosur.es\/tormentas-y-rayos\/wp-json\/wp\/v2\/categories?post=35683"},{"taxonomy":"post_tag","embeddable":true,"href":"https:\/\/blogs.diariosur.es\/tormentas-y-rayos\/wp-json\/wp\/v2\/tags?post=35683"}],"curies":[{"name":"wp","href":"https:\/\/api.w.org\/{rel}","templated":true}]}}