{"id":35687,"date":"2023-01-24T08:30:31","date_gmt":"2023-01-24T07:30:31","guid":{"rendered":"https:\/\/blogs.diariosur.es\/tormentas-y-rayos\/?p=35687"},"modified":"2023-01-25T09:02:24","modified_gmt":"2023-01-25T08:02:24","slug":"el-tiempo-en-malaga-andalucia-aviso-amarillo-por-temperaturas-minimas-fotos-albergue-de-san-francisco-en-sierra-nevada","status":"publish","type":"post","link":"https:\/\/blogs.diariosur.es\/tormentas-y-rayos\/2023\/01\/24\/el-tiempo-en-malaga-andalucia-aviso-amarillo-por-temperaturas-minimas-fotos-albergue-de-san-francisco-en-sierra-nevada\/","title":{"rendered":"El tiempo en M\u00e1laga, Andaluc\u00eda. Aviso amarillo por temperaturas m\u00ednimas. Fotos Albergue de San Francisco en Sierra Nevada"},"content":{"rendered":"<p><a href=\"https:\/\/static-blogs.diariosur.es\/wp-content\/uploads\/sites\/12\/2022\/10\/71718477_10217590951264569_620088742333382656_n.jpg\"><img loading=\"lazy\" class=\"aligncenter size-thumbnail wp-image-34662\" src=\"https:\/\/static-blogs.diariosur.es\/wp-content\/uploads\/sites\/12\/2022\/10\/71718477_10217590951264569_620088742333382656_n-150x150.jpg\" alt=\"\" width=\"150\" height=\"150\" \/><\/a><\/p>\n<p>Muy buenos d\u00edas muy fr\u00edos, amigos de la meteo. Cuando he llegado a la playa a las cinco de la ma\u00f1ana ya no hab\u00eda rel\u00e1mpagos, he estado en la zona de guadalmar y he pasado tela de fr\u00edo. El term\u00f3metro del coche me marcaba 5 grados, pero con el viento h\u00famedo de levante, la sensaci\u00f3n era de 0 grados. Me comentan amigos que han ca\u00eddo chubascos por Benalm\u00e1dena y Marbella. En Benalm\u00e1dena han ca\u00eddo 2.2 litros y en Fuengirola 2.9 litros. Si la precipitaci\u00f3n ha llegado a las sierras de estas zonas, habr\u00e1 sido de nieve a partir de 600 metros. A\u00fan podemos tener sorpresas esta tarde.<\/p>\n<p>Os paso el mapa de rayos de la aemet.<\/p>\n<p>&nbsp;<\/p>\n<p><a href=\"https:\/\/static-blogs.diariosur.es\/wp-content\/uploads\/sites\/12\/2023\/01\/202301240400_r79g.gif\"><img loading=\"lazy\" class=\"aligncenter size-full wp-image-35688\" src=\"https:\/\/static-blogs.diariosur.es\/wp-content\/uploads\/sites\/12\/2023\/01\/202301240400_r79g.gif\" alt=\"\" width=\"500\" height=\"500\" \/><\/a><\/p>\n<p>&nbsp;<\/p>\n<p>La aemet activa el aviso amarillo por temperaturas m\u00ednimas de menos<strong> -4 \u00baC<\/strong>\u00a0 hoy martes y ma\u00f1ana mi\u00e9rcoles en estas zonas de Andaluc\u00eda:\u00a0<span class=\"la-zona-zona\" data-zona-id=\"612901\">Antequera<\/span>&#8211;<span class=\"la-zona-provincia\" data-zona-id=\"6129\">M\u00e1laga,\u00a0<span class=\"la-zona-zona\" data-zona-id=\"611802\">Guadix y Baza<\/span>-Granada,\u00a0<span class=\"la-zona-zona\" data-zona-id=\"611801\">Cuenca del Genil<\/span>-Granada,\u00a0<span class=\"la-zona-zona\" data-zona-id=\"611402\">Campi\u00f1a cordobesa<\/span>-C\u00f3rdoba,\u00a0<span class=\"la-zona-zona\" data-zona-id=\"611401\">Sierra y Pedroches<\/span>-C\u00f3rdoba.<\/span><\/p>\n<p>M\u00e1laga Aeropuerto ha registrado la m\u00ednima m\u00e1s baja desde que comenz\u00f3 el invierno con 4.7 grados. En muchos puntos de la Comarca de Ronda y Antequera las temperaturas m\u00ednimas han estado bajo cero. Mi estaci\u00f3n en Ortega y Gasset tambi\u00e9n ha registrado la m\u00ednima m\u00e1s baja del invierno con 5.8 grados.<\/p>\n<p>Os paso el mapa de avisos de la aemet.<\/p>\n<p>&nbsp;<\/p>\n<p><a href=\"https:\/\/static-blogs.diariosur.es\/wp-content\/uploads\/sites\/12\/2023\/01\/Captura-de-pantalla-2023-01-24-061220.png\"><img loading=\"lazy\" class=\"aligncenter size-full wp-image-35689\" src=\"https:\/\/static-blogs.diariosur.es\/wp-content\/uploads\/sites\/12\/2023\/01\/Captura-de-pantalla-2023-01-24-061220.png\" alt=\"\" width=\"687\" height=\"553\" srcset=\"https:\/\/static-blogs.diariosur.es\/wp-content\/uploads\/sites\/12\/2023\/01\/Captura-de-pantalla-2023-01-24-061220.png 687w, https:\/\/static-blogs.diariosur.es\/wp-content\/uploads\/sites\/12\/2023\/01\/Captura-de-pantalla-2023-01-24-061220-497x400.png 497w\" sizes=\"(max-width: 687px) 100vw, 687px\" \/><\/a><\/p>\n<h3><\/h3>\n<h3><span style=\"color: #0000ff;\"><span style=\"color: #0000ff;\">Albergue De San Francisco en Sierra Nevada, fotos de mi amigo Jes\u00fas\u00a0Gim\u00e9nez<\/span><\/span><\/h3>\n<p>Donde si que hace fr\u00edo es en esta zona de Sierra Nevada, hace un par de d\u00edas estuvo all\u00ed Jes\u00fas en compa\u00f1\u00eda de sus amigos. Os paso un video y unas fotos. Hoy est\u00e1n a menos catorce grados bajo cero.<\/p>\n<p>&nbsp;<\/p>\n<p><iframe loading=\"lazy\" title=\"YouTube video player\" src=\"https:\/\/www.youtube.com\/embed\/yqSuNCF0ACQ\" width=\"560\" height=\"315\" frameborder=\"0\" allowfullscreen=\"allowfullscreen\"><\/iframe><\/p>\n<p>&nbsp;<\/p>\n<p><a href=\"https:\/\/static-blogs.diariosur.es\/wp-content\/uploads\/sites\/12\/2023\/01\/326238824_856704365553290_141126799778717002_n-e1674538495233.jpg\"><img loading=\"lazy\" class=\"aligncenter size-full wp-image-35690\" src=\"https:\/\/static-blogs.diariosur.es\/wp-content\/uploads\/sites\/12\/2023\/01\/326238824_856704365553290_141126799778717002_n-e1674538495233.jpg\" alt=\"\" width=\"900\" height=\"405\" \/><\/a><\/p>\n<p>&nbsp;<\/p>\n<p><a href=\"https:\/\/static-blogs.diariosur.es\/wp-content\/uploads\/sites\/12\/2023\/01\/326391346_746867296489999_7795326895886854699_n-e1674538582893.jpg\"><img loading=\"lazy\" class=\"aligncenter size-full wp-image-35691\" src=\"https:\/\/static-blogs.diariosur.es\/wp-content\/uploads\/sites\/12\/2023\/01\/326391346_746867296489999_7795326895886854699_n-e1674538582893.jpg\" alt=\"\" width=\"900\" height=\"405\" \/><\/a><\/p>\n<p>&nbsp;<\/p>\n<p><a href=\"https:\/\/static-blogs.diariosur.es\/wp-content\/uploads\/sites\/12\/2023\/01\/326413594_3048639912095863_7783468940721421381_n-e1674538618947.jpg\"><img loading=\"lazy\" class=\"aligncenter size-full wp-image-35692\" src=\"https:\/\/static-blogs.diariosur.es\/wp-content\/uploads\/sites\/12\/2023\/01\/326413594_3048639912095863_7783468940721421381_n-e1674538618947.jpg\" alt=\"\" width=\"900\" height=\"405\" \/><\/a><\/p>\n<p>&nbsp;<\/p>\n<p><a href=\"https:\/\/static-blogs.diariosur.es\/wp-content\/uploads\/sites\/12\/2023\/01\/326450924_708332157335544_4244245159547984814_n-e1674538644354.jpg\"><img loading=\"lazy\" class=\"aligncenter size-full wp-image-35693\" src=\"https:\/\/static-blogs.diariosur.es\/wp-content\/uploads\/sites\/12\/2023\/01\/326450924_708332157335544_4244245159547984814_n-e1674538644354.jpg\" alt=\"\" width=\"900\" height=\"405\" \/><\/a><\/p>\n<p>&nbsp;<\/p>\n<p><a href=\"https:\/\/static-blogs.diariosur.es\/wp-content\/uploads\/sites\/12\/2023\/01\/326469439_585385066743541_8239756018128896043_n-e1674538674155.jpg\"><img loading=\"lazy\" class=\"aligncenter size-full wp-image-35694\" src=\"https:\/\/static-blogs.diariosur.es\/wp-content\/uploads\/sites\/12\/2023\/01\/326469439_585385066743541_8239756018128896043_n-e1674538674155.jpg\" alt=\"\" width=\"900\" height=\"405\" \/><\/a><\/p>\n<p>&nbsp;<\/p>\n<p><a href=\"https:\/\/static-blogs.diariosur.es\/wp-content\/uploads\/sites\/12\/2023\/01\/326480286_1636805090067937_2865718330435475402_n-e1674538709701.jpg\"><img loading=\"lazy\" class=\"aligncenter size-full wp-image-35695\" src=\"https:\/\/static-blogs.diariosur.es\/wp-content\/uploads\/sites\/12\/2023\/01\/326480286_1636805090067937_2865718330435475402_n-e1674538709701.jpg\" alt=\"\" width=\"900\" height=\"405\" \/><\/a><\/p>\n<p>&nbsp;<\/p>\n<p><a href=\"https:\/\/static-blogs.diariosur.es\/wp-content\/uploads\/sites\/12\/2023\/01\/326505259_719676179694193_785023961382888307_n-e1674538799645.jpg\"><img loading=\"lazy\" class=\"aligncenter size-full wp-image-35696\" src=\"https:\/\/static-blogs.diariosur.es\/wp-content\/uploads\/sites\/12\/2023\/01\/326505259_719676179694193_785023961382888307_n-e1674538799645.jpg\" alt=\"\" width=\"600\" height=\"1333\" \/><\/a><\/p>\n<p>&nbsp;<\/p>\n<p><a href=\"https:\/\/static-blogs.diariosur.es\/wp-content\/uploads\/sites\/12\/2023\/01\/326456607_3460887077503374_659692941380957362_n-e1674538833338.jpg\"><img loading=\"lazy\" class=\"aligncenter size-full wp-image-35697\" src=\"https:\/\/static-blogs.diariosur.es\/wp-content\/uploads\/sites\/12\/2023\/01\/326456607_3460887077503374_659692941380957362_n-e1674538833338.jpg\" alt=\"\" width=\"1200\" height=\"540\" \/><\/a><\/p>\n","protected":false},"excerpt":{"rendered":"<p>Muy buenos d\u00edas muy fr\u00edos, amigos de la meteo. Cuando he llegado a la playa a las cinco de la ma\u00f1ana ya no hab\u00eda rel\u00e1mpagos, he estado en la zona de guadalmar y he pasado tela de fr\u00edo. El term\u00f3metro del coche me marcaba 5 grados, pero con el viento h\u00famedo de levante, la sensaci\u00f3n [&hellip;]<\/p>\n","protected":false},"author":16,"featured_media":35694,"comment_status":"open","ping_status":"open","sticky":false,"template":"","format":"standard","meta":[],"categories":[2],"tags":[1812,94,100,151,358,432,587,659,689,1499,913,961],"_links":{"self":[{"href":"https:\/\/blogs.diariosur.es\/tormentas-y-rayos\/wp-json\/wp\/v2\/posts\/35687"}],"collection":[{"href":"https:\/\/blogs.diariosur.es\/tormentas-y-rayos\/wp-json\/wp\/v2\/posts"}],"about":[{"href":"https:\/\/blogs.diariosur.es\/tormentas-y-rayos\/wp-json\/wp\/v2\/types\/post"}],"author":[{"embeddable":true,"href":"https:\/\/blogs.diariosur.es\/tormentas-y-rayos\/wp-json\/wp\/v2\/users\/16"}],"replies":[{"embeddable":true,"href":"https:\/\/blogs.diariosur.es\/tormentas-y-rayos\/wp-json\/wp\/v2\/comments?post=35687"}],"version-history":[{"count":2,"href":"https:\/\/blogs.diariosur.es\/tormentas-y-rayos\/wp-json\/wp\/v2\/posts\/35687\/revisions"}],"predecessor-version":[{"id":35712,"href":"https:\/\/blogs.diariosur.es\/tormentas-y-rayos\/wp-json\/wp\/v2\/posts\/35687\/revisions\/35712"}],"wp:featuredmedia":[{"embeddable":true,"href":"https:\/\/blogs.diariosur.es\/tormentas-y-rayos\/wp-json\/wp\/v2\/media\/35694"}],"wp:attachment":[{"href":"https:\/\/blogs.diariosur.es\/tormentas-y-rayos\/wp-json\/wp\/v2\/media?parent=35687"}],"wp:term":[{"taxonomy":"category","embeddable":true,"href":"https:\/\/blogs.diariosur.es\/tormentas-y-rayos\/wp-json\/wp\/v2\/categories?post=35687"},{"taxonomy":"post_tag","embeddable":true,"href":"https:\/\/blogs.diariosur.es\/tormentas-y-rayos\/wp-json\/wp\/v2\/tags?post=35687"}],"curies":[{"name":"wp","href":"https:\/\/api.w.org\/{rel}","templated":true}]}}