{"id":35700,"date":"2023-01-25T08:55:10","date_gmt":"2023-01-25T07:55:10","guid":{"rendered":"https:\/\/blogs.diariosur.es\/tormentas-y-rayos\/?p=35700"},"modified":"2023-01-25T09:22:26","modified_gmt":"2023-01-25T08:22:26","slug":"el-tiempo-en-malaga-la-probable-sorpresa-se-hizo-realidad-videos-y-fotos-de-la-granizada-y-rayos","status":"publish","type":"post","link":"https:\/\/blogs.diariosur.es\/tormentas-y-rayos\/2023\/01\/25\/el-tiempo-en-malaga-la-probable-sorpresa-se-hizo-realidad-videos-y-fotos-de-la-granizada-y-rayos\/","title":{"rendered":"El tiempo en M\u00e1laga. La probable sorpresa se hizo realidad. Videos y fotos de la granizada, nevada y rayos."},"content":{"rendered":"<p><a href=\"https:\/\/static-blogs.diariosur.es\/wp-content\/uploads\/sites\/12\/2022\/12\/15003244_10209205767200208_5978289506419899153_o-1.jpg\"><img loading=\"lazy\" class=\"aligncenter size-thumbnail wp-image-35431\" src=\"https:\/\/static-blogs.diariosur.es\/wp-content\/uploads\/sites\/12\/2022\/12\/15003244_10209205767200208_5978289506419899153_o-1-150x150.jpg\" alt=\"\" width=\"150\" height=\"150\" srcset=\"https:\/\/static-blogs.diariosur.es\/wp-content\/uploads\/sites\/12\/2022\/12\/15003244_10209205767200208_5978289506419899153_o-1-150x150.jpg 150w, https:\/\/static-blogs.diariosur.es\/wp-content\/uploads\/sites\/12\/2022\/12\/15003244_10209205767200208_5978289506419899153_o-1-400x400.jpg 400w, https:\/\/static-blogs.diariosur.es\/wp-content\/uploads\/sites\/12\/2022\/12\/15003244_10209205767200208_5978289506419899153_o-1-768x768.jpg 768w, https:\/\/static-blogs.diariosur.es\/wp-content\/uploads\/sites\/12\/2022\/12\/15003244_10209205767200208_5978289506419899153_o-1.jpg 1069w\" sizes=\"(max-width: 150px) 100vw, 150px\" \/><\/a><\/p>\n<p>Muy buenos d\u00edas, amigos de la meteo. Antes de contaros lo que paso ayer, os comento que hoy hemos vuelto a dar la m\u00ednima del invierno con <strong>3.9 grados<\/strong> en el Aeropuerto, mi estaci\u00f3n tambi\u00e9n con 5.6 grados. Y otra cosilla, seguiremos hasta el domingo con temperaturas por debajo de la media en estas fechas.<\/p>\n<p>Pilas cargadas durante un tiempo con lo que disfrute ayer en la Playa de la Misericordia. Cace un rayo, me cayo una impresionante granizada y med\u00ed un racha de viento de 78 km\/h. Tambi\u00e9n nev\u00f3 en la Sierra de Mijas a partir de 600 metros, Casabermeja, Alfarnate, y Colmenar.<\/p>\n<p>Os cuento mi relato: Sobre las cuatro y media de la tarde vi en el radar de lluvia que se formaban tormentas en el Mar de Albor\u00e1n, pero en vez de seguir hacia la costa de \u00c1frica o el Estrecho, tomaban camino hacia la costa de la Axarqu\u00eda de M\u00e1laga. Cog\u00ed el coche y me fui a la zona donde fotografi\u00f3 los amaneceres, mi piedra favorita en la Playa de la Misericordia. Hacia la zona de Torrox y el Rinc\u00f3n ya se ve\u00eda la tormenta y las cortinas de lluvia y granizo como pod\u00e9is ver en esta foto.<\/p>\n<p>&nbsp;<\/p>\n<p><a href=\"https:\/\/static-blogs.diariosur.es\/wp-content\/uploads\/sites\/12\/2023\/01\/DSC9990.jpg\"><img loading=\"lazy\" class=\"aligncenter size-full wp-image-35704\" src=\"https:\/\/static-blogs.diariosur.es\/wp-content\/uploads\/sites\/12\/2023\/01\/DSC9990-e1674628705846.jpg\" alt=\"\" width=\"1200\" height=\"800\" \/><\/a><\/p>\n<p>&nbsp;<\/p>\n<p>El mar estaba muy picado y con rachas moderadas de levante, por ese motivo hab\u00eda muchos pescadores con ca\u00f1a y disfrutando de la pesca. Ya se ve\u00edan caer rayos y el arcus acerc\u00e1ndose. A unos de los pescadores le coment\u00e9 que recogieran las ca\u00f1as que iban a entrar rachas muy fuertes de viento y que podr\u00eda caer granizo, no me hicieron caso.<\/p>\n<p>&nbsp;<\/p>\n<p><a href=\"https:\/\/static-blogs.diariosur.es\/wp-content\/uploads\/sites\/12\/2023\/01\/DSC9992-e1674629099576.jpg\"><img loading=\"lazy\" class=\"aligncenter size-full wp-image-35705\" src=\"https:\/\/static-blogs.diariosur.es\/wp-content\/uploads\/sites\/12\/2023\/01\/DSC9992-e1674629099576.jpg\" alt=\"\" width=\"1200\" height=\"817\" \/><\/a><\/p>\n<p>&nbsp;<\/p>\n<p>A los pocos minutos ca\u00edan granizos menudos y las rachas de viento eran m\u00e1s fuertes. Recog\u00ed el tr\u00edpode con la c\u00e1mara r\u00e1pidamente en me refugie en un soportal, a los pocos segundos el viento soplaba con rachas muy fuertes y empez\u00f3 a caer una impresionante granizada. Los pescadores eran pescados por el arcus y algunos dejaron hasta las ca\u00f1as al salir corriendo.<\/p>\n<p>&nbsp;<\/p>\n<p>Este lo hice en el paseo de la playa de la misericordia dentro del soportal.<\/p>\n<p>&nbsp;<\/p>\n<p><iframe loading=\"lazy\" title=\"YouTube video player\" src=\"https:\/\/www.youtube.com\/embed\/QXnBGdjEBrE\" width=\"560\" height=\"315\" frameborder=\"0\" allowfullscreen=\"allowfullscreen\"><\/iframe><\/p>\n<p>&nbsp;<\/p>\n<p>Este es m\u00edo tambi\u00e9n en la misma zona. En el <strong>segundo 18<\/strong> se ve el rayo que cayo al mar.<\/p>\n<p>&nbsp;<\/p>\n<p><iframe loading=\"lazy\" title=\"YouTube video player\" src=\"https:\/\/www.youtube.com\/embed\/JZIeFTxvonQ\" width=\"560\" height=\"315\" frameborder=\"0\" allowfullscreen=\"allowfullscreen\"><\/iframe><\/p>\n<p>Aqu\u00ed pod\u00e9is ver la captura que me ha mandado mi amiga Susana Martinez<\/p>\n<p><a href=\"https:\/\/static-blogs.diariosur.es\/wp-content\/uploads\/sites\/12\/2023\/01\/327454020_516128800507494_3515471392299121180_n.jpg\"><img loading=\"lazy\" class=\"aligncenter size-full wp-image-35710\" src=\"https:\/\/static-blogs.diariosur.es\/wp-content\/uploads\/sites\/12\/2023\/01\/327454020_516128800507494_3515471392299121180_n.jpg\" alt=\"\" width=\"1079\" height=\"598\" srcset=\"https:\/\/static-blogs.diariosur.es\/wp-content\/uploads\/sites\/12\/2023\/01\/327454020_516128800507494_3515471392299121180_n.jpg 1079w, https:\/\/static-blogs.diariosur.es\/wp-content\/uploads\/sites\/12\/2023\/01\/327454020_516128800507494_3515471392299121180_n-640x355.jpg 640w, https:\/\/static-blogs.diariosur.es\/wp-content\/uploads\/sites\/12\/2023\/01\/327454020_516128800507494_3515471392299121180_n-768x426.jpg 768w\" sizes=\"(max-width: 1079px) 100vw, 1079px\" \/><\/a><\/p>\n<p>&nbsp;<\/p>\n<p>Mi amigo Jes\u00fas Gim\u00e9nez\u00a0 tambi\u00e9n disfruto un mont\u00f3n, pero \u00e9l en Mijas. Os paso el v\u00eddeo.<\/p>\n<p>&nbsp;<\/p>\n<p><iframe loading=\"lazy\" title=\"YouTube video player\" src=\"https:\/\/www.youtube.com\/embed\/2SMWYxLuGxE\" width=\"560\" height=\"315\" frameborder=\"0\" allowfullscreen=\"allowfullscreen\"><\/iframe><\/p>\n<p>&nbsp;<\/p>\n<p>Mi amigo Crist\u00f3bal Gambero tambi\u00e9n cargo las pilas. Os paso una foto de Mijas Pueblo por la noche. Y otras de hoy de la Sierra Mijas, tambi\u00e9n de Crist\u00f3bal Gambero<\/p>\n<p>&nbsp;<\/p>\n<p><a href=\"https:\/\/static-blogs.diariosur.es\/wp-content\/uploads\/sites\/12\/2023\/01\/323909924_911519049860145_5437961722864898771_n-e1674630446567.jpg\"><img loading=\"lazy\" class=\"aligncenter size-full wp-image-35706\" src=\"https:\/\/static-blogs.diariosur.es\/wp-content\/uploads\/sites\/12\/2023\/01\/323909924_911519049860145_5437961722864898771_n-e1674630446567.jpg\" alt=\"\" width=\"800\" height=\"1067\" \/><\/a><\/p>\n<p>&nbsp;<\/p>\n<p><a href=\"https:\/\/static-blogs.diariosur.es\/wp-content\/uploads\/sites\/12\/2023\/01\/326330585_668477264962602_4182866448171556549_n-e1674634289705.jpg\"><img loading=\"lazy\" class=\"aligncenter size-full wp-image-35713\" src=\"https:\/\/static-blogs.diariosur.es\/wp-content\/uploads\/sites\/12\/2023\/01\/326330585_668477264962602_4182866448171556549_n-e1674634289705.jpg\" alt=\"\" width=\"1200\" height=\"900\" \/><\/a><\/p>\n<p>&nbsp;<\/p>\n<p><a href=\"https:\/\/static-blogs.diariosur.es\/wp-content\/uploads\/sites\/12\/2023\/01\/326730813_877469799970136_7557862966640771867_n-e1674634366346.jpg\"><img loading=\"lazy\" class=\"aligncenter size-full wp-image-35715\" src=\"https:\/\/static-blogs.diariosur.es\/wp-content\/uploads\/sites\/12\/2023\/01\/326730813_877469799970136_7557862966640771867_n-e1674634366346.jpg\" alt=\"\" width=\"1200\" height=\"900\" \/><\/a><\/p>\n<p>&nbsp;<\/p>\n<p>&nbsp;<\/p>\n<p><a href=\"https:\/\/static-blogs.diariosur.es\/wp-content\/uploads\/sites\/12\/2023\/01\/326570075_732134385006033_731622136211229840_n-e1674634899711.jpg\"><img loading=\"lazy\" class=\"aligncenter size-full wp-image-35718\" src=\"https:\/\/static-blogs.diariosur.es\/wp-content\/uploads\/sites\/12\/2023\/01\/326570075_732134385006033_731622136211229840_n-e1674634899711.jpg\" alt=\"\" width=\"1200\" height=\"900\" \/><\/a><\/p>\n<p>Y \u00e9l que tambi\u00e9n disfruto un mont\u00f3n y cargo pilas, fue mi amigo David Mancebo al cazar estos rayos hacia Fuengirola. Es el mirador donde esta el mariposario.<\/p>\n<p>&nbsp;<\/p>\n<p><a href=\"https:\/\/static-blogs.diariosur.es\/wp-content\/uploads\/sites\/12\/2023\/01\/FnTJME4XkAUoJlE-1.jpg\"><img loading=\"lazy\" class=\"aligncenter size-full wp-image-35707\" src=\"https:\/\/static-blogs.diariosur.es\/wp-content\/uploads\/sites\/12\/2023\/01\/FnTJME4XkAUoJlE-1.jpg\" alt=\"\" width=\"1200\" height=\"759\" srcset=\"https:\/\/static-blogs.diariosur.es\/wp-content\/uploads\/sites\/12\/2023\/01\/FnTJME4XkAUoJlE-1.jpg 1200w, https:\/\/static-blogs.diariosur.es\/wp-content\/uploads\/sites\/12\/2023\/01\/FnTJME4XkAUoJlE-1-632x400.jpg 632w, https:\/\/static-blogs.diariosur.es\/wp-content\/uploads\/sites\/12\/2023\/01\/FnTJME4XkAUoJlE-1-768x486.jpg 768w\" sizes=\"(max-width: 1200px) 100vw, 1200px\" \/><\/a><\/p>\n<p>&nbsp;<\/p>\n","protected":false},"excerpt":{"rendered":"<p>Muy buenos d\u00edas, amigos de la meteo. Antes de contaros lo que paso ayer, os comento que hoy hemos vuelto a dar la m\u00ednima del invierno con 3.9 grados en el Aeropuerto, mi estaci\u00f3n tambi\u00e9n con 5.6 grados. Y otra cosilla, seguiremos hasta el domingo con temperaturas por debajo de la media en estas fechas. [&hellip;]<\/p>\n","protected":false},"author":16,"featured_media":35708,"comment_status":"open","ping_status":"open","sticky":false,"template":"","format":"standard","meta":[],"categories":[2],"tags":[94,100,1813,358,432,467,587,847,996],"_links":{"self":[{"href":"https:\/\/blogs.diariosur.es\/tormentas-y-rayos\/wp-json\/wp\/v2\/posts\/35700"}],"collection":[{"href":"https:\/\/blogs.diariosur.es\/tormentas-y-rayos\/wp-json\/wp\/v2\/posts"}],"about":[{"href":"https:\/\/blogs.diariosur.es\/tormentas-y-rayos\/wp-json\/wp\/v2\/types\/post"}],"author":[{"embeddable":true,"href":"https:\/\/blogs.diariosur.es\/tormentas-y-rayos\/wp-json\/wp\/v2\/users\/16"}],"replies":[{"embeddable":true,"href":"https:\/\/blogs.diariosur.es\/tormentas-y-rayos\/wp-json\/wp\/v2\/comments?post=35700"}],"version-history":[{"count":7,"href":"https:\/\/blogs.diariosur.es\/tormentas-y-rayos\/wp-json\/wp\/v2\/posts\/35700\/revisions"}],"predecessor-version":[{"id":35720,"href":"https:\/\/blogs.diariosur.es\/tormentas-y-rayos\/wp-json\/wp\/v2\/posts\/35700\/revisions\/35720"}],"wp:featuredmedia":[{"embeddable":true,"href":"https:\/\/blogs.diariosur.es\/tormentas-y-rayos\/wp-json\/wp\/v2\/media\/35708"}],"wp:attachment":[{"href":"https:\/\/blogs.diariosur.es\/tormentas-y-rayos\/wp-json\/wp\/v2\/media?parent=35700"}],"wp:term":[{"taxonomy":"category","embeddable":true,"href":"https:\/\/blogs.diariosur.es\/tormentas-y-rayos\/wp-json\/wp\/v2\/categories?post=35700"},{"taxonomy":"post_tag","embeddable":true,"href":"https:\/\/blogs.diariosur.es\/tormentas-y-rayos\/wp-json\/wp\/v2\/tags?post=35700"}],"curies":[{"name":"wp","href":"https:\/\/api.w.org\/{rel}","templated":true}]}}