{"id":35721,"date":"2023-01-26T08:34:03","date_gmt":"2023-01-26T07:34:03","guid":{"rendered":"https:\/\/blogs.diariosur.es\/tormentas-y-rayos\/?p=35721"},"modified":"2023-01-26T08:34:03","modified_gmt":"2023-01-26T07:34:03","slug":"seguira-el-frio-en-andalucia-el-fin-de-semana-hoy-estare-en-la-101tv-en-el-programa-llego-la-hora","status":"publish","type":"post","link":"https:\/\/blogs.diariosur.es\/tormentas-y-rayos\/2023\/01\/26\/seguira-el-frio-en-andalucia-el-fin-de-semana-hoy-estare-en-la-101tv-en-el-programa-llego-la-hora\/","title":{"rendered":"\u00bfSeguir\u00e1 el fr\u00edo en Andaluc\u00eda el fin de semana? Hoy estar\u00e9 en la 101tv en el programa Lleg\u00f3 la Hora."},"content":{"rendered":"<p><a href=\"https:\/\/static-blogs.diariosur.es\/wp-content\/uploads\/sites\/12\/2022\/12\/15003244_10209205767200208_5978289506419899153_o-1.jpg\"><img loading=\"lazy\" class=\"aligncenter size-thumbnail wp-image-35431\" src=\"https:\/\/static-blogs.diariosur.es\/wp-content\/uploads\/sites\/12\/2022\/12\/15003244_10209205767200208_5978289506419899153_o-1-150x150.jpg\" alt=\"\" width=\"150\" height=\"150\" srcset=\"https:\/\/static-blogs.diariosur.es\/wp-content\/uploads\/sites\/12\/2022\/12\/15003244_10209205767200208_5978289506419899153_o-1-150x150.jpg 150w, https:\/\/static-blogs.diariosur.es\/wp-content\/uploads\/sites\/12\/2022\/12\/15003244_10209205767200208_5978289506419899153_o-1-400x400.jpg 400w, https:\/\/static-blogs.diariosur.es\/wp-content\/uploads\/sites\/12\/2022\/12\/15003244_10209205767200208_5978289506419899153_o-1-768x768.jpg 768w, https:\/\/static-blogs.diariosur.es\/wp-content\/uploads\/sites\/12\/2022\/12\/15003244_10209205767200208_5978289506419899153_o-1.jpg 1069w\" sizes=\"(max-width: 150px) 100vw, 150px\" \/><\/a><\/p>\n<p>Muy buenos d\u00edas, amigos de la meteo. Hoy jueves a partir de las doce del mediod\u00eda estar\u00e9 con Roberto L\u00f3pez en el programa Lleg\u00f3 la Hora de la 101tv, hoy toca verme en directo.<\/p>\n<p>Cuando son las siete y media de la ma\u00f1ana en M\u00e1laga capital mi estaci\u00f3n registra 7.4 grados, pero debido al viento de terral de invierno la sensaci\u00f3n t\u00e9rmica es 3 grados. El terral ser\u00e1 protagonista todo el d\u00eda, eso har\u00e1 que sintamos m\u00e1s fr\u00edo que ayer aunque demos un poco m\u00e1s de temperatura m\u00e1xima. La probabilidad de precipitaciones es baja en toda la comunidad.<\/p>\n<h3><span style=\"color: #0000ff;\">\u00bfSeguir\u00e1 el fr\u00edo en Andaluc\u00eda el fin de semana?<\/span><\/h3>\n<p>Todos los modelos coinciden en que el fr\u00edo seguir\u00e1 de protagonista el fin de semana en toda la comunidad.<\/p>\n<p><strong>Ma\u00f1ana viernes<\/strong> seguiremos con terral de invierno, la probabilidad de precipitaciones es muy baja<\/p>\n<p><strong> El s\u00e1bado<\/strong> tendremos intervalos nubosos en el litoral mediterr\u00e1neo, hay <strong>probabilidad baja<\/strong> de alguna precipitaci\u00f3n d\u00e9bil y ocasional en algunos puntos de la costa mediterr\u00e1nea, muy poca cosa.<\/p>\n<p>Donde se espera m\u00e1s precipitaci\u00f3n es en Melilla, hay probabilidad de tormentas acompa\u00f1adas de granizo. El viento soplara de direcci\u00f3n variable, siendo del norte noreste por el interior.<\/p>\n<p><strong>El domingo<\/strong> tambi\u00e9n hay probabilidad m\u00e1s alta de alguna precipitaci\u00f3n d\u00e9bil en el litoral mediterr\u00e1neo andaluz, la cota estar\u00eda entre los 700.1000 metros. Nuevamente ser\u00eda Melilla donde podr\u00edan tener chubascos m\u00e1s fuertes acompa\u00f1ados de tormentas.\u00a0El viento soplar\u00e1 de levante moderado en toda la costa mediterr\u00e1nea andaluza y Estrecho.<\/p>\n<p>Nos vemos ma\u00f1ana, seguro que os justar un recuerdo que pondr\u00e9 en el blog.<\/p>\n<p>&nbsp;<\/p>\n<p>&nbsp;<\/p>\n<p>&nbsp;<\/p>\n","protected":false},"excerpt":{"rendered":"<p>Muy buenos d\u00edas, amigos de la meteo. Hoy jueves a partir de las doce del mediod\u00eda estar\u00e9 con Roberto L\u00f3pez en el programa Lleg\u00f3 la Hora de la 101tv, hoy toca verme en directo. Cuando son las siete y media de la ma\u00f1ana en M\u00e1laga capital mi estaci\u00f3n registra 7.4 grados, pero debido al viento [&hellip;]<\/p>\n","protected":false},"author":16,"featured_media":35724,"comment_status":"open","ping_status":"open","sticky":false,"template":"","format":"standard","meta":[],"categories":[2],"tags":[100,358,432,701],"_links":{"self":[{"href":"https:\/\/blogs.diariosur.es\/tormentas-y-rayos\/wp-json\/wp\/v2\/posts\/35721"}],"collection":[{"href":"https:\/\/blogs.diariosur.es\/tormentas-y-rayos\/wp-json\/wp\/v2\/posts"}],"about":[{"href":"https:\/\/blogs.diariosur.es\/tormentas-y-rayos\/wp-json\/wp\/v2\/types\/post"}],"author":[{"embeddable":true,"href":"https:\/\/blogs.diariosur.es\/tormentas-y-rayos\/wp-json\/wp\/v2\/users\/16"}],"replies":[{"embeddable":true,"href":"https:\/\/blogs.diariosur.es\/tormentas-y-rayos\/wp-json\/wp\/v2\/comments?post=35721"}],"version-history":[{"count":2,"href":"https:\/\/blogs.diariosur.es\/tormentas-y-rayos\/wp-json\/wp\/v2\/posts\/35721\/revisions"}],"predecessor-version":[{"id":35725,"href":"https:\/\/blogs.diariosur.es\/tormentas-y-rayos\/wp-json\/wp\/v2\/posts\/35721\/revisions\/35725"}],"wp:featuredmedia":[{"embeddable":true,"href":"https:\/\/blogs.diariosur.es\/tormentas-y-rayos\/wp-json\/wp\/v2\/media\/35724"}],"wp:attachment":[{"href":"https:\/\/blogs.diariosur.es\/tormentas-y-rayos\/wp-json\/wp\/v2\/media?parent=35721"}],"wp:term":[{"taxonomy":"category","embeddable":true,"href":"https:\/\/blogs.diariosur.es\/tormentas-y-rayos\/wp-json\/wp\/v2\/categories?post=35721"},{"taxonomy":"post_tag","embeddable":true,"href":"https:\/\/blogs.diariosur.es\/tormentas-y-rayos\/wp-json\/wp\/v2\/tags?post=35721"}],"curies":[{"name":"wp","href":"https:\/\/api.w.org\/{rel}","templated":true}]}}