{"id":35726,"date":"2023-01-27T07:53:56","date_gmt":"2023-01-27T06:53:56","guid":{"rendered":"https:\/\/blogs.diariosur.es\/tormentas-y-rayos\/?p=35726"},"modified":"2024-01-27T06:38:30","modified_gmt":"2024-01-27T05:38:30","slug":"tal-dia-como-hoy-del-ano-2005-nevo-en-nerja-motril-calahonda-almunecar-almerimar-y-melilla-fotos-y-videos","status":"publish","type":"post","link":"https:\/\/blogs.diariosur.es\/tormentas-y-rayos\/2023\/01\/27\/tal-dia-como-hoy-del-ano-2005-nevo-en-nerja-motril-calahonda-almunecar-almerimar-y-melilla-fotos-y-videos\/","title":{"rendered":"Tal d\u00eda como hoy del a\u00f1o 2005, nev\u00f3 en Nerja, Motril, Calahonda, Almu\u00f1ecar, Almerimar y Melilla. Fotos y videos"},"content":{"rendered":"<p><a href=\"https:\/\/static-blogs.diariosur.es\/wp-content\/uploads\/sites\/12\/2022\/12\/15003244_10209205767200208_5978289506419899153_o-1.jpg\"><img loading=\"lazy\" class=\"aligncenter size-thumbnail wp-image-35431\" src=\"https:\/\/static-blogs.diariosur.es\/wp-content\/uploads\/sites\/12\/2022\/12\/15003244_10209205767200208_5978289506419899153_o-1-150x150.jpg\" alt=\"\" width=\"150\" height=\"150\" srcset=\"https:\/\/static-blogs.diariosur.es\/wp-content\/uploads\/sites\/12\/2022\/12\/15003244_10209205767200208_5978289506419899153_o-1-150x150.jpg 150w, https:\/\/static-blogs.diariosur.es\/wp-content\/uploads\/sites\/12\/2022\/12\/15003244_10209205767200208_5978289506419899153_o-1-400x400.jpg 400w, https:\/\/static-blogs.diariosur.es\/wp-content\/uploads\/sites\/12\/2022\/12\/15003244_10209205767200208_5978289506419899153_o-1-768x768.jpg 768w, https:\/\/static-blogs.diariosur.es\/wp-content\/uploads\/sites\/12\/2022\/12\/15003244_10209205767200208_5978289506419899153_o-1.jpg 1069w\" sizes=\"(max-width: 150px) 100vw, 150px\" \/><\/a><\/p>\n<p>Muy buenos d\u00edas, amigos de la meteo. Cuando son las siete de la ma\u00f1ana en M\u00e1laga capital mi estaci\u00f3n registra 7 grados, pero debido al viento y a la humedad la sensaci\u00f3n t\u00e9rmica es de 1 grado. El viento sopla de terral de invierno, los cielos est\u00e1n poco nubosos y la humedad ronda el 60%.<\/p>\n<p>Tal d\u00eda como hoy del a\u00f1o 2005 nev\u00f3 en Nerja, Maro, Motril, Calahonda, Almu\u00f1ecar, Almerimar, El Ejido, Melilla y otras zonas del interior oriental. Los que llev\u00e1is leyendo el blog mucho tiempo ya lo sab\u00edais, pero a petici\u00f3n de muchos de los nuevos seguidores, os vuelvo a poner el reportaje. Os explico el por qu\u00e9 nev\u00f3 en estas zonas.<\/p>\n<p>Un sistema de baja presiones situado en el mediterr\u00e1neo, una temperatura a 850 hpa muy baja (masa de aire de origen siberiano) y\u00a0<strong>el viento h\u00famedo de levante<\/strong>, contribuyo a esta inusual nevada en estas zonas.<\/p>\n<p>&nbsp;<\/p>\n<p>Os paso los mapas. Fuente meteociel, modelo europeo.<\/p>\n<p>Mapa a 500 hpa<\/p>\n<p><a href=\"https:\/\/static-blogs.diariosur.es\/wp-content\/uploads\/sites\/12\/2023\/01\/1-1.png\"><img loading=\"lazy\" class=\"aligncenter size-full wp-image-35729\" src=\"https:\/\/static-blogs.diariosur.es\/wp-content\/uploads\/sites\/12\/2023\/01\/1-1.png\" alt=\"\" width=\"768\" height=\"512\" srcset=\"https:\/\/static-blogs.diariosur.es\/wp-content\/uploads\/sites\/12\/2023\/01\/1-1.png 768w, https:\/\/static-blogs.diariosur.es\/wp-content\/uploads\/sites\/12\/2023\/01\/1-1-600x400.png 600w\" sizes=\"(max-width: 768px) 100vw, 768px\" \/><\/a><\/p>\n<p>&nbsp;<\/p>\n<p>Mapa a 850 hpa<\/p>\n<p>&nbsp;<\/p>\n<p><a href=\"https:\/\/static-blogs.diariosur.es\/wp-content\/uploads\/sites\/12\/2023\/01\/archives-2005-1-27-6-1.png\"><img loading=\"lazy\" class=\"aligncenter size-full wp-image-35730\" src=\"https:\/\/static-blogs.diariosur.es\/wp-content\/uploads\/sites\/12\/2023\/01\/archives-2005-1-27-6-1.png\" alt=\"\" width=\"768\" height=\"512\" srcset=\"https:\/\/static-blogs.diariosur.es\/wp-content\/uploads\/sites\/12\/2023\/01\/archives-2005-1-27-6-1.png 768w, https:\/\/static-blogs.diariosur.es\/wp-content\/uploads\/sites\/12\/2023\/01\/archives-2005-1-27-6-1-600x400.png 600w\" sizes=\"(max-width: 768px) 100vw, 768px\" \/><\/a><\/p>\n<p>&nbsp;<\/p>\n<p>La nevada se inici\u00f3 a las seis y media de la ma\u00f1ana y duro aproximadamente tres horas, en algunos puntos se llegaron a los 5 cm. Muchos cultivos sufrieron da\u00f1os por las bajas temperaturas.<\/p>\n<p>Si ese d\u00eda hubiera llegado la lluvia a M\u00e1laga capital, tambi\u00e9n habr\u00eda nevado. Me acuerdo perfectamente de ese d\u00eda, era jueves y libraba en mi curro. Desde la playa de la misericordia miraba al este para ver si entraba la masa nubosa, pero no pudo ser.<\/p>\n<p>La m\u00ednima del 27 de enero de 2005 en el Aeropuerto de M\u00e1laga fue de<strong>\u00a0-0.2 grados\u00a0a las siete de la ma\u00f1ana y<\/strong> dimos una m\u00e1xima a la una de la tarde de\u00a0<strong>9.4 grados.<\/strong><\/p>\n<p>&nbsp;<\/p>\n<p>Os pongo unas fotos y v\u00eddeos.<\/p>\n<p>&nbsp;<\/p>\n<p><strong>Foto Alfredo Aguilar, fuente el ideal de Granada.<\/strong><\/p>\n<p>&nbsp;<\/p>\n<p><img loading=\"lazy\" class=\"aligncenter size-large wp-image-19463\" src=\"https:\/\/static-blogs.diariosur.es\/wp-content\/uploads\/sites\/12\/2015\/01\/alfredo-aguilar-640x229.jpg\" sizes=\"(max-width: 640px) 100vw, 640px\" srcset=\"https:\/\/static-blogs.diariosur.es\/wp-content\/uploads\/sites\/12\/2015\/01\/alfredo-aguilar-640x229.jpg 640w, https:\/\/static-blogs.diariosur.es\/wp-content\/uploads\/sites\/12\/2015\/01\/alfredo-aguilar.jpg 647w\" alt=\"alfredo-aguilar\" width=\"640\" height=\"229\" \/><\/p>\n<p>&nbsp;<\/p>\n<p><b>\u00a0<\/b><\/p>\n<p><b> <a href=\"https:\/\/static-blogs.diariosur.es\/wp-content\/uploads\/sites\/12\/2023\/01\/z.jpg\"><img loading=\"lazy\" class=\"aligncenter size-full wp-image-35732\" src=\"https:\/\/static-blogs.diariosur.es\/wp-content\/uploads\/sites\/12\/2023\/01\/z.jpg\" alt=\"\" width=\"398\" height=\"269\" \/><\/a><\/b><\/p>\n<p>&nbsp;<\/p>\n<p>&nbsp;<\/p>\n<p><b>Fotos de mis amigos Jorge Urbano y Sol Santana del \u00a0Spa Para\u00edso\u00a0del Agua que tomaron ese dia en\u00a0Nerja. Impresionante.<\/b><\/p>\n<p>&nbsp;<\/p>\n<p>&nbsp;<\/p>\n<p><img loading=\"lazy\" class=\"aligncenter size-full wp-image-19464\" src=\"https:\/\/static-blogs.diariosur.es\/wp-content\/uploads\/sites\/12\/2015\/01\/page-1.jpg\" sizes=\"(max-width: 600px) 100vw, 600px\" srcset=\"https:\/\/static-blogs.diariosur.es\/wp-content\/uploads\/sites\/12\/2015\/01\/page-1.jpg 600w, https:\/\/static-blogs.diariosur.es\/wp-content\/uploads\/sites\/12\/2015\/01\/page-1-594x400.jpg 594w\" alt=\"page\" width=\"600\" height=\"404\" \/><\/p>\n<p>&nbsp;<\/p>\n<p><strong>En Torrox<\/strong> costa tambi\u00e9n se vieron copos de nieve, pero duro muy poco segundos y no cuajo.<\/p>\n<p>Playa de Torrenueva ( Granada )<\/p>\n<p>Fuente tiempo.es.<\/p>\n<p>&nbsp;<\/p>\n<p><a href=\"https:\/\/static-blogs.diariosur.es\/wp-content\/uploads\/sites\/12\/2021\/01\/f.jpg\"><img loading=\"lazy\" class=\"aligncenter size-full wp-image-29284\" src=\"https:\/\/static-blogs.diariosur.es\/wp-content\/uploads\/sites\/12\/2021\/01\/f.jpg\" sizes=\"(max-width: 637px) 100vw, 637px\" srcset=\"https:\/\/static-blogs.diariosur.es\/wp-content\/uploads\/sites\/12\/2021\/01\/f.jpg 637w, https:\/\/static-blogs.diariosur.es\/wp-content\/uploads\/sites\/12\/2021\/01\/f-530x400.jpg 530w\" alt=\"\" width=\"637\" height=\"481\" \/><\/a><\/p>\n<p>&nbsp;<\/p>\n<p><a href=\"https:\/\/static-blogs.diariosur.es\/wp-content\/uploads\/sites\/12\/2021\/01\/3d0416e52d723e02c3cd811aa1da07c3_720x560.jpg\"><img loading=\"lazy\" class=\"aligncenter size-full wp-image-29285\" src=\"https:\/\/static-blogs.diariosur.es\/wp-content\/uploads\/sites\/12\/2021\/01\/3d0416e52d723e02c3cd811aa1da07c3_720x560.jpg\" sizes=\"(max-width: 640px) 100vw, 640px\" srcset=\"https:\/\/static-blogs.diariosur.es\/wp-content\/uploads\/sites\/12\/2021\/01\/3d0416e52d723e02c3cd811aa1da07c3_720x560.jpg 640w, https:\/\/static-blogs.diariosur.es\/wp-content\/uploads\/sites\/12\/2021\/01\/3d0416e52d723e02c3cd811aa1da07c3_720x560-533x400.jpg 533w\" alt=\"\" width=\"640\" height=\"480\" \/><\/a><\/p>\n<p>&nbsp;<\/p>\n<p>Almerimar. Fuente cazatormentas.<\/p>\n<p>&nbsp;<\/p>\n<p><a href=\"https:\/\/static-blogs.diariosur.es\/wp-content\/uploads\/sites\/12\/2023\/01\/Captura-de-pantalla-2023-01-27-072200.png\"><img loading=\"lazy\" class=\"aligncenter size-full wp-image-35734\" src=\"https:\/\/static-blogs.diariosur.es\/wp-content\/uploads\/sites\/12\/2023\/01\/Captura-de-pantalla-2023-01-27-072200.png\" alt=\"\" width=\"637\" height=\"929\" srcset=\"https:\/\/static-blogs.diariosur.es\/wp-content\/uploads\/sites\/12\/2023\/01\/Captura-de-pantalla-2023-01-27-072200.png 637w, https:\/\/static-blogs.diariosur.es\/wp-content\/uploads\/sites\/12\/2023\/01\/Captura-de-pantalla-2023-01-27-072200-274x400.png 274w\" sizes=\"(max-width: 637px) 100vw, 637px\" \/><\/a><\/p>\n<p>&nbsp;<\/p>\n<p>Motril. Fuente Jose H<\/p>\n<p>&nbsp;<\/p>\n<p><a href=\"https:\/\/static-blogs.diariosur.es\/wp-content\/uploads\/sites\/12\/2023\/01\/00099492.jpg\"><img loading=\"lazy\" class=\"aligncenter size-full wp-image-35736\" src=\"https:\/\/static-blogs.diariosur.es\/wp-content\/uploads\/sites\/12\/2023\/01\/00099492.jpg\" alt=\"\" width=\"400\" height=\"300\" \/><\/a><\/p>\n<p>&nbsp;<\/p>\n<p><a href=\"https:\/\/static-blogs.diariosur.es\/wp-content\/uploads\/sites\/12\/2023\/01\/00099493.jpg\"><img loading=\"lazy\" class=\"aligncenter size-full wp-image-35738\" src=\"https:\/\/static-blogs.diariosur.es\/wp-content\/uploads\/sites\/12\/2023\/01\/00099493.jpg\" alt=\"\" width=\"632\" height=\"474\" srcset=\"https:\/\/static-blogs.diariosur.es\/wp-content\/uploads\/sites\/12\/2023\/01\/00099493.jpg 632w, https:\/\/static-blogs.diariosur.es\/wp-content\/uploads\/sites\/12\/2023\/01\/00099493-533x400.jpg 533w\" sizes=\"(max-width: 632px) 100vw, 632px\" \/><\/a><\/p>\n<p>En Melilla fue una pasada, en algunos puntos 6cm<\/p>\n<p>Os paso dos v\u00eddeo de Melilla, a continuaci\u00f3n otro de Calahonda y otro de Motril.<\/p>\n<p>&nbsp;<\/p>\n<p>&nbsp;<\/p>\n<p><iframe loading=\"lazy\" src=\"https:\/\/www.youtube.com\/embed\/aenSDlwdHNs\" width=\"560\" height=\"315\" frameborder=\"0\" allowfullscreen=\"allowfullscreen\" data-mce-fragment=\"1\"><\/iframe><\/p>\n<p><strong>\u00a0<\/strong><\/p>\n<p><iframe loading=\"lazy\" title=\"YouTube video player\" src=\"https:\/\/www.youtube.com\/embed\/36d8JU8ZRHo\" width=\"560\" height=\"315\" frameborder=\"0\" allowfullscreen=\"allowfullscreen\"><\/iframe><\/p>\n<p>Aunque ponga a\u00f1o 2003 no es correcto.<\/p>\n<p><iframe loading=\"lazy\" src=\"https:\/\/www.youtube.com\/embed\/PwNRG-l04EA\" width=\"560\" height=\"315\" frameborder=\"0\" allowfullscreen=\"allowfullscreen\" data-mce-fragment=\"1\"><\/iframe><\/p>\n<p>&nbsp;<\/p>\n<p><iframe loading=\"lazy\" title=\"YouTube video player\" src=\"https:\/\/www.youtube.com\/embed\/B9_4IvEx1bU\" width=\"560\" height=\"315\" frameborder=\"0\" allowfullscreen=\"allowfullscreen\"><\/iframe><\/p>\n<p>El pr\u00f3ximo d\u00eda tres de febrero, tambi\u00e9n pondr\u00e9 el reportaje de la nevada de M\u00e1laga capital del a\u00f1o 1954 y explicare el<strong>\u00a0por qu\u00e9 nev\u00f3<\/strong>.<\/p>\n","protected":false},"excerpt":{"rendered":"<p>Muy buenos d\u00edas, amigos de la meteo. Cuando son las siete de la ma\u00f1ana en M\u00e1laga capital mi estaci\u00f3n registra 7 grados, pero debido al viento y a la humedad la sensaci\u00f3n t\u00e9rmica es de 1 grado. El viento sopla de terral de invierno, los cielos est\u00e1n poco nubosos y la humedad ronda el 60%. [&hellip;]<\/p>\n","protected":false},"author":16,"featured_media":35735,"comment_status":"open","ping_status":"open","sticky":false,"template":"","format":"standard","meta":[],"categories":[2],"tags":[1555,358,432,587,1360,667,688,689],"_links":{"self":[{"href":"https:\/\/blogs.diariosur.es\/tormentas-y-rayos\/wp-json\/wp\/v2\/posts\/35726"}],"collection":[{"href":"https:\/\/blogs.diariosur.es\/tormentas-y-rayos\/wp-json\/wp\/v2\/posts"}],"about":[{"href":"https:\/\/blogs.diariosur.es\/tormentas-y-rayos\/wp-json\/wp\/v2\/types\/post"}],"author":[{"embeddable":true,"href":"https:\/\/blogs.diariosur.es\/tormentas-y-rayos\/wp-json\/wp\/v2\/users\/16"}],"replies":[{"embeddable":true,"href":"https:\/\/blogs.diariosur.es\/tormentas-y-rayos\/wp-json\/wp\/v2\/comments?post=35726"}],"version-history":[{"count":10,"href":"https:\/\/blogs.diariosur.es\/tormentas-y-rayos\/wp-json\/wp\/v2\/posts\/35726\/revisions"}],"predecessor-version":[{"id":39651,"href":"https:\/\/blogs.diariosur.es\/tormentas-y-rayos\/wp-json\/wp\/v2\/posts\/35726\/revisions\/39651"}],"wp:featuredmedia":[{"embeddable":true,"href":"https:\/\/blogs.diariosur.es\/tormentas-y-rayos\/wp-json\/wp\/v2\/media\/35735"}],"wp:attachment":[{"href":"https:\/\/blogs.diariosur.es\/tormentas-y-rayos\/wp-json\/wp\/v2\/media?parent=35726"}],"wp:term":[{"taxonomy":"category","embeddable":true,"href":"https:\/\/blogs.diariosur.es\/tormentas-y-rayos\/wp-json\/wp\/v2\/categories?post=35726"},{"taxonomy":"post_tag","embeddable":true,"href":"https:\/\/blogs.diariosur.es\/tormentas-y-rayos\/wp-json\/wp\/v2\/tags?post=35726"}],"curies":[{"name":"wp","href":"https:\/\/api.w.org\/{rel}","templated":true}]}}