{"id":35740,"date":"2023-01-28T08:00:09","date_gmt":"2023-01-28T07:00:09","guid":{"rendered":"https:\/\/blogs.diariosur.es\/tormentas-y-rayos\/?p=35740"},"modified":"2023-01-28T09:00:43","modified_gmt":"2023-01-28T08:00:43","slug":"el-tiempo-en-malaga-probabilidad-de-ver-nevar-en-cotas-bajas-manana-domingo-y-el-lunes","status":"publish","type":"post","link":"https:\/\/blogs.diariosur.es\/tormentas-y-rayos\/2023\/01\/28\/el-tiempo-en-malaga-probabilidad-de-ver-nevar-en-cotas-bajas-manana-domingo-y-el-lunes\/","title":{"rendered":"El tiempo en M\u00e1laga. Probabilidad de ver nevar en cotas bajas ma\u00f1ana domingo y el lunes."},"content":{"rendered":"<p><a href=\"https:\/\/static-blogs.diariosur.es\/wp-content\/uploads\/sites\/12\/2022\/12\/15003244_10209205767200208_5978289506419899153_o-1.jpg\"><img loading=\"lazy\" class=\"aligncenter size-thumbnail wp-image-35431\" src=\"https:\/\/static-blogs.diariosur.es\/wp-content\/uploads\/sites\/12\/2022\/12\/15003244_10209205767200208_5978289506419899153_o-1-150x150.jpg\" alt=\"\" width=\"150\" height=\"150\" srcset=\"https:\/\/static-blogs.diariosur.es\/wp-content\/uploads\/sites\/12\/2022\/12\/15003244_10209205767200208_5978289506419899153_o-1-150x150.jpg 150w, https:\/\/static-blogs.diariosur.es\/wp-content\/uploads\/sites\/12\/2022\/12\/15003244_10209205767200208_5978289506419899153_o-1-400x400.jpg 400w, https:\/\/static-blogs.diariosur.es\/wp-content\/uploads\/sites\/12\/2022\/12\/15003244_10209205767200208_5978289506419899153_o-1-768x768.jpg 768w, https:\/\/static-blogs.diariosur.es\/wp-content\/uploads\/sites\/12\/2022\/12\/15003244_10209205767200208_5978289506419899153_o-1.jpg 1069w\" sizes=\"(max-width: 150px) 100vw, 150px\" \/><\/a><\/p>\n<p>Muy buenos d\u00edas, amigos de la meteo. Cuando son las siete y media de la ma\u00f1ana en M\u00e1laga capital mi estaci\u00f3n registra 6.7 grados, en el Centro Meteorol\u00f3gico de Teatinos 5.7. Los cielos est\u00e1n despejados, sopla viento de terral de invierno y la humedad ronda el 54%. Las m\u00ednimas bajas se han dado en Sierra Nevada radio telescopio con -13 grados bajo cero y en Baza con -6 bajo cero.\u00a0 Comentaros tambi\u00e9n que esta madrugada hemos tenido rayos en el Mar de Albor\u00e1n. Fuente aemet<\/p>\n<h3><span style=\"color: #0000ff;\"><strong>Probabilidad de ver nevar en cotas bajas ma\u00f1ana domingo y el lunes.<\/strong><\/span><\/h3>\n<p>Antes de nada comentaros que hablo de probabilidad, no confirmo que pase. Hay modelos que prev\u00e9n estas precipitaciones y otros no.<\/p>\n<p><strong>Ma\u00f1ana domingo<\/strong> a primeras horas de la tarde y por la noche, hay <strong>probabilidad<\/strong> de ver nevar en cotas bajas en la costa malague\u00f1a, sobre los 700 y 800 metros. La mayor probabilidad se dar\u00eda en la costa occidental. El aire fr\u00edo inestable en altura y los vientos h\u00famedos de levante traer\u00edan estas precipitaciones. En el caso de que cayeran algunos chubascos en M\u00e1laga capital, se podr\u00edan ver copos de nieve en la Fuente de la Reina.<\/p>\n<p><strong>El lunes<\/strong> de madrugada y primeras horas de la ma\u00f1ana, seguir\u00e1 la probabilidad de nevadas. En esta ocasi\u00f3n tendr\u00edamos una l\u00ednea de inestabilidad en el Mar de Albor\u00e1n, parecida a la del martes pasado que trajo las tormentas. La mayoria de los modelos dan estos chubascos fuertes en el mar y zonas cercanas al Estrecho, como es el caso de Ceuta.\u00a0Ma\u00f1ana domingo sabremos mejor como nos afectar\u00e1 lo del lunes.<\/p>\n<p>Os paso el mapa de superficie de la aemet previsto para el lunes, donde pod\u00e9is ver la l\u00ednea de inestabilidad.<\/p>\n<p>&nbsp;<\/p>\n<p><a href=\"https:\/\/static-blogs.diariosur.es\/wp-content\/uploads\/sites\/12\/2023\/01\/2023012712072_ww_g1x0a2d3-e1674887162289.gif\"><img loading=\"lazy\" class=\"aligncenter size-full wp-image-35742\" src=\"https:\/\/static-blogs.diariosur.es\/wp-content\/uploads\/sites\/12\/2023\/01\/2023012712072_ww_g1x0a2d3-e1674887162289.gif\" alt=\"\" width=\"800\" height=\"560\" \/><\/a><\/p>\n<p>&nbsp;<\/p>\n<p>Poco m\u00e1s que contar, ya veremos ma\u00f1ana por la tarde noche si vemos algunos copos en la Fuente de la Reina.<\/p>\n<p>Os dejo con estas fotos y un video de mi amigo Jes\u00fas Gim\u00e9nez, que estuvo el mi\u00e9rcoles por la tarde en la Sierra de Mijas. Ojala nieve otra vez.<\/p>\n<p><iframe loading=\"lazy\" title=\"YouTube video player\" src=\"https:\/\/www.youtube.com\/embed\/D7DQvu6y8Fo\" width=\"560\" height=\"315\" frameborder=\"0\" allowfullscreen=\"allowfullscreen\"><\/iframe><\/p>\n<p>&nbsp;<\/p>\n<p><a href=\"https:\/\/static-blogs.diariosur.es\/wp-content\/uploads\/sites\/12\/2023\/01\/327426322_5609181442524679_5437603273272366696_n-e1674888041149.jpg\"><img loading=\"lazy\" class=\"aligncenter size-full wp-image-35743\" src=\"https:\/\/static-blogs.diariosur.es\/wp-content\/uploads\/sites\/12\/2023\/01\/327426322_5609181442524679_5437603273272366696_n-e1674888041149.jpg\" alt=\"\" width=\"800\" height=\"360\" \/><\/a><\/p>\n<p>&nbsp;<\/p>\n<p><a href=\"https:\/\/static-blogs.diariosur.es\/wp-content\/uploads\/sites\/12\/2023\/01\/327544940_1566402843773446_9131822994642639172_n-e1674888088185.jpg\"><img loading=\"lazy\" class=\"aligncenter size-full wp-image-35744\" src=\"https:\/\/static-blogs.diariosur.es\/wp-content\/uploads\/sites\/12\/2023\/01\/327544940_1566402843773446_9131822994642639172_n-e1674888088185.jpg\" alt=\"\" width=\"800\" height=\"360\" \/><\/a><\/p>\n<p>&nbsp;<\/p>\n<p><a href=\"https:\/\/static-blogs.diariosur.es\/wp-content\/uploads\/sites\/12\/2023\/01\/z-1-e1674888294502.jpg\"><img loading=\"lazy\" class=\"aligncenter size-full wp-image-35745\" src=\"https:\/\/static-blogs.diariosur.es\/wp-content\/uploads\/sites\/12\/2023\/01\/z-1-e1674888294502.jpg\" alt=\"\" width=\"800\" height=\"360\" \/><\/a><\/p>\n<p>&nbsp;<\/p>\n<p><a href=\"https:\/\/static-blogs.diariosur.es\/wp-content\/uploads\/sites\/12\/2023\/01\/z1-e1674888321174.jpg\"><img loading=\"lazy\" class=\"aligncenter size-full wp-image-35746\" src=\"https:\/\/static-blogs.diariosur.es\/wp-content\/uploads\/sites\/12\/2023\/01\/z1-e1674888321174.jpg\" alt=\"\" width=\"800\" height=\"360\" \/><\/a><\/p>\n<p>&nbsp;<\/p>\n<p><a href=\"https:\/\/static-blogs.diariosur.es\/wp-content\/uploads\/sites\/12\/2023\/01\/z4-e1674888403594.jpg\"><img loading=\"lazy\" class=\"aligncenter size-full wp-image-35748\" src=\"https:\/\/static-blogs.diariosur.es\/wp-content\/uploads\/sites\/12\/2023\/01\/z4-e1674888403594.jpg\" alt=\"\" width=\"500\" height=\"1111\" \/><\/a><\/p>\n","protected":false},"excerpt":{"rendered":"<p>Muy buenos d\u00edas, amigos de la meteo. Cuando son las siete y media de la ma\u00f1ana en M\u00e1laga capital mi estaci\u00f3n registra 6.7 grados, en el Centro Meteorol\u00f3gico de Teatinos 5.7. Los cielos est\u00e1n despejados, sopla viento de terral de invierno y la humedad ronda el 54%. Las m\u00ednimas bajas se han dado en Sierra [&hellip;]<\/p>\n","protected":false},"author":16,"featured_media":35746,"comment_status":"open","ping_status":"open","sticky":false,"template":"","format":"standard","meta":[],"categories":[2],"tags":[94,100,151,358,432,587,689],"_links":{"self":[{"href":"https:\/\/blogs.diariosur.es\/tormentas-y-rayos\/wp-json\/wp\/v2\/posts\/35740"}],"collection":[{"href":"https:\/\/blogs.diariosur.es\/tormentas-y-rayos\/wp-json\/wp\/v2\/posts"}],"about":[{"href":"https:\/\/blogs.diariosur.es\/tormentas-y-rayos\/wp-json\/wp\/v2\/types\/post"}],"author":[{"embeddable":true,"href":"https:\/\/blogs.diariosur.es\/tormentas-y-rayos\/wp-json\/wp\/v2\/users\/16"}],"replies":[{"embeddable":true,"href":"https:\/\/blogs.diariosur.es\/tormentas-y-rayos\/wp-json\/wp\/v2\/comments?post=35740"}],"version-history":[{"count":3,"href":"https:\/\/blogs.diariosur.es\/tormentas-y-rayos\/wp-json\/wp\/v2\/posts\/35740\/revisions"}],"predecessor-version":[{"id":35750,"href":"https:\/\/blogs.diariosur.es\/tormentas-y-rayos\/wp-json\/wp\/v2\/posts\/35740\/revisions\/35750"}],"wp:featuredmedia":[{"embeddable":true,"href":"https:\/\/blogs.diariosur.es\/tormentas-y-rayos\/wp-json\/wp\/v2\/media\/35746"}],"wp:attachment":[{"href":"https:\/\/blogs.diariosur.es\/tormentas-y-rayos\/wp-json\/wp\/v2\/media?parent=35740"}],"wp:term":[{"taxonomy":"category","embeddable":true,"href":"https:\/\/blogs.diariosur.es\/tormentas-y-rayos\/wp-json\/wp\/v2\/categories?post=35740"},{"taxonomy":"post_tag","embeddable":true,"href":"https:\/\/blogs.diariosur.es\/tormentas-y-rayos\/wp-json\/wp\/v2\/tags?post=35740"}],"curies":[{"name":"wp","href":"https:\/\/api.w.org\/{rel}","templated":true}]}}