{"id":35751,"date":"2023-01-29T08:54:06","date_gmt":"2023-01-29T07:54:06","guid":{"rendered":"https:\/\/blogs.diariosur.es\/tormentas-y-rayos\/?p=35751"},"modified":"2023-01-31T14:06:30","modified_gmt":"2023-01-31T13:06:30","slug":"malaga-capital-y-la-provincia-registra-la-madrugada-mas-fria-del-invierno-sigue-la-probabilidad-de-nevadas-en-cotas-bajas","status":"publish","type":"post","link":"https:\/\/blogs.diariosur.es\/tormentas-y-rayos\/2023\/01\/29\/malaga-capital-y-la-provincia-registra-la-madrugada-mas-fria-del-invierno-sigue-la-probabilidad-de-nevadas-en-cotas-bajas\/","title":{"rendered":"M\u00e1laga capital y la provincia, registra la madrugada m\u00e1s fr\u00eda del invierno. Sigue la probabilidad de nevadas en cotas bajas. Aviso amarillo por&#8230;"},"content":{"rendered":"<p><a href=\"https:\/\/static-blogs.diariosur.es\/wp-content\/uploads\/sites\/12\/2022\/10\/71718477_10217590951264569_620088742333382656_n.jpg\"><img loading=\"lazy\" class=\"aligncenter size-thumbnail wp-image-34662\" src=\"https:\/\/static-blogs.diariosur.es\/wp-content\/uploads\/sites\/12\/2022\/10\/71718477_10217590951264569_620088742333382656_n-150x150.jpg\" alt=\"\" width=\"150\" height=\"150\" \/><\/a><\/p>\n<p>Muy buenos d\u00edas muy fr\u00edos, amigos de la meteo. Hoy 29 de enero M\u00e1laga Aeropuerto registra la temperatura m\u00ednima m\u00e1s baja desde que comenz\u00f3 el invierno con<strong> 1.1 grados<\/strong><\/p>\n<p>Mi estaci\u00f3n en la capital tambi\u00e9n la ha dado con\u00a0 4.3 grados. En la provincia se han registrado muchas heladas<\/p>\n<p>Os paso algunas temperaturas m\u00ednimas.<\/p>\n<p>Fuente aemet y wunderground.<\/p>\n<p><strong>M\u00c1LAGA AEROPUERTO\u00a0 1.2 GRADOS<\/strong><\/p>\n<p><strong>LAGUNA DE FUENTE PIEDRA\u00a0 -4.2 GRADOS BAJO CERO<\/strong><\/p>\n<p><strong>VILLANUEVA DEL ROSARIO\u00a0 -3.9 GRADOS BAJO CERO<\/strong><\/p>\n<p><strong>VILLANUEVA DEL TREBUCO\u00a0 -3.8 GRADOS BAJO CERO<\/strong><\/p>\n<p><strong>VENTA DE ZAFARRAYA\u00a0 -5.3 GRADOS BAJO CERO\u00a0<\/strong><\/p>\n<p><strong>ANTEQUERA CORTIJO QUEMADO BAJO -7 GRADOS BAJO CERO<\/strong><\/p>\n<p><strong>MOLLINA\u00a0 -6.3\u00a0 GRADOS BAJO CERO<\/strong><\/p>\n<p><strong>\u00c1LORA\u00a0 1.7 GRADOS<\/strong><\/p>\n<p><strong>FUENTE DE LA YEDRA\u00a0 -8.2 GRADOS BAJO CERO<\/strong><\/p>\n<p><strong>RONDA\u00a0 -1.8 GRADOS BAJO CERO<\/strong><\/p>\n<p><strong>ALHAUR\u00cdN EL GRANDE\u00a0 -0.9 GRADOS BAJO CERO<\/strong><\/p>\n<p><strong>ALHAURIN DE LA TORRE\u00a0 -0.1 GRADO BAJO CERO<\/strong><\/p>\n<p><strong>CO\u00cdN SAN ROMAN -0.3 GRADOS BAJO CERO\u00a0<\/strong><\/p>\n<p><strong>CASABERMEJA -1.4 GRADOS BAJO CERO<\/strong><\/p>\n<p><strong>SEVILLA AEROPUERTO\u00a0 -0.2 GRADOS BAJO CERO<\/strong><\/p>\n<p><strong>GRANADA AEROPUERTO\u00a0 -5.7 GRADOS BAJO CERO<\/strong><\/p>\n<p><strong>C\u00d3RDOBA AEROPUERTO\u00a0 -2.8 GRADOS BAJO CERO<\/strong><\/p>\n<p><strong>ALMERIA AEROPUERTO\u00a0 5.2 GRADOS<\/strong><\/p>\n<p><strong>C\u00c1DIZ\u00a0 4.6 GRADOS<\/strong><\/p>\n<p><strong>HUELVA 0.8 GRADOS<\/strong><\/p>\n<p><strong>JA\u00c9N\u00a0 -0.3 GRADOS BAJO CERO<\/strong><\/p>\n<p><strong>BAZA\u00a0 \u00a07.6 GRADOS BAJO CERO<\/strong><\/p>\n<p><strong>ANDUJAR\u00a0 -3.9 GRADOS BAJO CERO<\/strong><\/p>\n<p><strong>ALMONTE\u00a0 -1.2 GRADOS BAJO CERO<\/strong><\/p>\n<p><strong>JEREZ DE LA FRONTERA\u00a0 -2.5 GRADOS BAJO CERO<\/strong><\/p>\n<p><strong>LA RODA DE ANDALUC\u00cdA\u00a0 -4.6 GRADOS BAJO CERO\u00a0<\/strong><\/p>\n<p><strong>SIERRA NEVADA RADIO TELESCOPIO\u00a0 -11.2 GRADOS BAJO CERO<\/strong><\/p>\n<p><strong>CEUTA\u00a0 8.5 GRADOS<\/strong><\/p>\n<p><strong>MELILLA 7.2 GRADOS<\/strong><\/p>\n<p>Se activa el aviso amarillo para ma\u00f1ana en la costa malague\u00f1a por\u00a0 viento del este de 50 a 60 km\/h (fuerza 7) con olas de 2 a 3 metros. Y tambi\u00e9n por temperaturas m\u00ednimas en estas zona de Andaluc\u00eda que veis en el segundo mapa.<\/p>\n<p>&nbsp;<\/p>\n<p><a href=\"https:\/\/static-blogs.diariosur.es\/wp-content\/uploads\/sites\/12\/2023\/01\/Captura-de-pantalla-2023-01-29-104255.png\"><img loading=\"lazy\" class=\"aligncenter size-full wp-image-35759\" src=\"https:\/\/static-blogs.diariosur.es\/wp-content\/uploads\/sites\/12\/2023\/01\/Captura-de-pantalla-2023-01-29-104255.png\" alt=\"\" width=\"690\" height=\"546\" srcset=\"https:\/\/static-blogs.diariosur.es\/wp-content\/uploads\/sites\/12\/2023\/01\/Captura-de-pantalla-2023-01-29-104255.png 690w, https:\/\/static-blogs.diariosur.es\/wp-content\/uploads\/sites\/12\/2023\/01\/Captura-de-pantalla-2023-01-29-104255-505x400.png 505w\" sizes=\"(max-width: 690px) 100vw, 690px\" \/><\/a><\/p>\n<p>&nbsp;<\/p>\n<p><a href=\"https:\/\/static-blogs.diariosur.es\/wp-content\/uploads\/sites\/12\/2023\/01\/Captura-de-pantalla-2023-01-29-104327.png\"><img loading=\"lazy\" class=\"aligncenter size-full wp-image-35760\" src=\"https:\/\/static-blogs.diariosur.es\/wp-content\/uploads\/sites\/12\/2023\/01\/Captura-de-pantalla-2023-01-29-104327.png\" alt=\"\" width=\"693\" height=\"548\" srcset=\"https:\/\/static-blogs.diariosur.es\/wp-content\/uploads\/sites\/12\/2023\/01\/Captura-de-pantalla-2023-01-29-104327.png 693w, https:\/\/static-blogs.diariosur.es\/wp-content\/uploads\/sites\/12\/2023\/01\/Captura-de-pantalla-2023-01-29-104327-506x400.png 506w\" sizes=\"(max-width: 693px) 100vw, 693px\" \/><\/a><\/p>\n<p>&nbsp;<\/p>\n<p>Como comentaba ayer s\u00e1bado en el post:\u00a0\u00a0<a href=\"https:\/\/blogs.diariosur.es\/tormentas-y-rayos\/2023\/01\/28\/el-tiempo-en-malaga-probabilidad-de-ver-nevar-en-cotas-bajas-manana-domingo-y-el-lunes\/\"><span style=\"color: #0000ff;\">Probabilidad de ver nevar en cotas bajas ma\u00f1ana domingo y el lunes.<\/span><\/a><\/p>\n<p>Seguimos teniendo probabilidad hoy domingo por la tarde noche, ma\u00f1ana de madrugada y primeras horas de la ma\u00f1ana de ver nevadas en cotas bajas en algunos puntos de la provincia de M\u00e1laga m\u00e1s cercanos a la costa. Esperemos que se cumplan lo que algunos modelos dicen y podamos disfrutar con mucha precauci\u00f3n.<\/p>\n<p>Os dejo con estas bonitas fotos de mi amigo Antonio Galiano que hizo ayer.<\/p>\n<div dir=\"auto\">Car\u00e1mbanos de hielo en el pilar de Tolox<\/div>\n<div dir=\"auto\">Parque Nacional sierra de las nieves.<\/div>\n<div dir=\"auto\"><\/div>\n<div dir=\"auto\">\n<p><a href=\"https:\/\/static-blogs.diariosur.es\/wp-content\/uploads\/sites\/12\/2023\/01\/326528162_1300193837203861_3105526189647736184_n.jpg\"><img loading=\"lazy\" class=\"size-full wp-image-35754\" src=\"https:\/\/static-blogs.diariosur.es\/wp-content\/uploads\/sites\/12\/2023\/01\/326528162_1300193837203861_3105526189647736184_n-e1674975706261.jpg\" alt=\"\" width=\"800\" height=\"600\" \/><\/a><\/p>\n<\/div>\n<p>Valle del Guadalhorce desde Torrecilla<\/p>\n<p>&nbsp;<\/p>\n<p><a href=\"https:\/\/static-blogs.diariosur.es\/wp-content\/uploads\/sites\/12\/2023\/01\/327036074_726287942429819_6483713886212460481_n-e1674975847780.jpg\"><img loading=\"lazy\" class=\"size-full wp-image-35755\" src=\"https:\/\/static-blogs.diariosur.es\/wp-content\/uploads\/sites\/12\/2023\/01\/327036074_726287942429819_6483713886212460481_n-e1674975847780.jpg\" alt=\"\" width=\"800\" height=\"600\" \/><\/a><\/p>\n","protected":false},"excerpt":{"rendered":"<p>Muy buenos d\u00edas muy fr\u00edos, amigos de la meteo. Hoy 29 de enero M\u00e1laga Aeropuerto registra la temperatura m\u00ednima m\u00e1s baja desde que comenz\u00f3 el invierno con 1.1 grados Mi estaci\u00f3n en la capital tambi\u00e9n la ha dado con\u00a0 4.3 grados. En la provincia se han registrado muchas heladas Os paso algunas temperaturas m\u00ednimas. Fuente [&hellip;]<\/p>\n","protected":false},"author":16,"featured_media":35754,"comment_status":"open","ping_status":"open","sticky":false,"template":"","format":"standard","meta":[],"categories":[2],"tags":[94,100,151,358,432,517,587,690],"_links":{"self":[{"href":"https:\/\/blogs.diariosur.es\/tormentas-y-rayos\/wp-json\/wp\/v2\/posts\/35751"}],"collection":[{"href":"https:\/\/blogs.diariosur.es\/tormentas-y-rayos\/wp-json\/wp\/v2\/posts"}],"about":[{"href":"https:\/\/blogs.diariosur.es\/tormentas-y-rayos\/wp-json\/wp\/v2\/types\/post"}],"author":[{"embeddable":true,"href":"https:\/\/blogs.diariosur.es\/tormentas-y-rayos\/wp-json\/wp\/v2\/users\/16"}],"replies":[{"embeddable":true,"href":"https:\/\/blogs.diariosur.es\/tormentas-y-rayos\/wp-json\/wp\/v2\/comments?post=35751"}],"version-history":[{"count":9,"href":"https:\/\/blogs.diariosur.es\/tormentas-y-rayos\/wp-json\/wp\/v2\/posts\/35751\/revisions"}],"predecessor-version":[{"id":35777,"href":"https:\/\/blogs.diariosur.es\/tormentas-y-rayos\/wp-json\/wp\/v2\/posts\/35751\/revisions\/35777"}],"wp:featuredmedia":[{"embeddable":true,"href":"https:\/\/blogs.diariosur.es\/tormentas-y-rayos\/wp-json\/wp\/v2\/media\/35754"}],"wp:attachment":[{"href":"https:\/\/blogs.diariosur.es\/tormentas-y-rayos\/wp-json\/wp\/v2\/media?parent=35751"}],"wp:term":[{"taxonomy":"category","embeddable":true,"href":"https:\/\/blogs.diariosur.es\/tormentas-y-rayos\/wp-json\/wp\/v2\/categories?post=35751"},{"taxonomy":"post_tag","embeddable":true,"href":"https:\/\/blogs.diariosur.es\/tormentas-y-rayos\/wp-json\/wp\/v2\/tags?post=35751"}],"curies":[{"name":"wp","href":"https:\/\/api.w.org\/{rel}","templated":true}]}}