{"id":35766,"date":"2023-01-31T08:05:25","date_gmt":"2023-01-31T07:05:25","guid":{"rendered":"https:\/\/blogs.diariosur.es\/tormentas-y-rayos\/?p=35766"},"modified":"2023-01-31T19:26:04","modified_gmt":"2023-01-31T18:26:04","slug":"el-tiempo-en-malaga-andalucia-como-comenzara-febrero-seguira-el-frio-llegaran-las-lluvias","status":"publish","type":"post","link":"https:\/\/blogs.diariosur.es\/tormentas-y-rayos\/2023\/01\/31\/el-tiempo-en-malaga-andalucia-como-comenzara-febrero-seguira-el-frio-llegaran-las-lluvias\/","title":{"rendered":"El tiempo en M\u00e1laga, Andaluc\u00eda. \u00bfC\u00f3mo comenzar\u00e1 febrero, seguir\u00e1 el fr\u00edo, llegaran las lluvias?"},"content":{"rendered":"<p><a href=\"https:\/\/static-blogs.diariosur.es\/wp-content\/uploads\/sites\/12\/2023\/01\/327946939_869693064149145_1099993097779863480_n.jpg\"><img loading=\"lazy\" class=\"aligncenter size-thumbnail wp-image-35771\" src=\"https:\/\/static-blogs.diariosur.es\/wp-content\/uploads\/sites\/12\/2023\/01\/327946939_869693064149145_1099993097779863480_n-150x150.jpg\" alt=\"\" width=\"150\" height=\"150\" \/><\/a><\/p>\n<p>Buenos d\u00edas, amigos de la meteo. Cuando son las ocho menos cuarto de la ma\u00f1ana en M\u00e1laga capital la estaci\u00f3n del Aeropuerto registra 5.3 grados, los cielos est\u00e1n pocos nubosos y la humedad ronda el<span style=\"color: #ff0000;\"> <strong>91%<\/strong>.<\/span> Con esta humedad y como dec\u00edan mis padres, el fr\u00edo cala hasta los huesos jijijij.<\/p>\n<p>Destacar estas temperaturas m\u00ednimas bajo cero en nuestra comunidad. Fuente aemet<\/p>\n<p>Granada Aeropuerto -4.3 grados bajo cero<\/p>\n<p>Baza\u00a0 -6.3 grados bajo cero<\/p>\n<p>And\u00fajar -2.7 grados bajo cero<\/p>\n<p>C\u00f3rdoba Aeropuerto -1.5 grados bajo cero<\/p>\n<p>La Puebla de los Infantes en Sevilla\u00a0 -4.4 grados bajo cero<\/p>\n<p>Espiel en C\u00f3rdoba -4.3 grados bajo cero<\/p>\n<p>&nbsp;<\/p>\n<h3><span style=\"color: #0000ff;\"><strong>\u00bfC\u00f3mo comenzara febrero, seguir\u00e1 el fr\u00edo, llegaran las lluvias?<\/strong><\/span><\/h3>\n<p>La mayor\u00eda de los modelos prev\u00e9n que las temperaturas m\u00e1ximas y m\u00ednimas se vayan recuperando los primeros d\u00edas de Febrero, estar\u00e1n dentro de lo habitual para el mes entrante. El viento ser\u00e1 de componente este en el litoral mediterr\u00e1neo y de levante el el Estrecho, no se esperan rachas fuertes. En la zona del Estrecho y Ceuta tendr\u00e1n nubes bajas el jueves, que pueden dejar algunas mijillas. En Melilla pueden tener algunos chubascos d\u00e9biles.<\/p>\n<p><strong>La mala noticia es que de momento no se esperan las deseadas lluvias en Andaluc\u00eda.<\/strong><\/p>\n<p>Os pongo las temperaturas m\u00e1ximas y m\u00ednimas que prev\u00e9 la aemet en Andaluc\u00eda el 1 y 2 de febrero.<\/p>\n<p>&nbsp;<\/p>\n<p><a href=\"https:\/\/static-blogs.diariosur.es\/wp-content\/uploads\/sites\/12\/2023\/01\/maiercoles.png\"><img loading=\"lazy\" class=\"aligncenter size-full wp-image-35774\" src=\"https:\/\/static-blogs.diariosur.es\/wp-content\/uploads\/sites\/12\/2023\/01\/maiercoles.png\" alt=\"\" width=\"695\" height=\"539\" srcset=\"https:\/\/static-blogs.diariosur.es\/wp-content\/uploads\/sites\/12\/2023\/01\/maiercoles.png 695w, https:\/\/static-blogs.diariosur.es\/wp-content\/uploads\/sites\/12\/2023\/01\/maiercoles-516x400.png 516w\" sizes=\"(max-width: 695px) 100vw, 695px\" \/><\/a><\/p>\n<p>&nbsp;<\/p>\n<p><a href=\"https:\/\/static-blogs.diariosur.es\/wp-content\/uploads\/sites\/12\/2023\/01\/jueves.png\"><img loading=\"lazy\" class=\"aligncenter size-full wp-image-35775\" src=\"https:\/\/static-blogs.diariosur.es\/wp-content\/uploads\/sites\/12\/2023\/01\/jueves.png\" alt=\"\" width=\"692\" height=\"549\" srcset=\"https:\/\/static-blogs.diariosur.es\/wp-content\/uploads\/sites\/12\/2023\/01\/jueves.png 692w, https:\/\/static-blogs.diariosur.es\/wp-content\/uploads\/sites\/12\/2023\/01\/jueves-504x400.png 504w\" sizes=\"(max-width: 692px) 100vw, 692px\" \/><\/a><\/p>\n<p>&nbsp;<\/p>\n<p>Ma\u00f1ana hablaremos del tornado que tuvo M\u00e1laga el domingo 1 de febrero de 2009.<\/p>\n<p>Os dejo con esta foto que hice el domingo en el Puerto del Le\u00f3n. Cerca de la Fuente de la Reina.<\/p>\n<p>&nbsp;<\/p>\n<p><a href=\"https:\/\/static-blogs.diariosur.es\/wp-content\/uploads\/sites\/12\/2023\/01\/DSC0816.jpg\"><img loading=\"lazy\" class=\"aligncenter size-full wp-image-35773\" src=\"https:\/\/static-blogs.diariosur.es\/wp-content\/uploads\/sites\/12\/2023\/01\/DSC0816.jpg\" alt=\"\" width=\"1200\" height=\"675\" srcset=\"https:\/\/static-blogs.diariosur.es\/wp-content\/uploads\/sites\/12\/2023\/01\/DSC0816.jpg 1200w, https:\/\/static-blogs.diariosur.es\/wp-content\/uploads\/sites\/12\/2023\/01\/DSC0816-640x360.jpg 640w, https:\/\/static-blogs.diariosur.es\/wp-content\/uploads\/sites\/12\/2023\/01\/DSC0816-768x432.jpg 768w\" sizes=\"(max-width: 1200px) 100vw, 1200px\" \/><\/a><\/p>\n<p>&nbsp;<\/p>\n<p>&nbsp;<\/p>\n<p>&nbsp;<\/p>\n","protected":false},"excerpt":{"rendered":"<p>Buenos d\u00edas, amigos de la meteo. Cuando son las ocho menos cuarto de la ma\u00f1ana en M\u00e1laga capital la estaci\u00f3n del Aeropuerto registra 5.3 grados, los cielos est\u00e1n pocos nubosos y la humedad ronda el 91%. Con esta humedad y como dec\u00edan mis padres, el fr\u00edo cala hasta los huesos jijijij. Destacar estas temperaturas m\u00ednimas [&hellip;]<\/p>\n","protected":false},"author":16,"featured_media":35773,"comment_status":"open","ping_status":"open","sticky":false,"template":"","format":"standard","meta":[],"categories":[2],"tags":[100,358,403,1814,587],"_links":{"self":[{"href":"https:\/\/blogs.diariosur.es\/tormentas-y-rayos\/wp-json\/wp\/v2\/posts\/35766"}],"collection":[{"href":"https:\/\/blogs.diariosur.es\/tormentas-y-rayos\/wp-json\/wp\/v2\/posts"}],"about":[{"href":"https:\/\/blogs.diariosur.es\/tormentas-y-rayos\/wp-json\/wp\/v2\/types\/post"}],"author":[{"embeddable":true,"href":"https:\/\/blogs.diariosur.es\/tormentas-y-rayos\/wp-json\/wp\/v2\/users\/16"}],"replies":[{"embeddable":true,"href":"https:\/\/blogs.diariosur.es\/tormentas-y-rayos\/wp-json\/wp\/v2\/comments?post=35766"}],"version-history":[{"count":7,"href":"https:\/\/blogs.diariosur.es\/tormentas-y-rayos\/wp-json\/wp\/v2\/posts\/35766\/revisions"}],"predecessor-version":[{"id":35778,"href":"https:\/\/blogs.diariosur.es\/tormentas-y-rayos\/wp-json\/wp\/v2\/posts\/35766\/revisions\/35778"}],"wp:featuredmedia":[{"embeddable":true,"href":"https:\/\/blogs.diariosur.es\/tormentas-y-rayos\/wp-json\/wp\/v2\/media\/35773"}],"wp:attachment":[{"href":"https:\/\/blogs.diariosur.es\/tormentas-y-rayos\/wp-json\/wp\/v2\/media?parent=35766"}],"wp:term":[{"taxonomy":"category","embeddable":true,"href":"https:\/\/blogs.diariosur.es\/tormentas-y-rayos\/wp-json\/wp\/v2\/categories?post=35766"},{"taxonomy":"post_tag","embeddable":true,"href":"https:\/\/blogs.diariosur.es\/tormentas-y-rayos\/wp-json\/wp\/v2\/tags?post=35766"}],"curies":[{"name":"wp","href":"https:\/\/api.w.org\/{rel}","templated":true}]}}