{"id":36011,"date":"2023-02-13T11:25:31","date_gmt":"2023-02-13T10:25:31","guid":{"rendered":"https:\/\/blogs.diariosur.es\/tormentas-y-rayos\/?p=36011"},"modified":"2023-02-13T11:49:22","modified_gmt":"2023-02-13T10:49:22","slug":"el-tiempo-en-malaga-probabilidad-de-un-nuevo-temporal-de-levante-el-viernes-y-sabado","status":"publish","type":"post","link":"https:\/\/blogs.diariosur.es\/tormentas-y-rayos\/2023\/02\/13\/el-tiempo-en-malaga-probabilidad-de-un-nuevo-temporal-de-levante-el-viernes-y-sabado\/","title":{"rendered":"El tiempo en M\u00e1laga. Probabilidad de un nuevo temporal de levante el viernes y s\u00e1bado."},"content":{"rendered":"<p><a href=\"https:\/\/static-blogs.diariosur.es\/wp-content\/uploads\/sites\/12\/2023\/01\/327946939_869693064149145_1099993097779863480_n.jpg\"><img loading=\"lazy\" class=\"aligncenter size-thumbnail wp-image-35771\" src=\"https:\/\/static-blogs.diariosur.es\/wp-content\/uploads\/sites\/12\/2023\/01\/327946939_869693064149145_1099993097779863480_n-150x150.jpg\" alt=\"\" width=\"150\" height=\"150\" \/><\/a><\/p>\n<p>Muy buenos d\u00edas, amigos de la meteo. Antes de hablaros de este probable nuevo temporal que ven algunos modelos, os comento que hablo de <strong>probabilidad<\/strong> no confirmo. De darse depender\u00e1 mucho de la posici\u00f3n del anticicl\u00f3n y una dana.<\/p>\n<p>Pues la jugada puede volver a repetirse curiosamente el viernes y el s\u00e1bado. Nuevamente tendremos un potente anticicl\u00f3n al norte de la pen\u00ednsula y una dana al suroeste.\u00a0En los anticiclones el viento circula en el sentido de las agujas del reloj y en las borrascas al contrario. Como hay mucha diferencia de gradiente de presi\u00f3n por eso se dan esas rachas tan fuertes. Adem\u00e1s de la costa de M\u00e1laga, tambi\u00e9n se ver\u00edan afectada la de Almer\u00eda, Granada, Estrecho, Ceuta, Melilla y costa y campi\u00f1a de C\u00e1diz.<\/p>\n<p>Os paso dos mapas previstos para el mediodia del viernes y otro la madrugada del s\u00e1bado. Fuente meteociel, modelo europeo.<\/p>\n<p>&nbsp;<\/p>\n<p><a href=\"https:\/\/static-blogs.diariosur.es\/wp-content\/uploads\/sites\/12\/2023\/02\/ECM1-120.gif\"><img loading=\"lazy\" class=\"aligncenter size-full wp-image-36012\" src=\"https:\/\/static-blogs.diariosur.es\/wp-content\/uploads\/sites\/12\/2023\/02\/ECM1-120.gif\" alt=\"\" width=\"768\" height=\"512\" \/><\/a><\/p>\n<p>&nbsp;<\/p>\n<p><a href=\"https:\/\/static-blogs.diariosur.es\/wp-content\/uploads\/sites\/12\/2023\/02\/ECM1-120-1-1.gif\"><img loading=\"lazy\" class=\"aligncenter size-full wp-image-36014\" src=\"https:\/\/static-blogs.diariosur.es\/wp-content\/uploads\/sites\/12\/2023\/02\/ECM1-120-1-1.gif\" alt=\"\" width=\"768\" height=\"512\" \/><\/a><\/p>\n<p>&nbsp;<\/p>\n<p>&nbsp;<\/p>\n<p>Os paso estos dos primeros mapas del modelo europeo de r\u00e1fagas de viento de Andaluc\u00eda y costa de Albor\u00e1n. Pero antes leer esto<\/p>\n<h4>R\u00e1fagas, EPS m\u00e1ximo (km\/h)<\/h4>\n<p>Estos mapas muestran el valor m\u00e1ximo para un par\u00e1metro espec\u00edfico pronosticado por cualquiera de los 51 miembros de la EPS.\u00a0Esto representa el extremo superior del rango de posibles resultados y <strong>no debe tomarse como un pron\u00f3stico literal<\/strong> ya que &gt;95% del tiempo el valor observado para el par\u00e1metro en cuesti\u00f3n caer\u00e1 por debajo del pron\u00f3stico m\u00e1ximo de EPS.<\/p>\n<p>En el anterior temporal se acerco mucho a este pronostico.<\/p>\n<p>&nbsp;<\/p>\n<p><a href=\"https:\/\/static-blogs.diariosur.es\/wp-content\/uploads\/sites\/12\/2023\/02\/xx_model-en-342-0_modez_2023021300_102_23783_749.png\"><img loading=\"lazy\" class=\"aligncenter size-full wp-image-36015\" src=\"https:\/\/static-blogs.diariosur.es\/wp-content\/uploads\/sites\/12\/2023\/02\/xx_model-en-342-0_modez_2023021300_102_23783_749.png\" alt=\"\" width=\"760\" height=\"760\" srcset=\"https:\/\/static-blogs.diariosur.es\/wp-content\/uploads\/sites\/12\/2023\/02\/xx_model-en-342-0_modez_2023021300_102_23783_749.png 760w, https:\/\/static-blogs.diariosur.es\/wp-content\/uploads\/sites\/12\/2023\/02\/xx_model-en-342-0_modez_2023021300_102_23783_749-150x150.png 150w, https:\/\/static-blogs.diariosur.es\/wp-content\/uploads\/sites\/12\/2023\/02\/xx_model-en-342-0_modez_2023021300_102_23783_749-400x400.png 400w\" sizes=\"(max-width: 760px) 100vw, 760px\" \/><\/a> <a href=\"https:\/\/static-blogs.diariosur.es\/wp-content\/uploads\/sites\/12\/2023\/02\/xx_model-en-342-0_modez_2023021300_108_923_749.png\"><img loading=\"lazy\" class=\"aligncenter size-full wp-image-36016\" src=\"https:\/\/static-blogs.diariosur.es\/wp-content\/uploads\/sites\/12\/2023\/02\/xx_model-en-342-0_modez_2023021300_108_923_749.png\" alt=\"\" width=\"760\" height=\"760\" srcset=\"https:\/\/static-blogs.diariosur.es\/wp-content\/uploads\/sites\/12\/2023\/02\/xx_model-en-342-0_modez_2023021300_108_923_749.png 760w, https:\/\/static-blogs.diariosur.es\/wp-content\/uploads\/sites\/12\/2023\/02\/xx_model-en-342-0_modez_2023021300_108_923_749-150x150.png 150w, https:\/\/static-blogs.diariosur.es\/wp-content\/uploads\/sites\/12\/2023\/02\/xx_model-en-342-0_modez_2023021300_108_923_749-400x400.png 400w\" sizes=\"(max-width: 760px) 100vw, 760px\" \/><\/a><\/p>\n<p>&nbsp;<\/p>\n<p>Pienso que el mi\u00e9rcoles se podr\u00e1 confirmar este probable nuevo temporal. Sobre el coeficiente de marea, es m\u00e1s bajo que el del viernes y el s\u00e1bado.<\/p>\n<p>Os dejo con algunas fotos del anterior. Recordar que est\u00e1n hechas con un teleobjetivo 500 mm.<\/p>\n<p>&nbsp;<\/p>\n<p><a href=\"https:\/\/static-blogs.diariosur.es\/wp-content\/uploads\/sites\/12\/2023\/02\/z-1.jpg\"><img loading=\"lazy\" class=\"aligncenter size-full wp-image-36018\" src=\"https:\/\/static-blogs.diariosur.es\/wp-content\/uploads\/sites\/12\/2023\/02\/z-1.jpg\" alt=\"\" width=\"1200\" height=\"628\" srcset=\"https:\/\/static-blogs.diariosur.es\/wp-content\/uploads\/sites\/12\/2023\/02\/z-1.jpg 1200w, https:\/\/static-blogs.diariosur.es\/wp-content\/uploads\/sites\/12\/2023\/02\/z-1-640x335.jpg 640w, https:\/\/static-blogs.diariosur.es\/wp-content\/uploads\/sites\/12\/2023\/02\/z-1-768x402.jpg 768w\" sizes=\"(max-width: 1200px) 100vw, 1200px\" \/><\/a><\/p>\n<p>&nbsp;<\/p>\n<p><a href=\"https:\/\/static-blogs.diariosur.es\/wp-content\/uploads\/sites\/12\/2023\/02\/z5.jpg\"><img loading=\"lazy\" class=\"aligncenter size-full wp-image-35968\" src=\"https:\/\/static-blogs.diariosur.es\/wp-content\/uploads\/sites\/12\/2023\/02\/z5.jpg\" alt=\"\" width=\"1200\" height=\"701\" srcset=\"https:\/\/static-blogs.diariosur.es\/wp-content\/uploads\/sites\/12\/2023\/02\/z5.jpg 1200w, https:\/\/static-blogs.diariosur.es\/wp-content\/uploads\/sites\/12\/2023\/02\/z5-640x374.jpg 640w, https:\/\/static-blogs.diariosur.es\/wp-content\/uploads\/sites\/12\/2023\/02\/z5-768x449.jpg 768w\" sizes=\"(max-width: 1200px) 100vw, 1200px\" \/><\/a><\/p>\n<p>&nbsp;<\/p>\n<p><a href=\"https:\/\/static-blogs.diariosur.es\/wp-content\/uploads\/sites\/12\/2023\/02\/z7.jpg\"><img loading=\"lazy\" class=\"aligncenter size-full wp-image-35970\" src=\"https:\/\/static-blogs.diariosur.es\/wp-content\/uploads\/sites\/12\/2023\/02\/z7.jpg\" alt=\"\" width=\"1200\" height=\"675\" srcset=\"https:\/\/static-blogs.diariosur.es\/wp-content\/uploads\/sites\/12\/2023\/02\/z7.jpg 1200w, https:\/\/static-blogs.diariosur.es\/wp-content\/uploads\/sites\/12\/2023\/02\/z7-640x360.jpg 640w, https:\/\/static-blogs.diariosur.es\/wp-content\/uploads\/sites\/12\/2023\/02\/z7-768x432.jpg 768w\" sizes=\"(max-width: 1200px) 100vw, 1200px\" \/><\/a><\/p>\n","protected":false},"excerpt":{"rendered":"<p>Muy buenos d\u00edas, amigos de la meteo. Antes de hablaros de este probable nuevo temporal que ven algunos modelos, os comento que hablo de probabilidad no confirmo. De darse depender\u00e1 mucho de la posici\u00f3n del anticicl\u00f3n y una dana. Pues la jugada puede volver a repetirse curiosamente el viernes y el s\u00e1bado. Nuevamente tendremos un [&hellip;]<\/p>\n","protected":false},"author":16,"featured_media":36017,"comment_status":"open","ping_status":"open","sticky":false,"template":"","format":"standard","meta":[],"categories":[2],"tags":[100,151,389,553,587,676,736,966,1059],"_links":{"self":[{"href":"https:\/\/blogs.diariosur.es\/tormentas-y-rayos\/wp-json\/wp\/v2\/posts\/36011"}],"collection":[{"href":"https:\/\/blogs.diariosur.es\/tormentas-y-rayos\/wp-json\/wp\/v2\/posts"}],"about":[{"href":"https:\/\/blogs.diariosur.es\/tormentas-y-rayos\/wp-json\/wp\/v2\/types\/post"}],"author":[{"embeddable":true,"href":"https:\/\/blogs.diariosur.es\/tormentas-y-rayos\/wp-json\/wp\/v2\/users\/16"}],"replies":[{"embeddable":true,"href":"https:\/\/blogs.diariosur.es\/tormentas-y-rayos\/wp-json\/wp\/v2\/comments?post=36011"}],"version-history":[{"count":4,"href":"https:\/\/blogs.diariosur.es\/tormentas-y-rayos\/wp-json\/wp\/v2\/posts\/36011\/revisions"}],"predecessor-version":[{"id":36023,"href":"https:\/\/blogs.diariosur.es\/tormentas-y-rayos\/wp-json\/wp\/v2\/posts\/36011\/revisions\/36023"}],"wp:featuredmedia":[{"embeddable":true,"href":"https:\/\/blogs.diariosur.es\/tormentas-y-rayos\/wp-json\/wp\/v2\/media\/36017"}],"wp:attachment":[{"href":"https:\/\/blogs.diariosur.es\/tormentas-y-rayos\/wp-json\/wp\/v2\/media?parent=36011"}],"wp:term":[{"taxonomy":"category","embeddable":true,"href":"https:\/\/blogs.diariosur.es\/tormentas-y-rayos\/wp-json\/wp\/v2\/categories?post=36011"},{"taxonomy":"post_tag","embeddable":true,"href":"https:\/\/blogs.diariosur.es\/tormentas-y-rayos\/wp-json\/wp\/v2\/tags?post=36011"}],"curies":[{"name":"wp","href":"https:\/\/api.w.org\/{rel}","templated":true}]}}