{"id":36100,"date":"2023-02-20T14:49:25","date_gmt":"2023-02-20T13:49:25","guid":{"rendered":"https:\/\/blogs.diariosur.es\/tormentas-y-rayos\/?p=36100"},"modified":"2023-02-20T19:06:14","modified_gmt":"2023-02-20T18:06:14","slug":"ultima-hora-nota-informativa-de-la-aemet-episodio-de-tiempo-inestable-e-invernal-en-la-peninsula-y-baleares","status":"publish","type":"post","link":"https:\/\/blogs.diariosur.es\/tormentas-y-rayos\/2023\/02\/20\/ultima-hora-nota-informativa-de-la-aemet-episodio-de-tiempo-inestable-e-invernal-en-la-peninsula-y-baleares\/","title":{"rendered":"\u00daltima hora: Nota informativa de la Aemet: Episodio de tiempo inestable e invernal en la Pen\u00ednsula y Baleares"},"content":{"rendered":"<p>&nbsp;<\/p>\n<p><a href=\"https:\/\/static-blogs.diariosur.es\/wp-content\/uploads\/sites\/12\/2023\/01\/327946939_869693064149145_1099993097779863480_n.jpg\"><img loading=\"lazy\" class=\"aligncenter size-thumbnail wp-image-35771\" src=\"https:\/\/static-blogs.diariosur.es\/wp-content\/uploads\/sites\/12\/2023\/01\/327946939_869693064149145_1099993097779863480_n-150x150.jpg\" alt=\"\" width=\"150\" height=\"150\" \/><\/a><\/p>\n<p>Buenas tardes, amigos de la meteo. Os pongo la nota informativa de la aemet. que ha sacado hace unos minutos. <a href=\"https:\/\/blogs.diariosur.es\/tormentas-y-rayos\/2023\/02\/19\/el-tiempo-en-espana-llovera-nevara-febrerillo-el-orate-cada-dia-hace-un-disparate\/\">Febrerillo el orate cada d\u00eda hace un disparate.<\/a><\/p>\n<h3><span style=\"color: #0000ff;\"><strong>Episodio de tiempo inestable e invernal en la Pen\u00ednsula y Baleares<\/strong><\/span><\/h3>\n<p>Informaci\u00f3n elaborada el d\u00eda 20 de febrero de 2023<br \/>\nTras unos d\u00edas de tiempo pr\u00e1cticamente primaveral, a partir de la segunda mitad del mi\u00e9rcoles, se iniciar\u00e1 un episodio de tiempo inestable e invernal, que afectar\u00e1 a buena parte<br \/>\nde la Pen\u00ednsula y Baleares, especialmente a la mitad norte. Tras el paso de un frente fr\u00edo, que entrar\u00e1 por el noroeste peninsular durante la segunda mitad del mi\u00e9rcoles, habr\u00e1 una entrada de una masa de aire de origen polar y se generar\u00e1 una depresi\u00f3n aislada en niveles altos que rondar\u00e1 la Pen\u00ednsula en los d\u00edas sucesivos con una trayectoria que, a d\u00eda de hoy, tiene una incertidumbre alta. Con todo ello, aparte del descenso de temperaturas ser\u00e1n significativas las nevadas en cotas bajas de la mitad norte peninsular.<br \/>\nA partir de ma\u00f1ana martes 21 se iniciar\u00e1 un descenso de temperaturas que tendr\u00e1 continuidad en d\u00edas sucesivos, especialmente el jueves 23. El mi\u00e9rcoles 22, con el paso del frente, habr\u00e1 precipitaciones que se ir\u00e1n extendiendo de norte a sur por la mitad norte, siendo m\u00e1s intensas en el Cant\u00e1brico, donde pueden ser localmente fuertes o persistentes.<br \/>\nEste d\u00eda se iniciar\u00e1 un descenso de la cota de nieve, empezando en cotas altas, para bajar hasta los 600\/1000 m. en el tercio noroeste, quedando por encima de 1600 m en el resto.<br \/>\nEl jueves y el viernes vendr\u00e1n caracterizados por un ambiente fr\u00edo e inestable. Se esperan\u00a0chubascos y algunas tormentas en la mitad norte, que pueden ser localmente fuertes y con<br \/>\ngranizo, sobre todo en el tercio norte. Se extender\u00e1n de forma m\u00e1s d\u00e9bil y dispersa al resto de la Pen\u00ednsula y Baleares, siendo menos probables cuanto <strong>m\u00e1s al sur<\/strong>. La cota de nieve<br \/>\ndescender\u00e1 progresivamente hasta alcanzar los 400\/600 metros el viernes en el norte, siendo m\u00e1s alta en el \u00e1rea mediterr\u00e1nea. Se esperan heladas en el interior, m\u00e1s extensas<br \/>\nel viernes, que ser\u00e1n fuertes en zonas monta\u00f1osas.<br \/>\nLos d\u00edas siguientes lo m\u00e1s probable es que contin\u00fae el ambiente fr\u00edo e inestable, aunque existe una incertidumbre alta en la trayectoria de la depresi\u00f3n en altura y con ello de la<br \/>\ndistribuci\u00f3n e intensidad de las precipitaciones. Las temperaturas podr\u00edan iniciar cierta recuperaci\u00f3n. Las zonas con mayor probabilidad de precipitaci\u00f3n seguir\u00e1n siendo la mitad<br \/>\nnorte y, por otro lado el \u00e1rea mediterr\u00e1nea, donde hay cierta tendencia a la inestabilizaci\u00f3n. La cota de nieve se mantendr\u00e1 baja, subiendo ligeramente.<\/p>\n<p>Otra cosilla, amigos de la meteo. Esta madrugada hay probabilidad, seg\u00fan el modelo Harmonie,\u00a0 que tengamos algunos chubascos acompa\u00f1ados de barro y algunos rel\u00e1mpagos en algunos puntos de Andaluc\u00eda. No cruzar\u00e1 una l\u00ednea de inestabilidad.<\/p>\n","protected":false},"excerpt":{"rendered":"<p>&nbsp; Buenas tardes, amigos de la meteo. Os pongo la nota informativa de la aemet. que ha sacado hace unos minutos. Febrerillo el orate cada d\u00eda hace un disparate. Episodio de tiempo inestable e invernal en la Pen\u00ednsula y Baleares Informaci\u00f3n elaborada el d\u00eda 20 de febrero de 2023 Tras unos d\u00edas de tiempo pr\u00e1cticamente [&hellip;]<\/p>\n","protected":false},"author":16,"featured_media":35553,"comment_status":"open","ping_status":"open","sticky":false,"template":"","format":"standard","meta":[],"categories":[2],"tags":[100,151,358,375,1819,432,587,690,701,1059],"_links":{"self":[{"href":"https:\/\/blogs.diariosur.es\/tormentas-y-rayos\/wp-json\/wp\/v2\/posts\/36100"}],"collection":[{"href":"https:\/\/blogs.diariosur.es\/tormentas-y-rayos\/wp-json\/wp\/v2\/posts"}],"about":[{"href":"https:\/\/blogs.diariosur.es\/tormentas-y-rayos\/wp-json\/wp\/v2\/types\/post"}],"author":[{"embeddable":true,"href":"https:\/\/blogs.diariosur.es\/tormentas-y-rayos\/wp-json\/wp\/v2\/users\/16"}],"replies":[{"embeddable":true,"href":"https:\/\/blogs.diariosur.es\/tormentas-y-rayos\/wp-json\/wp\/v2\/comments?post=36100"}],"version-history":[{"count":6,"href":"https:\/\/blogs.diariosur.es\/tormentas-y-rayos\/wp-json\/wp\/v2\/posts\/36100\/revisions"}],"predecessor-version":[{"id":36107,"href":"https:\/\/blogs.diariosur.es\/tormentas-y-rayos\/wp-json\/wp\/v2\/posts\/36100\/revisions\/36107"}],"wp:featuredmedia":[{"embeddable":true,"href":"https:\/\/blogs.diariosur.es\/tormentas-y-rayos\/wp-json\/wp\/v2\/media\/35553"}],"wp:attachment":[{"href":"https:\/\/blogs.diariosur.es\/tormentas-y-rayos\/wp-json\/wp\/v2\/media?parent=36100"}],"wp:term":[{"taxonomy":"category","embeddable":true,"href":"https:\/\/blogs.diariosur.es\/tormentas-y-rayos\/wp-json\/wp\/v2\/categories?post=36100"},{"taxonomy":"post_tag","embeddable":true,"href":"https:\/\/blogs.diariosur.es\/tormentas-y-rayos\/wp-json\/wp\/v2\/tags?post=36100"}],"curies":[{"name":"wp","href":"https:\/\/api.w.org\/{rel}","templated":true}]}}