{"id":36344,"date":"2023-03-11T10:32:28","date_gmt":"2023-03-11T09:32:28","guid":{"rendered":"https:\/\/blogs.diariosur.es\/tormentas-y-rayos\/?p=36344"},"modified":"2023-03-11T10:32:28","modified_gmt":"2023-03-11T09:32:28","slug":"claro-ejemplo-hoy-en-malaga-de-sensacion-termica-de-frio-por-viento","status":"publish","type":"post","link":"https:\/\/blogs.diariosur.es\/tormentas-y-rayos\/2023\/03\/11\/claro-ejemplo-hoy-en-malaga-de-sensacion-termica-de-frio-por-viento\/","title":{"rendered":"Claro ejemplo hoy en M\u00e1laga, de sensaci\u00f3n t\u00e9rmica de fr\u00edo por viento."},"content":{"rendered":"<p><a href=\"https:\/\/static-blogs.diariosur.es\/wp-content\/uploads\/sites\/12\/2023\/02\/332386685_899284961223533_6611300991682930729_n-2.jpg\"><img loading=\"lazy\" class=\"aligncenter size-thumbnail wp-image-36112\" src=\"https:\/\/static-blogs.diariosur.es\/wp-content\/uploads\/sites\/12\/2023\/02\/332386685_899284961223533_6611300991682930729_n-2-150x150.jpg\" alt=\"\" width=\"150\" height=\"150\" \/><\/a><\/p>\n<p>Muy buenos d\u00edas, amigos de la meteo. Los que han madrugado e incluso ahora cuando son las 9:30 de la ma\u00f1ana, lo primero que dec\u00edan en la calle era &#8221; que fr\u00edo hace&#8221;. No hacia tanto frio, el culpable el viento. Entre las dos y cuatro de la ma\u00f1ana la temperatura rondaba los 19 y 18 grados, sobre las cinco de la ma\u00f1ana bajo a 17.5 grados.<\/p>\n<p>Os paso la gr\u00e1fica del Aeropuerto de temperatura y viento de la aemet.<\/p>\n<p>&nbsp;<\/p>\n<p><a href=\"https:\/\/static-blogs.diariosur.es\/wp-content\/uploads\/sites\/12\/2023\/03\/aeropuerto.jpg\"><img loading=\"lazy\" class=\"aligncenter size-full wp-image-36346\" src=\"https:\/\/static-blogs.diariosur.es\/wp-content\/uploads\/sites\/12\/2023\/03\/aeropuerto.jpg\" alt=\"\" width=\"1031\" height=\"465\" srcset=\"https:\/\/static-blogs.diariosur.es\/wp-content\/uploads\/sites\/12\/2023\/03\/aeropuerto.jpg 1031w, https:\/\/static-blogs.diariosur.es\/wp-content\/uploads\/sites\/12\/2023\/03\/aeropuerto-640x289.jpg 640w, https:\/\/static-blogs.diariosur.es\/wp-content\/uploads\/sites\/12\/2023\/03\/aeropuerto-768x346.jpg 768w\" sizes=\"(max-width: 1031px) 100vw, 1031px\" \/><\/a><\/p>\n<p><a href=\"https:\/\/static-blogs.diariosur.es\/wp-content\/uploads\/sites\/12\/2023\/03\/aeropuerto-1.jpg\"><img loading=\"lazy\" class=\"aligncenter size-full wp-image-36347\" src=\"https:\/\/static-blogs.diariosur.es\/wp-content\/uploads\/sites\/12\/2023\/03\/aeropuerto-1.jpg\" alt=\"\" width=\"1074\" height=\"481\" srcset=\"https:\/\/static-blogs.diariosur.es\/wp-content\/uploads\/sites\/12\/2023\/03\/aeropuerto-1.jpg 1074w, https:\/\/static-blogs.diariosur.es\/wp-content\/uploads\/sites\/12\/2023\/03\/aeropuerto-1-640x287.jpg 640w, https:\/\/static-blogs.diariosur.es\/wp-content\/uploads\/sites\/12\/2023\/03\/aeropuerto-1-768x344.jpg 768w\" sizes=\"(max-width: 1074px) 100vw, 1074px\" \/><\/a><\/p>\n<p>Estas rachas de viento entre 45 y 52 km\/h que hemos tenido y seguimos teniendo, han hecho que la sensaci\u00f3n t\u00e9rmica fuera de 9 grados en vez de los 17 y 18. Si siguen estas rachas es probable que al final M\u00e1laga capital no llegue a los 29 y 30 grados anunciados, y se queden entre 27 y 28. Ya veremos que pasa al final del d\u00eda, si la velocidad va a menos subir\u00e1n m\u00e1s.<\/p>\n<p>Os adelanto que para el viernes y fin de semana pr\u00f3ximo nuevamente tendremos fresquito, as\u00ed que no hag\u00e1is el cambio de armario.<\/p>\n","protected":false},"excerpt":{"rendered":"<p>Muy buenos d\u00edas, amigos de la meteo. Los que han madrugado e incluso ahora cuando son las 9:30 de la ma\u00f1ana, lo primero que dec\u00edan en la calle era &#8221; que fr\u00edo hace&#8221;. No hacia tanto frio, el culpable el viento. Entre las dos y cuatro de la ma\u00f1ana la temperatura rondaba los 19 y [&hellip;]<\/p>\n","protected":false},"author":16,"featured_media":36347,"comment_status":"open","ping_status":"open","sticky":false,"template":"","format":"standard","meta":[],"categories":[2],"tags":[100,358,432,587,906,971,1059],"_links":{"self":[{"href":"https:\/\/blogs.diariosur.es\/tormentas-y-rayos\/wp-json\/wp\/v2\/posts\/36344"}],"collection":[{"href":"https:\/\/blogs.diariosur.es\/tormentas-y-rayos\/wp-json\/wp\/v2\/posts"}],"about":[{"href":"https:\/\/blogs.diariosur.es\/tormentas-y-rayos\/wp-json\/wp\/v2\/types\/post"}],"author":[{"embeddable":true,"href":"https:\/\/blogs.diariosur.es\/tormentas-y-rayos\/wp-json\/wp\/v2\/users\/16"}],"replies":[{"embeddable":true,"href":"https:\/\/blogs.diariosur.es\/tormentas-y-rayos\/wp-json\/wp\/v2\/comments?post=36344"}],"version-history":[{"count":1,"href":"https:\/\/blogs.diariosur.es\/tormentas-y-rayos\/wp-json\/wp\/v2\/posts\/36344\/revisions"}],"predecessor-version":[{"id":36348,"href":"https:\/\/blogs.diariosur.es\/tormentas-y-rayos\/wp-json\/wp\/v2\/posts\/36344\/revisions\/36348"}],"wp:featuredmedia":[{"embeddable":true,"href":"https:\/\/blogs.diariosur.es\/tormentas-y-rayos\/wp-json\/wp\/v2\/media\/36347"}],"wp:attachment":[{"href":"https:\/\/blogs.diariosur.es\/tormentas-y-rayos\/wp-json\/wp\/v2\/media?parent=36344"}],"wp:term":[{"taxonomy":"category","embeddable":true,"href":"https:\/\/blogs.diariosur.es\/tormentas-y-rayos\/wp-json\/wp\/v2\/categories?post=36344"},{"taxonomy":"post_tag","embeddable":true,"href":"https:\/\/blogs.diariosur.es\/tormentas-y-rayos\/wp-json\/wp\/v2\/tags?post=36344"}],"curies":[{"name":"wp","href":"https:\/\/api.w.org\/{rel}","templated":true}]}}