{"id":36432,"date":"2023-03-20T07:45:00","date_gmt":"2023-03-20T06:45:00","guid":{"rendered":"https:\/\/blogs.diariosur.es\/tormentas-y-rayos\/?p=36432"},"modified":"2023-03-20T16:14:22","modified_gmt":"2023-03-20T15:14:22","slug":"pom-pom-quien-es-el-verano-otra-vez-entra-y-no-cierres-la-puerta-por-favor","status":"publish","type":"post","link":"https:\/\/blogs.diariosur.es\/tormentas-y-rayos\/2023\/03\/20\/pom-pom-quien-es-el-verano-otra-vez-entra-y-no-cierres-la-puerta-por-favor\/","title":{"rendered":"Pom, pom&#8230;. \u00bfQui\u00e9n es? El verano otra vez. Entra y no cierres la puerta, por favor."},"content":{"rendered":"<p><a href=\"https:\/\/static-blogs.diariosur.es\/wp-content\/uploads\/sites\/12\/2022\/02\/terral.jpg\"><img loading=\"lazy\" class=\"aligncenter size-thumbnail wp-image-32402\" src=\"https:\/\/static-blogs.diariosur.es\/wp-content\/uploads\/sites\/12\/2022\/02\/terral-150x150.jpg\" alt=\"\" width=\"150\" height=\"150\" srcset=\"https:\/\/static-blogs.diariosur.es\/wp-content\/uploads\/sites\/12\/2022\/02\/terral-150x150.jpg 150w, https:\/\/static-blogs.diariosur.es\/wp-content\/uploads\/sites\/12\/2022\/02\/terral-400x400.jpg 400w, https:\/\/static-blogs.diariosur.es\/wp-content\/uploads\/sites\/12\/2022\/02\/terral.jpg 768w\" sizes=\"(max-width: 150px) 100vw, 150px\" \/><\/a><\/p>\n<p>Muy buenos d\u00edas, amigos de la meteo. Antes de hablaros del pom, pom, y ante la multitud de mensajes pregunt\u00e1ndome por la Semana Santa, os comunico que hasta el jueves o viernes no dar\u00e9 una probable predicci\u00f3n para el Domingo de Ramos. Os vuelvo a poner este post de hace unos d\u00edas.<\/p>\n<h3><a href=\"https:\/\/blogs.diariosur.es\/tormentas-y-rayos\/2023\/03\/03\/que-tiempo-hemos-tenido-en-semana-santa-en-malaga-otros-anos-los-ultimos-dias-de-marzo-y-primeros-de-abril\/\"><strong>\u00a0\u00bfQu\u00e9 tiempo hemos tenido en Semana Santa en M\u00e1laga otros a\u00f1os, los \u00faltimos dias de marzo y primeros de abril?<\/strong><\/a><\/h3>\n<p>Cuando son las siete de la ma\u00f1ana en M\u00e1laga capital, la estaci\u00f3n de la aemet del Aeropuerto registra 8.9 grados, los cielos est\u00e1n despejados y el viento sopla flojo de direcci\u00f3n variable. Es probable que en algunos momentos del d\u00eda tengamos nubes bajas en la costa malague\u00f1a.<\/p>\n<p>A partir del mi\u00e9rcoles y probablemente hasta el domingo, las temperaturas m\u00e1ximas estar\u00e1n por encima de la media en toda la provincia de M\u00e1laga. Es probable que el viernes nos visite nuestro amigo malague\u00f1o el terral, registr\u00e1ndose unas m\u00e1ximas en las zonas habituales de entre 26 y 29 grados. En las dem\u00e1s provincias andaluzas, tambi\u00e9n tendr\u00e1n un verano adelantado esta semanay primeros dias de la seguiente.<\/p>\n<p>La probabilidad de precipitaciones es muy baja hasta el domingo en toda Andaluc\u00eda.<\/p>\n<p>Nos vemos ma\u00f1ana.<\/p>\n<p>&nbsp;<\/p>\n<p>&nbsp;<\/p>\n","protected":false},"excerpt":{"rendered":"<p>Muy buenos d\u00edas, amigos de la meteo. Antes de hablaros del pom, pom, y ante la multitud de mensajes pregunt\u00e1ndome por la Semana Santa, os comunico que hasta el jueves o viernes no dar\u00e9 una probable predicci\u00f3n para el Domingo de Ramos. Os vuelvo a poner este post de hace unos d\u00edas. \u00a0\u00bfQu\u00e9 tiempo hemos [&hellip;]<\/p>\n","protected":false},"author":16,"featured_media":23673,"comment_status":"open","ping_status":"open","sticky":false,"template":"","format":"standard","meta":[],"categories":[2],"tags":[81,100,358,587,800,962,975,1052],"_links":{"self":[{"href":"https:\/\/blogs.diariosur.es\/tormentas-y-rayos\/wp-json\/wp\/v2\/posts\/36432"}],"collection":[{"href":"https:\/\/blogs.diariosur.es\/tormentas-y-rayos\/wp-json\/wp\/v2\/posts"}],"about":[{"href":"https:\/\/blogs.diariosur.es\/tormentas-y-rayos\/wp-json\/wp\/v2\/types\/post"}],"author":[{"embeddable":true,"href":"https:\/\/blogs.diariosur.es\/tormentas-y-rayos\/wp-json\/wp\/v2\/users\/16"}],"replies":[{"embeddable":true,"href":"https:\/\/blogs.diariosur.es\/tormentas-y-rayos\/wp-json\/wp\/v2\/comments?post=36432"}],"version-history":[{"count":3,"href":"https:\/\/blogs.diariosur.es\/tormentas-y-rayos\/wp-json\/wp\/v2\/posts\/36432\/revisions"}],"predecessor-version":[{"id":36435,"href":"https:\/\/blogs.diariosur.es\/tormentas-y-rayos\/wp-json\/wp\/v2\/posts\/36432\/revisions\/36435"}],"wp:featuredmedia":[{"embeddable":true,"href":"https:\/\/blogs.diariosur.es\/tormentas-y-rayos\/wp-json\/wp\/v2\/media\/23673"}],"wp:attachment":[{"href":"https:\/\/blogs.diariosur.es\/tormentas-y-rayos\/wp-json\/wp\/v2\/media?parent=36432"}],"wp:term":[{"taxonomy":"category","embeddable":true,"href":"https:\/\/blogs.diariosur.es\/tormentas-y-rayos\/wp-json\/wp\/v2\/categories?post=36432"},{"taxonomy":"post_tag","embeddable":true,"href":"https:\/\/blogs.diariosur.es\/tormentas-y-rayos\/wp-json\/wp\/v2\/tags?post=36432"}],"curies":[{"name":"wp","href":"https:\/\/api.w.org\/{rel}","templated":true}]}}