{"id":36445,"date":"2023-03-23T07:43:08","date_gmt":"2023-03-23T06:43:08","guid":{"rendered":"https:\/\/blogs.diariosur.es\/tormentas-y-rayos\/?p=36445"},"modified":"2023-03-23T07:44:07","modified_gmt":"2023-03-23T06:44:07","slug":"que-tiempo-hara-en-malaga-el-ultimo-fin-de-semana-de-marzo","status":"publish","type":"post","link":"https:\/\/blogs.diariosur.es\/tormentas-y-rayos\/2023\/03\/23\/que-tiempo-hara-en-malaga-el-ultimo-fin-de-semana-de-marzo\/","title":{"rendered":"\u00bfQu\u00e9 tiempo har\u00e1 en M\u00e1laga el \u00faltimo fin de semana de marzo?"},"content":{"rendered":"<p><a href=\"https:\/\/static-blogs.diariosur.es\/wp-content\/uploads\/sites\/12\/2023\/01\/327946939_869693064149145_1099993097779863480_n.jpg\"><img loading=\"lazy\" class=\"aligncenter size-thumbnail wp-image-35771\" src=\"https:\/\/static-blogs.diariosur.es\/wp-content\/uploads\/sites\/12\/2023\/01\/327946939_869693064149145_1099993097779863480_n-150x150.jpg\" alt=\"\" width=\"150\" height=\"150\" \/><\/a><\/p>\n<p>Muy buenos d\u00edas, amigos de la meteo. Antes de daros la previsi\u00f3n del fin de semana, os recuerdo que hoy es el D\u00eda Mundial de la Meteorolog\u00eda.<\/p>\n<p><strong>Ma\u00f1ana viernes d\u00eda 24<\/strong>, se cumple un a\u00f1o de la impresionante lluvia de barro y curiosamente la previsi\u00f3n del tiempo para ma\u00f1ana no tendr\u00e1 nada que ver con lo que paso ese d\u00eda. El terral ser\u00e1 protagonista en las zonas habituales de M\u00e1laga, registr\u00e1ndose m\u00e1ximas entre 26 y 30 grados. En las dem\u00e1s zonas de la provincia entre los 22 y 25 grados. No hay probabilidad de lluvias y tendremos cielos limpios de calima. Destacar algunas rachas de moderadas a fuertes de poniente. Os pongo el enlace al post donde el d\u00eda pasado hice un gran reportaje de fotos y v\u00eddeos de la calima, y a continuaci\u00f3n las temperaturas m\u00e1ximas y m\u00ednimas que prev\u00e9 la aemet para ma\u00f1ana.<\/p>\n<p>&nbsp;<\/p>\n<p>&nbsp;<\/p>\n<h3 class=\"voc-blogs-section\"><a href=\"https:\/\/blogs.diariosur.es\/tormentas-y-rayos\/2023\/03\/13\/primer-aniversario-de-cuando-el-sahara-llego-a-las-puertas-de-las-casas-fotos-y-videos\/\">Primer aniversario de cuando el S\u00e1hara lleg\u00f3 a las puertas de las casas. Fotos y videos<\/a><\/h3>\n<p>&nbsp;<\/p>\n<p><a href=\"https:\/\/static-blogs.diariosur.es\/wp-content\/uploads\/sites\/12\/2023\/03\/viernes-1.jpg\"><img loading=\"lazy\" class=\"aligncenter size-full wp-image-36446\" src=\"https:\/\/static-blogs.diariosur.es\/wp-content\/uploads\/sites\/12\/2023\/03\/viernes-1.jpg\" alt=\"\" width=\"698\" height=\"549\" srcset=\"https:\/\/static-blogs.diariosur.es\/wp-content\/uploads\/sites\/12\/2023\/03\/viernes-1.jpg 698w, https:\/\/static-blogs.diariosur.es\/wp-content\/uploads\/sites\/12\/2023\/03\/viernes-1-509x400.jpg 509w\" sizes=\"(max-width: 698px) 100vw, 698px\" \/><\/a><\/p>\n<h3><\/h3>\n<h3><span style=\"color: #0000ff;\"><strong>\u00bfQu\u00e9 tiempo har\u00e1 en M\u00e1laga el \u00faltimo fin de semana de marzo?<\/strong><\/span><\/h3>\n<p><strong>El s\u00e1bado<\/strong> a primera horas de la ma\u00f1ana el viento ser\u00e1 del este sureste flojo, el terral nos dar\u00e1 un respiro. Por la tarde hay probabilidad de brumas e incluso de ver frente a la costa de M\u00e1laga bancos de tar\u00f3 ( niebla de advecci\u00f3n). La probabilidad de precipitaciones es muy baja. Las temperaturas m\u00e1ximas bajaran en las zonas donde el d\u00eda anterior tuvieron terral, en cambio subir\u00e1n en la comarca de Antequera<\/p>\n<p><strong>El domingo<\/strong> nuevamente nos visitar\u00e1 el terral y el poniente, se esperan <strong>rachas de viento moderadas y fuertes<\/strong> en zonas de costas. Las temperaturas m\u00e1ximas en las zonas habituales donde entre el terral rondar\u00e1n entre los 26 y 30 grados, probablemente en alg\u00fan momento del d\u00eda en el Rinc\u00f3n de la Victoria tambi\u00e9n hay probabilidad de terral. En las dem\u00e1s zonas donde no entre el terral las temperaturas m\u00e1ximas rondaran los 21 y 25 grados. La probabilidad de precipitaciones es muy baja.<\/p>\n<p>&nbsp;<\/p>\n","protected":false},"excerpt":{"rendered":"<p>Muy buenos d\u00edas, amigos de la meteo. Antes de daros la previsi\u00f3n del fin de semana, os recuerdo que hoy es el D\u00eda Mundial de la Meteorolog\u00eda. Ma\u00f1ana viernes d\u00eda 24, se cumple un a\u00f1o de la impresionante lluvia de barro y curiosamente la previsi\u00f3n del tiempo para ma\u00f1ana no tendr\u00e1 nada que ver con [&hellip;]<\/p>\n","protected":false},"author":16,"featured_media":24864,"comment_status":"open","ping_status":"open","sticky":false,"template":"","format":"standard","meta":[],"categories":[2],"tags":[358,410,587,800,902,975,1059],"_links":{"self":[{"href":"https:\/\/blogs.diariosur.es\/tormentas-y-rayos\/wp-json\/wp\/v2\/posts\/36445"}],"collection":[{"href":"https:\/\/blogs.diariosur.es\/tormentas-y-rayos\/wp-json\/wp\/v2\/posts"}],"about":[{"href":"https:\/\/blogs.diariosur.es\/tormentas-y-rayos\/wp-json\/wp\/v2\/types\/post"}],"author":[{"embeddable":true,"href":"https:\/\/blogs.diariosur.es\/tormentas-y-rayos\/wp-json\/wp\/v2\/users\/16"}],"replies":[{"embeddable":true,"href":"https:\/\/blogs.diariosur.es\/tormentas-y-rayos\/wp-json\/wp\/v2\/comments?post=36445"}],"version-history":[{"count":2,"href":"https:\/\/blogs.diariosur.es\/tormentas-y-rayos\/wp-json\/wp\/v2\/posts\/36445\/revisions"}],"predecessor-version":[{"id":36449,"href":"https:\/\/blogs.diariosur.es\/tormentas-y-rayos\/wp-json\/wp\/v2\/posts\/36445\/revisions\/36449"}],"wp:featuredmedia":[{"embeddable":true,"href":"https:\/\/blogs.diariosur.es\/tormentas-y-rayos\/wp-json\/wp\/v2\/media\/24864"}],"wp:attachment":[{"href":"https:\/\/blogs.diariosur.es\/tormentas-y-rayos\/wp-json\/wp\/v2\/media?parent=36445"}],"wp:term":[{"taxonomy":"category","embeddable":true,"href":"https:\/\/blogs.diariosur.es\/tormentas-y-rayos\/wp-json\/wp\/v2\/categories?post=36445"},{"taxonomy":"post_tag","embeddable":true,"href":"https:\/\/blogs.diariosur.es\/tormentas-y-rayos\/wp-json\/wp\/v2\/tags?post=36445"}],"curies":[{"name":"wp","href":"https:\/\/api.w.org\/{rel}","templated":true}]}}