{"id":36505,"date":"2023-03-31T08:48:43","date_gmt":"2023-03-31T06:48:43","guid":{"rendered":"https:\/\/blogs.diariosur.es\/tormentas-y-rayos\/?p=36505"},"modified":"2023-03-31T12:52:10","modified_gmt":"2023-03-31T10:52:10","slug":"hasta-diez-grados-de-diferencia-tuvimos-ayer-entre-el-aeropuerto-y-el-puerto-en-malaga-aviso-naranja-en-gran-canaria","status":"publish","type":"post","link":"https:\/\/blogs.diariosur.es\/tormentas-y-rayos\/2023\/03\/31\/hasta-diez-grados-de-diferencia-tuvimos-ayer-entre-el-aeropuerto-y-el-puerto-en-malaga-aviso-naranja-en-gran-canaria\/","title":{"rendered":"Hasta diez grados de diferencia tuvimos ayer entre el Aeropuerto y el Puerto en M\u00e1laga. Aviso naranja en Gran Canaria"},"content":{"rendered":"<p><a href=\"https:\/\/static-blogs.diariosur.es\/wp-content\/uploads\/sites\/12\/2022\/12\/15003244_10209205767200208_5978289506419899153_o-1.jpg\"><img loading=\"lazy\" class=\"aligncenter size-thumbnail wp-image-35431\" src=\"https:\/\/static-blogs.diariosur.es\/wp-content\/uploads\/sites\/12\/2022\/12\/15003244_10209205767200208_5978289506419899153_o-1-150x150.jpg\" alt=\"\" width=\"150\" height=\"150\" srcset=\"https:\/\/static-blogs.diariosur.es\/wp-content\/uploads\/sites\/12\/2022\/12\/15003244_10209205767200208_5978289506419899153_o-1-150x150.jpg 150w, https:\/\/static-blogs.diariosur.es\/wp-content\/uploads\/sites\/12\/2022\/12\/15003244_10209205767200208_5978289506419899153_o-1-400x400.jpg 400w, https:\/\/static-blogs.diariosur.es\/wp-content\/uploads\/sites\/12\/2022\/12\/15003244_10209205767200208_5978289506419899153_o-1-768x768.jpg 768w, https:\/\/static-blogs.diariosur.es\/wp-content\/uploads\/sites\/12\/2022\/12\/15003244_10209205767200208_5978289506419899153_o-1.jpg 1069w\" sizes=\"(max-width: 150px) 100vw, 150px\" \/><\/a><\/p>\n<p style=\"text-align: justify; line-height: 21.6pt; background: white; margin: 0cm 0cm 12.0pt 0cm;\"><span style=\"font-size: 13.5pt; font-family: 'IBM Plex Serif',serif; color: black;\">Muy buenos d\u00edas, amigos de la meteo. Ayer por problemas t\u00e9cnicos en mi ordenador, no puede comentarme v\u00eda skype en directo con Lleg\u00f3 la Hora de la 101 tv. Hoy a las 12 del mediod\u00eda si me podr\u00e9is ver,\u00a0 actualizando la previsi\u00f3n de Semana Santa.<\/span><\/p>\n<p style=\"text-align: start; line-height: 21.6pt; background: white; box-sizing: border-box; font-variant-ligatures: normal; font-variant-caps: normal; orphans: 2; widows: 2; -webkit-text-stroke-width: 0px; text-decoration-thickness: initial; text-decoration-style: initial; text-decoration-color: initial; word-spacing: 0px; margin: 0cm 0cm 12.0pt 0cm;\"><span style=\"font-size: 13.5pt; font-family: 'IBM Plex Serif',serif; color: black;\">Cuando son las ocho de la ma\u00f1ana en M\u00e1laga capital, la estaci\u00f3n del Aeropuerto ha registrado una m\u00ednima de 20.2 grados a las 08:50 de la ma\u00f1ana. Si al final del d\u00eda la m\u00ednima es de 20.2 grados, posiblemente batiremos el r\u00e9cord de m\u00ednima m\u00e1s alta desde 1942 en el Aeropuerto. Otras m\u00ednimas destacadas se dieron en el 1952 con 19.2 grados, 1987 con 19.4 grados y el r\u00e9cord con 19.7 grados que se registro un 30 de marzo del a\u00f1o 2015.<\/span><\/p>\n<p style=\"text-align: start; line-height: 21.6pt; background: white; box-sizing: border-box; font-variant-ligatures: normal; font-variant-caps: normal; orphans: 2; widows: 2; -webkit-text-stroke-width: 0px; text-decoration-thickness: initial; text-decoration-style: initial; text-decoration-color: initial; word-spacing: 0px; margin: 0cm 0cm 12.0pt 0cm;\"><span style=\"font-size: 13.5pt; font-family: 'IBM Plex Serif',serif; color: black;\">Ayer tuvimos sorpresas con el terral, se esperaba a primeras horas de la ma\u00f1ana y entro por la tarde en el Aeropuerto sobre las seis y en el Puerto sobre las ocho. En ese periodo de tiempo hubo hasta diez grados de diferencia entre estas dos estaciones de la aemet. Esto que os comento se da en muchas ocasiones cuando sopla el terral, incluso en ocasiones el terral no llega al Puerto.<\/span><\/p>\n<p style=\"text-align: start; line-height: 21.6pt; background: white; box-sizing: border-box; font-variant-ligatures: normal; font-variant-caps: normal; orphans: 2; widows: 2; -webkit-text-stroke-width: 0px; text-decoration-thickness: initial; text-decoration-style: initial; text-decoration-color: initial; word-spacing: 0px; margin: 0cm 0cm 12.0pt 0cm;\"><span style=\"font-size: 13.5pt; font-family: 'IBM Plex Serif',serif; color: black;\">Os pongo las m\u00e1ximas y horario de las tres estaciones que tiene la aemet en M\u00e1laga.<\/span><\/p>\n<p><strong>ESTACI\u00d3N DEL AEROPUERTO<\/strong><\/p>\n<p>31.2 grados a las 18:20<\/p>\n<p><strong>ESTACI\u00d3N CENTRO METEOROL\u00d3GICO<\/strong><\/p>\n<p>31 grados a las 18:30<\/p>\n<p><strong>ESTACI\u00d3N DEL PUERTO<\/strong><\/p>\n<p>28.6 grados a las 19:50<\/p>\n<p>Os paso las gr\u00e1ficas del Aeropuerto y Puerto. Fuente aemet.<\/p>\n<p><a href=\"https:\/\/static-blogs.diariosur.es\/wp-content\/uploads\/sites\/12\/2023\/03\/z.jpg\"><img loading=\"lazy\" class=\"aligncenter size-full wp-image-36510\" src=\"https:\/\/static-blogs.diariosur.es\/wp-content\/uploads\/sites\/12\/2023\/03\/z.jpg\" alt=\"\" width=\"1056\" height=\"501\" srcset=\"https:\/\/static-blogs.diariosur.es\/wp-content\/uploads\/sites\/12\/2023\/03\/z.jpg 1056w, https:\/\/static-blogs.diariosur.es\/wp-content\/uploads\/sites\/12\/2023\/03\/z-640x304.jpg 640w, https:\/\/static-blogs.diariosur.es\/wp-content\/uploads\/sites\/12\/2023\/03\/z-768x364.jpg 768w\" sizes=\"(max-width: 1056px) 100vw, 1056px\" \/><\/a><\/p>\n<p><a href=\"https:\/\/static-blogs.diariosur.es\/wp-content\/uploads\/sites\/12\/2023\/03\/zz.jpg\"><img loading=\"lazy\" class=\"aligncenter size-full wp-image-36511\" src=\"https:\/\/static-blogs.diariosur.es\/wp-content\/uploads\/sites\/12\/2023\/03\/zz.jpg\" alt=\"\" width=\"1052\" height=\"470\" srcset=\"https:\/\/static-blogs.diariosur.es\/wp-content\/uploads\/sites\/12\/2023\/03\/zz.jpg 1052w, https:\/\/static-blogs.diariosur.es\/wp-content\/uploads\/sites\/12\/2023\/03\/zz-640x286.jpg 640w, https:\/\/static-blogs.diariosur.es\/wp-content\/uploads\/sites\/12\/2023\/03\/zz-768x343.jpg 768w\" sizes=\"(max-width: 1052px) 100vw, 1052px\" \/><\/a><\/p>\n<p style=\"text-align: justify; line-height: 21.6pt; background: white; margin: 0cm 0cm 12.0pt 0cm;\"><span style=\"font-size: 13.5pt; font-family: 'IBM Plex Serif',serif; color: black;\">Si se confirma la temperatura del Aeropuerto, habremos igualado el r\u00e9cord segundo de temperatura m\u00e1xima que se registro en el a\u00f1o 1952. El r\u00e9cord absoluto se dio el 26 de marzo de 1988 con 31.4 grados. Hoy podemos igualarlo e incluso batirlo, esta noche lo sabremos.<\/span><\/p>\n<p style=\"text-align: start; line-height: 21.6pt; background: white; box-sizing: border-box; font-variant-ligatures: normal; font-variant-caps: normal; orphans: 2; widows: 2; -webkit-text-stroke-width: 0px; text-decoration-thickness: initial; text-decoration-style: initial; text-decoration-color: initial; word-spacing: 0px; margin: 0cm 0cm 12.0pt 0cm;\"><span style=\"font-size: 13.5pt; font-family: 'IBM Plex Serif',serif; color: black;\">Las temperaturas m\u00e1s altas en la provincia de M\u00e1laga la registraron C\u00e1rtama con 31.8 grados, \u00c1lora con 31.7 grados, seguida de Estepona con 31.3. Fuente aemet y meteoclimatic. En esta ocasi\u00f3n no entro el terral en la Axarqu\u00eda.<\/span><\/p>\n<p>Ma\u00f1ana como he comentado estos d\u00edas seguir\u00e1 el terral, pero con m\u00e1ximas m\u00e1s bajas. El domingo entrar\u00e1 el levante antes del mediod\u00eda, el cambio de terral a levante vendr\u00e1 acompa\u00f1ado de rachas moderadas.<\/p>\n<p>Destacar las temperaturas tan altas que se dieron en las Islas Canarias, en Gran Canaria se activo el aviso naranja, hoy viernes tambi\u00e9n esta activo. La calima tambi\u00e9n fue protagonista.<\/p>\n<p>Os pongo las m\u00e1ximas que se dieron.<\/p>\n<table class=\"tabla_datosresumen tabla_responsive\" cellspacing=\"0\">\n<thead>\n<tr class=\"cabecera_niv1\">\n<th class=\"padding1px4px\" colspan=\"6\" abbr=\"T. max.\">\n<div><strong>Temperatura m\u00e1xima (\u00b0C)<\/strong><\/div>\n<\/th>\n<\/tr>\n<\/thead>\n<tbody>\n<tr class=\"cabecera_niv2\">\n<th class=\"padding1px4px ocultar_resp\" abbr=\"Est.\">\n<div><strong>Estaci\u00f3n<\/strong><\/div>\n<\/th>\n<th class=\"padding1px4px ocultar_resp\" abbr=\"Prov.\">\n<div><strong>Provincia<\/strong><\/div>\n<\/th>\n<th class=\"padding1px4px ocultar_resp\" abbr=\"H\">\n<div><strong>Hora<\/strong><\/div>\n<\/th>\n<th class=\"padding1px4px ocultar_resp\" abbr=\"T. max.\">\n<div><strong>\u00b0C<\/strong><\/div>\n<\/th>\n<\/tr>\n<tr class=\"fila_impar\">\n<td class=\"alinear_texto_izq tabla_temperatura\"><strong><a class=\"enlace_web\" href=\"https:\/\/www.aemet.es\/es\/eltiempo\/observacion\/ultimosdatos?k=&amp;l=C628B&amp;w=2&amp;datos=img&amp;f=\" rel=\"external nofollow\">La Aldea de San Nicol\u00e1s, Tasarte<\/a><\/strong><\/td>\n<td class=\"texto_normal_centrado tabla_temperatura\"><strong>\u00a0Las Palmas<\/strong><\/td>\n<td class=\"texto_normal_centrado tabla_temperatura\"><strong>14:20<\/strong><\/td>\n<td class=\"texto_normal_centrado tabla_temperatura\"><strong>\u00a0 38.2<\/strong><\/td>\n<\/tr>\n<tr class=\"fila_par\">\n<td class=\"alinear_texto_izq tabla_temperatura\"><strong><a class=\"enlace_web\" href=\"https:\/\/www.aemet.es\/es\/eltiempo\/observacion\/ultimosdatos?k=&amp;l=C429I&amp;w=2&amp;datos=img&amp;f=\" rel=\"external nofollow\">Tenerife Sur Aeropuerto<\/a><\/strong><\/td>\n<td class=\"texto_normal_centrado tabla_temperatura\"><strong>Santa Cruz de Tenerife<\/strong><\/td>\n<td class=\"texto_normal_centrado tabla_temperatura\"><strong>16:00<\/strong><\/td>\n<td class=\"texto_normal_centrado tabla_temperatura\"><strong>\u00a0 37.7<\/strong><\/td>\n<\/tr>\n<tr class=\"fila_impar\">\n<td class=\"alinear_texto_izq tabla_temperatura\"><strong><a class=\"enlace_web\" href=\"https:\/\/www.aemet.es\/es\/eltiempo\/observacion\/ultimosdatos?k=&amp;l=C639M&amp;w=2&amp;datos=img&amp;f=\" rel=\"external nofollow\">Maspalomas, C. Insular Turismo<\/a><\/strong><\/td>\n<td class=\"texto_normal_centrado tabla_temperatura\"><strong>Las Palmas<\/strong><\/td>\n<td class=\"texto_normal_centrado tabla_temperatura\"><strong>15:40<\/strong><\/td>\n<td class=\"texto_normal_centrado tabla_temperatura\"><strong>\u00a0 37.2<\/strong><\/td>\n<\/tr>\n<tr class=\"fila_par\">\n<td class=\"alinear_texto_izq tabla_temperatura\"><strong><a class=\"enlace_web\" href=\"https:\/\/www.aemet.es\/es\/eltiempo\/observacion\/ultimosdatos?k=&amp;l=C229J&amp;w=2&amp;datos=img&amp;f=\" rel=\"external nofollow\">P\u00e1jara<\/a><\/strong><\/td>\n<td class=\"texto_normal_centrado tabla_temperatura\"><strong>Las Palmas<\/strong><\/td>\n<td class=\"texto_normal_centrado tabla_temperatura\"><strong>22:10<\/strong><\/td>\n<td class=\"texto_normal_centrado tabla_temperatura\"><strong>\u00a0 36.9<\/strong><\/td>\n<\/tr>\n<tr class=\"fila_impar\">\n<td class=\"alinear_texto_izq tabla_temperatura\"><strong><a class=\"enlace_web\" href=\"https:\/\/www.aemet.es\/es\/eltiempo\/observacion\/ultimosdatos?k=&amp;l=C619X&amp;w=2&amp;datos=img&amp;f=\" rel=\"external nofollow\">Agaete<\/a><\/strong><\/td>\n<td class=\"texto_normal_centrado tabla_temperatura\"><strong>Las Palmas<\/strong><\/td>\n<td class=\"texto_normal_centrado tabla_temperatura\"><strong>15:00<\/strong><\/td>\n<td class=\"texto_normal_centrado tabla_temperatura\"><strong>\u00a0 36.8<\/strong><\/td>\n<\/tr>\n<tr class=\"fila_par\">\n<td class=\"alinear_texto_izq tabla_temperatura\"><strong><a class=\"enlace_web\" href=\"https:\/\/www.aemet.es\/es\/eltiempo\/observacion\/ultimosdatos?k=&amp;l=C619Y&amp;w=2&amp;datos=img&amp;f=\" rel=\"external nofollow\">La Aldea de San Nicol\u00e1s<\/a><\/strong><\/td>\n<td class=\"texto_normal_centrado tabla_temperatura\"><strong>Las Palmas<\/strong><\/td>\n<td class=\"texto_normal_centrado tabla_temperatura\"><strong>16:30<\/strong><\/td>\n<td class=\"texto_normal_centrado tabla_temperatura\"><strong>\u00a0 36.5<\/strong><\/td>\n<\/tr>\n<tr class=\"fila_impar\">\n<td class=\"alinear_texto_izq tabla_temperatura\"><strong><a class=\"enlace_web\" href=\"https:\/\/www.aemet.es\/es\/eltiempo\/observacion\/ultimosdatos?k=&amp;l=C648C&amp;w=2&amp;datos=img&amp;f=\" rel=\"external nofollow\">Ag\u00fcimes<\/a><\/strong><\/td>\n<td class=\"texto_normal_centrado tabla_temperatura\"><strong>Las Palmas<\/strong><\/td>\n<td class=\"texto_normal_centrado tabla_temperatura\"><strong>15:30<\/strong><\/td>\n<td class=\"texto_normal_centrado tabla_temperatura\"><strong>\u00a0 35.1<\/strong><\/td>\n<\/tr>\n<tr class=\"fila_par\">\n<td class=\"alinear_texto_izq tabla_temperatura\"><strong><a class=\"enlace_web\" href=\"https:\/\/www.aemet.es\/es\/eltiempo\/observacion\/ultimosdatos?k=&amp;l=C018J&amp;w=2&amp;datos=img&amp;f=\" rel=\"external nofollow\">T\u00edas<\/a><\/strong><\/td>\n<td class=\"texto_normal_centrado tabla_temperatura\"><strong>Las Palmas<\/strong><\/td>\n<td class=\"texto_normal_centrado tabla_temperatura\"><strong>16:00<\/strong><\/td>\n<td class=\"texto_normal_centrado tabla_temperatura\"><strong>\u00a0 35.1<\/strong><\/td>\n<\/tr>\n<tr class=\"fila_impar\">\n<td class=\"alinear_texto_izq tabla_temperatura\"><strong><a class=\"enlace_web\" href=\"https:\/\/www.aemet.es\/es\/eltiempo\/observacion\/ultimosdatos?k=&amp;l=C668V&amp;w=2&amp;datos=img&amp;f=\" rel=\"external nofollow\">Agaete &#8211; Suerte Alta<\/a><\/strong><\/td>\n<td class=\"texto_normal_centrado tabla_temperatura\"><strong>Las Palmas<\/strong><\/td>\n<td class=\"texto_normal_centrado tabla_temperatura\"><strong>15:30<\/strong><\/td>\n<td class=\"texto_normal_centrado tabla_temperatura\"><strong>\u00a0 34.9<\/strong><\/td>\n<\/tr>\n<tr class=\"fila_par\">\n<td class=\"alinear_texto_izq tabla_temperatura\"><strong><a class=\"enlace_web\" href=\"https:\/\/www.aemet.es\/es\/eltiempo\/observacion\/ultimosdatos?k=&amp;l=C329Z&amp;w=2&amp;datos=img&amp;f=\" rel=\"external nofollow\">San Sebasti\u00e1n de la Gomera<\/a><\/strong><\/td>\n<td class=\"texto_normal_centrado tabla_temperatura\"><strong>Santa Cruz de Tenerife<\/strong><\/td>\n<td class=\"texto_normal_centrado tabla_temperatura\"><strong>18:50<\/strong><\/td>\n<td class=\"texto_normal_centrado tabla_temperatura\"><strong>\u00a0 34.9<\/strong><\/td>\n<\/tr>\n<\/tbody>\n<\/table>\n<p>&nbsp;<\/p>\n<p>Os dejo con esta imagen de la calima que afecto ayer a las Islas Canarias.<\/p>\n<p>&nbsp;<\/p>\n<p><a href=\"https:\/\/static-blogs.diariosur.es\/wp-content\/uploads\/sites\/12\/2023\/03\/snapshot-2023-03-30.jpg\"><img loading=\"lazy\" class=\"aligncenter size-full wp-image-36514\" src=\"https:\/\/static-blogs.diariosur.es\/wp-content\/uploads\/sites\/12\/2023\/03\/snapshot-2023-03-30.jpg\" alt=\"\" width=\"1200\" height=\"1018\" srcset=\"https:\/\/static-blogs.diariosur.es\/wp-content\/uploads\/sites\/12\/2023\/03\/snapshot-2023-03-30.jpg 1200w, https:\/\/static-blogs.diariosur.es\/wp-content\/uploads\/sites\/12\/2023\/03\/snapshot-2023-03-30-472x400.jpg 472w, https:\/\/static-blogs.diariosur.es\/wp-content\/uploads\/sites\/12\/2023\/03\/snapshot-2023-03-30-768x652.jpg 768w\" sizes=\"(max-width: 1200px) 100vw, 1200px\" \/><\/a><\/p>\n","protected":false},"excerpt":{"rendered":"<p>Muy buenos d\u00edas, amigos de la meteo. Ayer por problemas t\u00e9cnicos en mi ordenador, no puede comentarme v\u00eda skype en directo con Lleg\u00f3 la Hora de la 101 tv. Hoy a las 12 del mediod\u00eda si me podr\u00e9is ver,\u00a0 actualizando la previsi\u00f3n de Semana Santa. Cuando son las ocho de la ma\u00f1ana en M\u00e1laga capital, [&hellip;]<\/p>\n","protected":false},"author":16,"featured_media":31008,"comment_status":"open","ping_status":"open","sticky":false,"template":"","format":"standard","meta":[],"categories":[2],"tags":[100,151,219,358,587,676,975],"_links":{"self":[{"href":"https:\/\/blogs.diariosur.es\/tormentas-y-rayos\/wp-json\/wp\/v2\/posts\/36505"}],"collection":[{"href":"https:\/\/blogs.diariosur.es\/tormentas-y-rayos\/wp-json\/wp\/v2\/posts"}],"about":[{"href":"https:\/\/blogs.diariosur.es\/tormentas-y-rayos\/wp-json\/wp\/v2\/types\/post"}],"author":[{"embeddable":true,"href":"https:\/\/blogs.diariosur.es\/tormentas-y-rayos\/wp-json\/wp\/v2\/users\/16"}],"replies":[{"embeddable":true,"href":"https:\/\/blogs.diariosur.es\/tormentas-y-rayos\/wp-json\/wp\/v2\/comments?post=36505"}],"version-history":[{"count":11,"href":"https:\/\/blogs.diariosur.es\/tormentas-y-rayos\/wp-json\/wp\/v2\/posts\/36505\/revisions"}],"predecessor-version":[{"id":36520,"href":"https:\/\/blogs.diariosur.es\/tormentas-y-rayos\/wp-json\/wp\/v2\/posts\/36505\/revisions\/36520"}],"wp:featuredmedia":[{"embeddable":true,"href":"https:\/\/blogs.diariosur.es\/tormentas-y-rayos\/wp-json\/wp\/v2\/media\/31008"}],"wp:attachment":[{"href":"https:\/\/blogs.diariosur.es\/tormentas-y-rayos\/wp-json\/wp\/v2\/media?parent=36505"}],"wp:term":[{"taxonomy":"category","embeddable":true,"href":"https:\/\/blogs.diariosur.es\/tormentas-y-rayos\/wp-json\/wp\/v2\/categories?post=36505"},{"taxonomy":"post_tag","embeddable":true,"href":"https:\/\/blogs.diariosur.es\/tormentas-y-rayos\/wp-json\/wp\/v2\/tags?post=36505"}],"curies":[{"name":"wp","href":"https:\/\/api.w.org\/{rel}","templated":true}]}}