{"id":36660,"date":"2023-04-18T08:26:35","date_gmt":"2023-04-18T06:26:35","guid":{"rendered":"https:\/\/blogs.diariosur.es\/tormentas-y-rayos\/?p=36660"},"modified":"2023-05-08T17:38:22","modified_gmt":"2023-05-08T15:38:22","slug":"pequena-probabilidad-de-precipitaciones-debiles-y-dispersas-en-el-litoral-malagueno-estrecho-y-ceuta-hoy-estare-en-la-101tv","status":"publish","type":"post","link":"https:\/\/blogs.diariosur.es\/tormentas-y-rayos\/2023\/04\/18\/pequena-probabilidad-de-precipitaciones-debiles-y-dispersas-en-el-litoral-malagueno-estrecho-y-ceuta-hoy-estare-en-la-101tv\/","title":{"rendered":"Peque\u00f1a probabilidad de precipitaciones d\u00e9biles y dispersas en el litoral malague\u00f1o, Estrecho y Ceuta.  Hoy estar\u00e9 en la 101tv."},"content":{"rendered":"<p><a href=\"https:\/\/static-blogs.diariosur.es\/wp-content\/uploads\/sites\/12\/2022\/12\/15003244_10209205767200208_5978289506419899153_o-1.jpg\"><img loading=\"lazy\" class=\"aligncenter size-thumbnail wp-image-35431\" src=\"https:\/\/static-blogs.diariosur.es\/wp-content\/uploads\/sites\/12\/2022\/12\/15003244_10209205767200208_5978289506419899153_o-1-150x150.jpg\" alt=\"\" width=\"150\" height=\"150\" srcset=\"https:\/\/static-blogs.diariosur.es\/wp-content\/uploads\/sites\/12\/2022\/12\/15003244_10209205767200208_5978289506419899153_o-1-150x150.jpg 150w, https:\/\/static-blogs.diariosur.es\/wp-content\/uploads\/sites\/12\/2022\/12\/15003244_10209205767200208_5978289506419899153_o-1-400x400.jpg 400w, https:\/\/static-blogs.diariosur.es\/wp-content\/uploads\/sites\/12\/2022\/12\/15003244_10209205767200208_5978289506419899153_o-1-768x768.jpg 768w, https:\/\/static-blogs.diariosur.es\/wp-content\/uploads\/sites\/12\/2022\/12\/15003244_10209205767200208_5978289506419899153_o-1.jpg 1069w\" sizes=\"(max-width: 150px) 100vw, 150px\" \/><\/a><\/p>\n<p style=\"text-align: justify;\">Muy buenos d\u00edas, amigos de la meteo. Hoy martes a partir de las 12:15 estar\u00e9 en directo en la 101tv, en el programa Lleg\u00f3 la Hora de Roberto L\u00f3pez. Os espero.<\/p>\n<p style=\"text-align: justify;\">Cuando son las siete y media de la ma\u00f1ana en M\u00e1laga capital, el aeropuerto registra 10.6 grados, los cielos est\u00e1n despejados y el viento esta en calma chicha de momento. Acabo de subir de la calle y aunque estamos en mi zona a 12.5 grados, no se nota el fr\u00edo, esto se debe a que hoy no tenemos viento. Hoy seguir\u00e1 el mag\u00f3n en la costa de M\u00e1laga, si me da tiempo, ir\u00e9 a la playa para fotografiar a los surfistas.<\/p>\n<p style=\"text-align: justify;\">Destacar las rachas fuertes a muy fuertes de viento de levante en el Estrecho y toda la provincia de C\u00e1diz. En algunos puntos se han superado los 75 km\/h.<\/p>\n<p style=\"text-align: justify;\">Ma\u00f1ana mi\u00e9rcoles, hay una peque\u00f1a probabilidad de algunos chubascos d\u00e9biles y ocasionales en el litoral occidental malague\u00f1o, Estrecho y Ceuta por la atarde. Esto se deber\u00e1 a una l\u00ednea de inestabilidad y a un centro de bajas presiones relativas, como pod\u00e9is ver en este mapa de superficie de la aemet previsto para ma\u00f1ana. Pero no os hag\u00e1is ilusiones que lo mismo no vemos una gotilla, aunque el cielo este cubierto de nubes.<\/p>\n<p><a href=\"https:\/\/static-blogs.diariosur.es\/wp-content\/uploads\/sites\/12\/2023\/04\/2023041712048_ww_g1x0a2d2-1.gif\"><img loading=\"lazy\" class=\"aligncenter size-full wp-image-36666\" src=\"https:\/\/static-blogs.diariosur.es\/wp-content\/uploads\/sites\/12\/2023\/04\/2023041712048_ww_g1x0a2d2-1-e1681793700872.gif\" alt=\"\" width=\"900\" height=\"630\" \/><\/a><\/p>\n<p>&nbsp;<\/p>\n<p>Nos vemos el jueves con la predicci\u00f3n del fin de semana.<\/p>\n<p>&nbsp;<\/p>\n<p>&nbsp;<\/p>\n","protected":false},"excerpt":{"rendered":"<p>Muy buenos d\u00edas, amigos de la meteo. Hoy martes a partir de las 12:15 estar\u00e9 en directo en la 101tv, en el programa Lleg\u00f3 la Hora de Roberto L\u00f3pez. Os espero. Cuando son las siete y media de la ma\u00f1ana en M\u00e1laga capital, el aeropuerto registra 10.6 grados, los cielos est\u00e1n despejados y el viento [&hellip;]<\/p>\n","protected":false},"author":16,"featured_media":36667,"comment_status":"open","ping_status":"open","sticky":false,"template":"","format":"standard","meta":[],"categories":[2],"tags":[1172,358,1823,587,800],"_links":{"self":[{"href":"https:\/\/blogs.diariosur.es\/tormentas-y-rayos\/wp-json\/wp\/v2\/posts\/36660"}],"collection":[{"href":"https:\/\/blogs.diariosur.es\/tormentas-y-rayos\/wp-json\/wp\/v2\/posts"}],"about":[{"href":"https:\/\/blogs.diariosur.es\/tormentas-y-rayos\/wp-json\/wp\/v2\/types\/post"}],"author":[{"embeddable":true,"href":"https:\/\/blogs.diariosur.es\/tormentas-y-rayos\/wp-json\/wp\/v2\/users\/16"}],"replies":[{"embeddable":true,"href":"https:\/\/blogs.diariosur.es\/tormentas-y-rayos\/wp-json\/wp\/v2\/comments?post=36660"}],"version-history":[{"count":6,"href":"https:\/\/blogs.diariosur.es\/tormentas-y-rayos\/wp-json\/wp\/v2\/posts\/36660\/revisions"}],"predecessor-version":[{"id":36862,"href":"https:\/\/blogs.diariosur.es\/tormentas-y-rayos\/wp-json\/wp\/v2\/posts\/36660\/revisions\/36862"}],"wp:featuredmedia":[{"embeddable":true,"href":"https:\/\/blogs.diariosur.es\/tormentas-y-rayos\/wp-json\/wp\/v2\/media\/36667"}],"wp:attachment":[{"href":"https:\/\/blogs.diariosur.es\/tormentas-y-rayos\/wp-json\/wp\/v2\/media?parent=36660"}],"wp:term":[{"taxonomy":"category","embeddable":true,"href":"https:\/\/blogs.diariosur.es\/tormentas-y-rayos\/wp-json\/wp\/v2\/categories?post=36660"},{"taxonomy":"post_tag","embeddable":true,"href":"https:\/\/blogs.diariosur.es\/tormentas-y-rayos\/wp-json\/wp\/v2\/tags?post=36660"}],"curies":[{"name":"wp","href":"https:\/\/api.w.org\/{rel}","templated":true}]}}