{"id":36682,"date":"2023-04-23T08:51:59","date_gmt":"2023-04-23T06:51:59","guid":{"rendered":"https:\/\/blogs.diariosur.es\/tormentas-y-rayos\/?p=36682"},"modified":"2023-04-25T19:33:35","modified_gmt":"2023-04-25T17:33:35","slug":"episodio-de-altas-temperaturas-en-andalucia-como-afectara-a-la-provincia-de-malaga","status":"publish","type":"post","link":"https:\/\/blogs.diariosur.es\/tormentas-y-rayos\/2023\/04\/23\/episodio-de-altas-temperaturas-en-andalucia-como-afectara-a-la-provincia-de-malaga\/","title":{"rendered":"Episodio de temperaturas muy altas en Andaluc\u00eda. \u00bfC\u00f3mo afectar\u00e1 a la provincia de M\u00e1laga?"},"content":{"rendered":"<p><a href=\"https:\/\/static-blogs.diariosur.es\/wp-content\/uploads\/sites\/12\/2023\/04\/13055600_10207552088459273_1169643538142501376_n.jpg\"><img loading=\"lazy\" class=\"aligncenter size-thumbnail wp-image-36680\" src=\"https:\/\/static-blogs.diariosur.es\/wp-content\/uploads\/sites\/12\/2023\/04\/13055600_10207552088459273_1169643538142501376_n-150x150.jpg\" alt=\"\" width=\"150\" height=\"150\" \/><\/a><\/p>\n<p>Muy buenos d\u00edas, amigos de la meteo. Cuando son las ocho de la ma\u00f1ana en M\u00e1laga capital el Aeropuerto ha registrado una m\u00ednima de 18.4 grados, los cielos est\u00e1n pocos nubosos y en estos momentos sopla terral de primavera. Ayer se cumplieron los pron\u00f3sticos y cayeron algunas precipitaciones d\u00e9biles y espor\u00e1dicas por el interior de la provincia malague\u00f1a. Desatacar en los Reales 2.1 litro, Majada de las Lomas 2.4 litros, Pujara 2.2 litros, Cuevas del Becerro 3.1 litros y Ronda con 2.8 litros.<\/p>\n<h3><span style=\"color: #ff0000;\"><strong>Episodio de altas temperaturas en Andaluc\u00eda.\u00a0<\/strong><\/span><\/h3>\n<p>A partir del martes una masa de aire c\u00e1lido afectar\u00e1 a nuestra comunidad, d\u00e1ndose las temperaturas m\u00e1ximas m\u00e1s altas en el Valle del Guadalquivir (C\u00f3rdoba, Ja\u00e9n, Sevilla), e interior de las provincias de C\u00e1diz y Granada. Los d\u00edas m\u00e1s calurosos ser\u00e1n el mi\u00e9rcoles, jueves y viernes, en las provincias de Sevilla y C\u00f3rdoba el jueves y viernes pueden alcanzar los 38 grados e incluso hay un modelo que da 39 y 40 grados, en las otras provincias rondar\u00e1n los 35 y 37 grados. De darse esas temperaturas el jueves en Sevilla y C\u00f3rdoba, se activar\u00edan avisos amarillos por altas temperaturas.<\/p>\n<p>Es muy probable que se batan en estas zonas valores extremos absolutos de temperaturas m\u00e1ximas y m\u00ednimas.<\/p>\n<h3><span style=\"color: #ff0000;\"><strong>\u00bfC\u00f3mo afectar\u00e1 a la provincia de<\/strong><\/span><span style=\"color: #ff0000;\"><strong>\u00a0M\u00e1laga?<\/strong><\/span><\/h3>\n<p>Gracias al mar que esta fr\u00edo y al viento flojo de sureste, las temperaturas m\u00e1ximas hasta el viernes en la<strong> costa malague\u00f1a\u00a0<\/strong>rondar\u00e1n entre los <strong>24 y 28 grados<\/strong>. Hay tambi\u00e9n probabilidad de que entre el martes y mi\u00e9rcoles tengamos bancos de tar\u00f3 ( niebla de advecci\u00f3n), lo que no tengo muy claro es si entraran a tierra.<\/p>\n<p><strong>Os doy a parte la predicci\u00f3n para el interior de la provincia malague\u00f1a<\/strong><\/p>\n<h3><strong><span style=\"color: #0000ff;\"><span style=\"color: #0000ff;\">Martes<\/span>\u00a0 25 de abril<\/span><\/strong><\/h3>\n<p>Las m\u00e1ximas m\u00e1s altas se dar\u00e1n en el interior del Valle del Guadalhorce, rondaran entre los 32 y 34 grados, en las dem\u00e1s zonas entre 29 y 32 grados.<\/p>\n<h3><span style=\"color: #0000ff;\"><strong>Mi\u00e9rcoles 26 de abril<\/strong><\/span><\/h3>\n<p>Las temperaturas m\u00e1ximas subir\u00e1n en la Comarca de Antequera, se esperan entre los 32 y 34 grados. En las dem\u00e1s zonas de la provincia entre los 30 y 34 grados.<\/p>\n<h3><span style=\"color: #0000ff;\"><strong>Jueves 27 de abril y viernes 28 de abril<\/strong><\/span><\/h3>\n<p>Las temperaturas m\u00e1ximas en todo el interior de la provincia malague\u00f1a rondaran entre los 29 y 33 grados.<\/p>\n<p>Todo esto que he comentado sobre la provincia de M\u00e1laga y Andaluc\u00eda, iremos actualizando todos los d\u00edas.<\/p>\n<p>Es probable que el s\u00e1bado y el domingo tengamos temperaturas m\u00e1s altas en las zonas habituales que entra el terral en la provincia de M\u00e1laga. En cambio bajaran en el Valle del Guadalquivir.<\/p>\n<p>Reedito: \u00faltima hora.<\/p>\n<p><a href=\"https:\/\/static-blogs.diariosur.es\/wp-content\/uploads\/sites\/12\/2023\/04\/IMG-20230423-WA0028-e1682249786206.jpg\"><img loading=\"lazy\" class=\"aligncenter size-full wp-image-36692\" src=\"https:\/\/static-blogs.diariosur.es\/wp-content\/uploads\/sites\/12\/2023\/04\/IMG-20230423-WA0028-e1682249786206.jpg\" alt=\"\" width=\"800\" height=\"1162\" \/><\/a><\/p>\n<p>Os espero ma\u00f1ana.<\/p>\n<p>&nbsp;<\/p>\n<p><a href=\"https:\/\/static-blogs.diariosur.es\/wp-content\/uploads\/sites\/12\/2023\/04\/342215983_630595342244299_6199119365255206576_n.jpg\"><img loading=\"lazy\" class=\"aligncenter size-full wp-image-36685\" src=\"https:\/\/static-blogs.diariosur.es\/wp-content\/uploads\/sites\/12\/2023\/04\/342215983_630595342244299_6199119365255206576_n.jpg\" alt=\"\" width=\"960\" height=\"640\" srcset=\"https:\/\/static-blogs.diariosur.es\/wp-content\/uploads\/sites\/12\/2023\/04\/342215983_630595342244299_6199119365255206576_n.jpg 960w, https:\/\/static-blogs.diariosur.es\/wp-content\/uploads\/sites\/12\/2023\/04\/342215983_630595342244299_6199119365255206576_n-600x400.jpg 600w, https:\/\/static-blogs.diariosur.es\/wp-content\/uploads\/sites\/12\/2023\/04\/342215983_630595342244299_6199119365255206576_n-768x512.jpg 768w\" sizes=\"(max-width: 960px) 100vw, 960px\" \/><\/a><\/p>\n<p>&nbsp;<\/p>\n<p>&nbsp;<\/p>\n<p>&nbsp;<\/p>\n<p>&nbsp;<\/p>\n<p>&nbsp;<\/p>\n<p>&nbsp;<\/p>\n<p>&nbsp;<\/p>\n<p>&nbsp;<\/p>\n<p>&nbsp;<\/p>\n<p>&nbsp;<\/p>\n","protected":false},"excerpt":{"rendered":"<p>Muy buenos d\u00edas, amigos de la meteo. Cuando son las ocho de la ma\u00f1ana en M\u00e1laga capital el Aeropuerto ha registrado una m\u00ednima de 18.4 grados, los cielos est\u00e1n pocos nubosos y en estos momentos sopla terral de primavera. Ayer se cumplieron los pron\u00f3sticos y cayeron algunas precipitaciones d\u00e9biles y espor\u00e1dicas por el interior de [&hellip;]<\/p>\n","protected":false},"author":16,"featured_media":36575,"comment_status":"open","ping_status":"open","sticky":false,"template":"","format":"standard","meta":[],"categories":[2],"tags":[81,100,212,1832,375,732,962,1052],"_links":{"self":[{"href":"https:\/\/blogs.diariosur.es\/tormentas-y-rayos\/wp-json\/wp\/v2\/posts\/36682"}],"collection":[{"href":"https:\/\/blogs.diariosur.es\/tormentas-y-rayos\/wp-json\/wp\/v2\/posts"}],"about":[{"href":"https:\/\/blogs.diariosur.es\/tormentas-y-rayos\/wp-json\/wp\/v2\/types\/post"}],"author":[{"embeddable":true,"href":"https:\/\/blogs.diariosur.es\/tormentas-y-rayos\/wp-json\/wp\/v2\/users\/16"}],"replies":[{"embeddable":true,"href":"https:\/\/blogs.diariosur.es\/tormentas-y-rayos\/wp-json\/wp\/v2\/comments?post=36682"}],"version-history":[{"count":10,"href":"https:\/\/blogs.diariosur.es\/tormentas-y-rayos\/wp-json\/wp\/v2\/posts\/36682\/revisions"}],"predecessor-version":[{"id":36706,"href":"https:\/\/blogs.diariosur.es\/tormentas-y-rayos\/wp-json\/wp\/v2\/posts\/36682\/revisions\/36706"}],"wp:featuredmedia":[{"embeddable":true,"href":"https:\/\/blogs.diariosur.es\/tormentas-y-rayos\/wp-json\/wp\/v2\/media\/36575"}],"wp:attachment":[{"href":"https:\/\/blogs.diariosur.es\/tormentas-y-rayos\/wp-json\/wp\/v2\/media?parent=36682"}],"wp:term":[{"taxonomy":"category","embeddable":true,"href":"https:\/\/blogs.diariosur.es\/tormentas-y-rayos\/wp-json\/wp\/v2\/categories?post=36682"},{"taxonomy":"post_tag","embeddable":true,"href":"https:\/\/blogs.diariosur.es\/tormentas-y-rayos\/wp-json\/wp\/v2\/tags?post=36682"}],"curies":[{"name":"wp","href":"https:\/\/api.w.org\/{rel}","templated":true}]}}