{"id":36696,"date":"2023-04-25T11:56:31","date_gmt":"2023-04-25T09:56:31","guid":{"rendered":"https:\/\/blogs.diariosur.es\/tormentas-y-rayos\/?p=36696"},"modified":"2023-04-25T17:24:45","modified_gmt":"2023-04-25T15:24:45","slug":"el-tiempo-en-andalucia-aviso-amarillo-por-altas-temperaturas-3","status":"publish","type":"post","link":"https:\/\/blogs.diariosur.es\/tormentas-y-rayos\/2023\/04\/25\/el-tiempo-en-andalucia-aviso-amarillo-por-altas-temperaturas-3\/","title":{"rendered":"El tiempo en Andaluc\u00eda. Aviso amarillo por altas temperaturas"},"content":{"rendered":"<p><a href=\"https:\/\/static-blogs.diariosur.es\/wp-content\/uploads\/sites\/12\/2023\/04\/13055600_10207552088459273_1169643538142501376_n.jpg\"><img loading=\"lazy\" class=\"aligncenter size-thumbnail wp-image-36680\" src=\"https:\/\/static-blogs.diariosur.es\/wp-content\/uploads\/sites\/12\/2023\/04\/13055600_10207552088459273_1169643538142501376_n-150x150.jpg\" alt=\"\" width=\"150\" height=\"150\" \/><\/a><\/p>\n<p style=\"text-align: left;\">Muy buenos d\u00edas, amigos de la meteo. Cuando son las once de la ma\u00f1ana en M\u00e1laga capital, el Aeropuerto ha registrado una m\u00ednima de 14 grados, los cielos est\u00e1n despejados y el viento est\u00e1 en calma. Hoy martes y ma\u00f1ana mi\u00e9rcoles hay probabilidad de tar\u00f3 en los litorales de M\u00e1laga, Granada y Almer\u00eda. Lo que no tengo muy claro es si entraran a tierra.<\/p>\n<p>La aemet activa el aviso amarillo el jueves por altas temperaturas en las provincias de Sevilla y C\u00f3rdoba por temperaturas de 38 grados.<\/p>\n<p>&nbsp;<\/p>\n<p><a href=\"https:\/\/static-blogs.diariosur.es\/wp-content\/uploads\/sites\/12\/2023\/04\/Captura-de-pantalla-2023-04-25-172247.jpg\"><img loading=\"lazy\" class=\"aligncenter size-full wp-image-36704\" src=\"https:\/\/static-blogs.diariosur.es\/wp-content\/uploads\/sites\/12\/2023\/04\/Captura-de-pantalla-2023-04-25-172247.jpg\" alt=\"\" width=\"692\" height=\"549\" srcset=\"https:\/\/static-blogs.diariosur.es\/wp-content\/uploads\/sites\/12\/2023\/04\/Captura-de-pantalla-2023-04-25-172247.jpg 692w, https:\/\/static-blogs.diariosur.es\/wp-content\/uploads\/sites\/12\/2023\/04\/Captura-de-pantalla-2023-04-25-172247-504x400.jpg 504w\" sizes=\"(max-width: 692px) 100vw, 692px\" \/><\/a><\/p>\n<p>&nbsp;<\/p>\n<p>Sigue la probabilidad alta de terral para el s\u00e1bado en la provincia malague\u00f1a. Esto lo iremos viendo a lo largo de estos d\u00edas. Ya veros si batimos nuevamente el r\u00e9cord que se dio el d\u00eda 10 con 33.7 grados en el Aeropuerto.<\/p>\n<p>&nbsp;<\/p>\n<p>&nbsp;<\/p>\n<p style=\"text-align: left;\">\n","protected":false},"excerpt":{"rendered":"<p>Muy buenos d\u00edas, amigos de la meteo. Cuando son las once de la ma\u00f1ana en M\u00e1laga capital, el Aeropuerto ha registrado una m\u00ednima de 14 grados, los cielos est\u00e1n despejados y el viento est\u00e1 en calma. Hoy martes y ma\u00f1ana mi\u00e9rcoles hay probabilidad de tar\u00f3 en los litorales de M\u00e1laga, Granada y Almer\u00eda. Lo que [&hellip;]<\/p>\n","protected":false},"author":16,"featured_media":36575,"comment_status":"open","ping_status":"open","sticky":false,"template":"","format":"standard","meta":[],"categories":[2],"tags":[81,94,151,1833,358,962],"_links":{"self":[{"href":"https:\/\/blogs.diariosur.es\/tormentas-y-rayos\/wp-json\/wp\/v2\/posts\/36696"}],"collection":[{"href":"https:\/\/blogs.diariosur.es\/tormentas-y-rayos\/wp-json\/wp\/v2\/posts"}],"about":[{"href":"https:\/\/blogs.diariosur.es\/tormentas-y-rayos\/wp-json\/wp\/v2\/types\/post"}],"author":[{"embeddable":true,"href":"https:\/\/blogs.diariosur.es\/tormentas-y-rayos\/wp-json\/wp\/v2\/users\/16"}],"replies":[{"embeddable":true,"href":"https:\/\/blogs.diariosur.es\/tormentas-y-rayos\/wp-json\/wp\/v2\/comments?post=36696"}],"version-history":[{"count":4,"href":"https:\/\/blogs.diariosur.es\/tormentas-y-rayos\/wp-json\/wp\/v2\/posts\/36696\/revisions"}],"predecessor-version":[{"id":36705,"href":"https:\/\/blogs.diariosur.es\/tormentas-y-rayos\/wp-json\/wp\/v2\/posts\/36696\/revisions\/36705"}],"wp:featuredmedia":[{"embeddable":true,"href":"https:\/\/blogs.diariosur.es\/tormentas-y-rayos\/wp-json\/wp\/v2\/media\/36575"}],"wp:attachment":[{"href":"https:\/\/blogs.diariosur.es\/tormentas-y-rayos\/wp-json\/wp\/v2\/media?parent=36696"}],"wp:term":[{"taxonomy":"category","embeddable":true,"href":"https:\/\/blogs.diariosur.es\/tormentas-y-rayos\/wp-json\/wp\/v2\/categories?post=36696"},{"taxonomy":"post_tag","embeddable":true,"href":"https:\/\/blogs.diariosur.es\/tormentas-y-rayos\/wp-json\/wp\/v2\/tags?post=36696"}],"curies":[{"name":"wp","href":"https:\/\/api.w.org\/{rel}","templated":true}]}}