{"id":36708,"date":"2023-04-26T16:40:40","date_gmt":"2023-04-26T14:40:40","guid":{"rendered":"https:\/\/blogs.diariosur.es\/tormentas-y-rayos\/?p=36708"},"modified":"2023-04-26T16:46:26","modified_gmt":"2023-04-26T14:46:26","slug":"ultima-hora-se-desactiva-el-aviso-amarillo-para-manana-por-altas-temperaturas-de-38-grados-en-sevilla-y-cordoba","status":"publish","type":"post","link":"https:\/\/blogs.diariosur.es\/tormentas-y-rayos\/2023\/04\/26\/ultima-hora-se-desactiva-el-aviso-amarillo-para-manana-por-altas-temperaturas-de-38-grados-en-sevilla-y-cordoba\/","title":{"rendered":"\u00daltima hora: Se desactiva el aviso amarillo para ma\u00f1ana por altas temperaturas de 38 grados en Sevilla y C\u00f3rdoba."},"content":{"rendered":"<p><a href=\"https:\/\/static-blogs.diariosur.es\/wp-content\/uploads\/sites\/12\/2023\/04\/13055600_10207552088459273_1169643538142501376_n.jpg\"><img loading=\"lazy\" class=\"aligncenter size-thumbnail wp-image-36680\" src=\"https:\/\/static-blogs.diariosur.es\/wp-content\/uploads\/sites\/12\/2023\/04\/13055600_10207552088459273_1169643538142501376_n-150x150.jpg\" alt=\"\" width=\"150\" height=\"150\" \/><\/a><\/p>\n<p>Buenas tardes, amigos de la meteo. La aemet ha desactivado el aviso amarillo por 38 grados en las provincias de Sevilla y C\u00f3rdoba para ma\u00f1ana jueves. Esto no quiere decir que ma\u00f1ana no haga calor, porque lo har\u00e1 en estas provincias. La buena noticia es que ya ser\u00e1 muy dif\u00edcil que se llegue a los <strong>40 grados<\/strong> en Sevilla y C\u00f3rdoba.<\/p>\n<p>Ayer martes, este episodio de temperaturas muy altas, ha batido r\u00e9cords en varios municipios de Andaluc\u00eda y el resto de la pen\u00ednsula.<\/p>\n<p>Fuente aemet.<\/p>\n<p>&nbsp;<\/p>\n<p style=\"text-align: justify;\">\n<p><a href=\"https:\/\/static-blogs.diariosur.es\/wp-content\/uploads\/sites\/12\/2023\/04\/Captura-de-pantalla-2023-04-26-154551.jpg\"><img loading=\"lazy\" class=\"aligncenter size-full wp-image-36712\" src=\"https:\/\/static-blogs.diariosur.es\/wp-content\/uploads\/sites\/12\/2023\/04\/Captura-de-pantalla-2023-04-26-154551.jpg\" alt=\"\" width=\"981\" height=\"771\" srcset=\"https:\/\/static-blogs.diariosur.es\/wp-content\/uploads\/sites\/12\/2023\/04\/Captura-de-pantalla-2023-04-26-154551.jpg 981w, https:\/\/static-blogs.diariosur.es\/wp-content\/uploads\/sites\/12\/2023\/04\/Captura-de-pantalla-2023-04-26-154551-509x400.jpg 509w, https:\/\/static-blogs.diariosur.es\/wp-content\/uploads\/sites\/12\/2023\/04\/Captura-de-pantalla-2023-04-26-154551-768x604.jpg 768w\" sizes=\"(max-width: 981px) 100vw, 981px\" \/><\/a><\/p>\n<p><strong>Hoy mi\u00e9rcoles tambi\u00e9n pasara, como es el caso de Huelva, Granada y C\u00f3rdoba por segunda vez.<\/strong><\/p>\n<p><strong>Lo que si quiero aclarar por algunos medios informativos, que M\u00e1laga capital ayer no registro 35.9 grados. Ni se bati\u00f3 ning\u00fan r\u00e9cord, probablemente el proximo s\u00e1bado si. Fue \u00c1lora la que registro 35.9 grados debido al terral. Ayer M\u00e1laga registro 28.3 grados en el Aeropuerto. <\/strong><\/p>\n<p><strong>Hoy mi\u00e9rcoles a las 15:30 el Aeropuerto de M\u00e1laga registra una m\u00e1xima de 25 grados, el Centro Meteorol\u00f3gico 27.6 y el Puerto unos envidiables 23.8 grados.\u00a0<\/strong><\/p>\n<p>Ma\u00f1ana jueves M\u00e1laga seguir\u00e1 en el oasis entre comillas, las temperaturas en zona de costa rondar\u00e1n los 24 y 26 grados, por el interior entre los 26 y 33. Digo <strong>oasis<\/strong> comparando con el Valle del Guadaquivir.<\/p>\n<p>El a\u00f1o pasado el 20 de abril nevaba en la Sierra de las Nieves y Sierra Tejeda, tambi\u00e9n en otras zonas de la pen\u00ednsula, as\u00ed es la meteo.<\/p>\n<p>Poco m\u00e1s que contar, amigos de la meteo. Os seguir\u00e9 informando. Os dejo con el mapa actualizado de avisos para ma\u00f1ana.<\/p>\n<p>&nbsp;<\/p>\n<p>&nbsp;<\/p>\n<p><a href=\"https:\/\/static-blogs.diariosur.es\/wp-content\/uploads\/sites\/12\/2023\/04\/Captura-de-pantalla-2023-04-26-161011.jpg\"><img loading=\"lazy\" class=\"aligncenter size-full wp-image-36714\" src=\"https:\/\/static-blogs.diariosur.es\/wp-content\/uploads\/sites\/12\/2023\/04\/Captura-de-pantalla-2023-04-26-161011.jpg\" alt=\"\" width=\"1009\" height=\"725\" srcset=\"https:\/\/static-blogs.diariosur.es\/wp-content\/uploads\/sites\/12\/2023\/04\/Captura-de-pantalla-2023-04-26-161011.jpg 1009w, https:\/\/static-blogs.diariosur.es\/wp-content\/uploads\/sites\/12\/2023\/04\/Captura-de-pantalla-2023-04-26-161011-557x400.jpg 557w, https:\/\/static-blogs.diariosur.es\/wp-content\/uploads\/sites\/12\/2023\/04\/Captura-de-pantalla-2023-04-26-161011-768x552.jpg 768w\" sizes=\"(max-width: 1009px) 100vw, 1009px\" \/><\/a><\/p>\n<p>&nbsp;<\/p>\n<p>&nbsp;<\/p>\n<p>&nbsp;<\/p>\n","protected":false},"excerpt":{"rendered":"<p>Buenas tardes, amigos de la meteo. La aemet ha desactivado el aviso amarillo por 38 grados en las provincias de Sevilla y C\u00f3rdoba para ma\u00f1ana jueves. Esto no quiere decir que ma\u00f1ana no haga calor, porque lo har\u00e1 en estas provincias. La buena noticia es que ya ser\u00e1 muy dif\u00edcil que se llegue a los [&hellip;]<\/p>\n","protected":false},"author":16,"featured_media":26559,"comment_status":"open","ping_status":"open","sticky":false,"template":"","format":"standard","meta":[],"categories":[2],"tags":[100,212,375,732],"_links":{"self":[{"href":"https:\/\/blogs.diariosur.es\/tormentas-y-rayos\/wp-json\/wp\/v2\/posts\/36708"}],"collection":[{"href":"https:\/\/blogs.diariosur.es\/tormentas-y-rayos\/wp-json\/wp\/v2\/posts"}],"about":[{"href":"https:\/\/blogs.diariosur.es\/tormentas-y-rayos\/wp-json\/wp\/v2\/types\/post"}],"author":[{"embeddable":true,"href":"https:\/\/blogs.diariosur.es\/tormentas-y-rayos\/wp-json\/wp\/v2\/users\/16"}],"replies":[{"embeddable":true,"href":"https:\/\/blogs.diariosur.es\/tormentas-y-rayos\/wp-json\/wp\/v2\/comments?post=36708"}],"version-history":[{"count":7,"href":"https:\/\/blogs.diariosur.es\/tormentas-y-rayos\/wp-json\/wp\/v2\/posts\/36708\/revisions"}],"predecessor-version":[{"id":36717,"href":"https:\/\/blogs.diariosur.es\/tormentas-y-rayos\/wp-json\/wp\/v2\/posts\/36708\/revisions\/36717"}],"wp:featuredmedia":[{"embeddable":true,"href":"https:\/\/blogs.diariosur.es\/tormentas-y-rayos\/wp-json\/wp\/v2\/media\/26559"}],"wp:attachment":[{"href":"https:\/\/blogs.diariosur.es\/tormentas-y-rayos\/wp-json\/wp\/v2\/media?parent=36708"}],"wp:term":[{"taxonomy":"category","embeddable":true,"href":"https:\/\/blogs.diariosur.es\/tormentas-y-rayos\/wp-json\/wp\/v2\/categories?post=36708"},{"taxonomy":"post_tag","embeddable":true,"href":"https:\/\/blogs.diariosur.es\/tormentas-y-rayos\/wp-json\/wp\/v2\/tags?post=36708"}],"curies":[{"name":"wp","href":"https:\/\/api.w.org\/{rel}","templated":true}]}}