{"id":36813,"date":"2023-05-06T08:14:17","date_gmt":"2023-05-06T06:14:17","guid":{"rendered":"https:\/\/blogs.diariosur.es\/tormentas-y-rayos\/?p=36813"},"modified":"2023-05-07T11:33:11","modified_gmt":"2023-05-07T09:33:11","slug":"la-magia-del-taro-en-mijas-pueblo-por-cristobal-gambero","status":"publish","type":"post","link":"https:\/\/blogs.diariosur.es\/tormentas-y-rayos\/2023\/05\/06\/la-magia-del-taro-en-mijas-pueblo-por-cristobal-gambero\/","title":{"rendered":"La magia del tar\u00f3 en Mijas Pueblo, por Crist\u00f3bal Gambero. \u00daltima hora del terral"},"content":{"rendered":"<p><a href=\"https:\/\/static-blogs.diariosur.es\/wp-content\/uploads\/sites\/12\/2023\/04\/13055600_10207552088459273_1169643538142501376_n.jpg\"><img loading=\"lazy\" class=\"aligncenter size-thumbnail wp-image-36680\" src=\"https:\/\/static-blogs.diariosur.es\/wp-content\/uploads\/sites\/12\/2023\/04\/13055600_10207552088459273_1169643538142501376_n-150x150.jpg\" alt=\"\" width=\"150\" height=\"150\" \/><\/a><\/p>\n<p>Muy buenos d\u00edas, amigos de la meteo. Cuando son las siete y media de la ma\u00f1ana en M\u00e1laga capital, el aeropuerto registra una temperatura de 16.4 grados, los cielos est\u00e1n algo nubosos y el viento es de componente oeste.<\/p>\n<p>Recordar que el terral en M\u00e1laga capital, Mijas Pueblo y Axarqu\u00eda entrar\u00e1\u00a0a partir de las 24:00 horas, es decir durante la pr\u00f3xima madrugada. Algunos modelos dan la entrada sobre las once y media de la noche. A primera hora de la ma\u00f1ana se quitara.<\/p>\n<p>En Estepona e interior del Valle del Guadalhorce lo har\u00e1 hoy por la tarde. Ma\u00f1ana pondr\u00e9 las gr\u00e1ficas de temperatura de las estaciones de la aemet de M\u00e1laga, para ver como sube la temperatura durante la pr\u00f3xima madrugada. A partir del mediod\u00eda como comente ayer, el viento ir\u00e1 girando a sureste en el interior del Valle del Guadalhorce y Estepona.<\/p>\n<h3><span style=\"color: #0000ff;\"><strong>La magia del tar\u00f3 en Mijas Pueblo, por Crist\u00f3bal Gambero<\/strong><\/span><\/h3>\n<p>El mes pasado y este estamos disfrutando de la niebla de advecci\u00f3n, que como muchos sab\u00e9is, en M\u00e1laga le llamamos tar\u00f3. Ojala siga el mar fr\u00edo lo que queda de primavera y verano, disfrutaremos de brisas marinas frescas de madrugada.<\/p>\n<p>Mi amigo mije\u00f1o Crist\u00f3bal Gambero, aficionado a la meteorolog\u00eda, disfruto ayer un mont\u00f3n de este impresionante mar de nubes que se dio en Mijas Pueblo. Os paso un v\u00eddeo y varias fotos para que cargu\u00e9is las pilas. Muchas gracias Crist\u00f3bal.<\/p>\n<p>&nbsp;<\/p>\n<p><iframe loading=\"lazy\" title=\"YouTube video player\" src=\"https:\/\/www.youtube.com\/embed\/iMpwdNFbjPs\" width=\"560\" height=\"315\" frameborder=\"0\" allowfullscreen=\"allowfullscreen\"><\/iframe><\/p>\n<p>&nbsp;<\/p>\n<p><a href=\"https:\/\/static-blogs.diariosur.es\/wp-content\/uploads\/sites\/12\/2023\/05\/344758086_9904872769553215_3873647801950763508_n-e1683351159577.jpg\"><img loading=\"lazy\" class=\"aligncenter size-full wp-image-36818\" src=\"https:\/\/static-blogs.diariosur.es\/wp-content\/uploads\/sites\/12\/2023\/05\/344758086_9904872769553215_3873647801950763508_n-e1683351159577.jpg\" alt=\"\" width=\"900\" height=\"506\" \/><\/a><\/p>\n<p>&nbsp;<\/p>\n<p><a href=\"https:\/\/static-blogs.diariosur.es\/wp-content\/uploads\/sites\/12\/2023\/05\/344800779_258791286508292_5566108027474657401_n-e1683351187803.jpg\"><img loading=\"lazy\" class=\"aligncenter size-full wp-image-36819\" src=\"https:\/\/static-blogs.diariosur.es\/wp-content\/uploads\/sites\/12\/2023\/05\/344800779_258791286508292_5566108027474657401_n-e1683351187803.jpg\" alt=\"\" width=\"900\" height=\"506\" \/><\/a><\/p>\n<p>&nbsp;<\/p>\n<p><a href=\"https:\/\/static-blogs.diariosur.es\/wp-content\/uploads\/sites\/12\/2023\/05\/345174263_234552282505620_7423666182612727244_n-e1683351264377.jpg\"><img loading=\"lazy\" class=\"aligncenter size-full wp-image-36820\" src=\"https:\/\/static-blogs.diariosur.es\/wp-content\/uploads\/sites\/12\/2023\/05\/345174263_234552282505620_7423666182612727244_n-e1683351264377.jpg\" alt=\"\" width=\"900\" height=\"506\" \/><\/a><\/p>\n<p>&nbsp;<\/p>\n<p><a href=\"https:\/\/static-blogs.diariosur.es\/wp-content\/uploads\/sites\/12\/2023\/05\/345202027_616398367202346_7101080377558726556_n-e1683351294279.jpg\"><img loading=\"lazy\" class=\"aligncenter size-full wp-image-36821\" src=\"https:\/\/static-blogs.diariosur.es\/wp-content\/uploads\/sites\/12\/2023\/05\/345202027_616398367202346_7101080377558726556_n-e1683351294279.jpg\" alt=\"\" width=\"900\" height=\"506\" \/><\/a><\/p>\n<p>&nbsp;<\/p>\n<p><a href=\"https:\/\/static-blogs.diariosur.es\/wp-content\/uploads\/sites\/12\/2023\/05\/345308716_934764861101488_5639618327891496503_n-e1683351321113.jpg\"><img loading=\"lazy\" class=\"aligncenter size-full wp-image-36822\" src=\"https:\/\/static-blogs.diariosur.es\/wp-content\/uploads\/sites\/12\/2023\/05\/345308716_934764861101488_5639618327891496503_n-e1683351321113.jpg\" alt=\"\" width=\"900\" height=\"506\" \/><\/a><\/p>\n","protected":false},"excerpt":{"rendered":"<p>Muy buenos d\u00edas, amigos de la meteo. Cuando son las siete y media de la ma\u00f1ana en M\u00e1laga capital, el aeropuerto registra una temperatura de 16.4 grados, los cielos est\u00e1n algo nubosos y el viento es de componente oeste. Recordar que el terral en M\u00e1laga capital, Mijas Pueblo y Axarqu\u00eda entrar\u00e1\u00a0a partir de las 24:00 [&hellip;]<\/p>\n","protected":false},"author":16,"featured_media":36819,"comment_status":"open","ping_status":"open","sticky":false,"template":"","format":"standard","meta":[],"categories":[2],"tags":[1837,695,831,953,975],"_links":{"self":[{"href":"https:\/\/blogs.diariosur.es\/tormentas-y-rayos\/wp-json\/wp\/v2\/posts\/36813"}],"collection":[{"href":"https:\/\/blogs.diariosur.es\/tormentas-y-rayos\/wp-json\/wp\/v2\/posts"}],"about":[{"href":"https:\/\/blogs.diariosur.es\/tormentas-y-rayos\/wp-json\/wp\/v2\/types\/post"}],"author":[{"embeddable":true,"href":"https:\/\/blogs.diariosur.es\/tormentas-y-rayos\/wp-json\/wp\/v2\/users\/16"}],"replies":[{"embeddable":true,"href":"https:\/\/blogs.diariosur.es\/tormentas-y-rayos\/wp-json\/wp\/v2\/comments?post=36813"}],"version-history":[{"count":8,"href":"https:\/\/blogs.diariosur.es\/tormentas-y-rayos\/wp-json\/wp\/v2\/posts\/36813\/revisions"}],"predecessor-version":[{"id":36834,"href":"https:\/\/blogs.diariosur.es\/tormentas-y-rayos\/wp-json\/wp\/v2\/posts\/36813\/revisions\/36834"}],"wp:featuredmedia":[{"embeddable":true,"href":"https:\/\/blogs.diariosur.es\/tormentas-y-rayos\/wp-json\/wp\/v2\/media\/36819"}],"wp:attachment":[{"href":"https:\/\/blogs.diariosur.es\/tormentas-y-rayos\/wp-json\/wp\/v2\/media?parent=36813"}],"wp:term":[{"taxonomy":"category","embeddable":true,"href":"https:\/\/blogs.diariosur.es\/tormentas-y-rayos\/wp-json\/wp\/v2\/categories?post=36813"},{"taxonomy":"post_tag","embeddable":true,"href":"https:\/\/blogs.diariosur.es\/tormentas-y-rayos\/wp-json\/wp\/v2\/tags?post=36813"}],"curies":[{"name":"wp","href":"https:\/\/api.w.org\/{rel}","templated":true}]}}