{"id":36877,"date":"2023-05-11T18:48:36","date_gmt":"2023-05-11T16:48:36","guid":{"rendered":"https:\/\/blogs.diariosur.es\/tormentas-y-rayos\/?p=36877"},"modified":"2023-05-11T18:57:38","modified_gmt":"2023-05-11T16:57:38","slug":"en-que-provincias-andaluzas-oleremos-a-petricor-este-fin-de-semana","status":"publish","type":"post","link":"https:\/\/blogs.diariosur.es\/tormentas-y-rayos\/2023\/05\/11\/en-que-provincias-andaluzas-oleremos-a-petricor-este-fin-de-semana\/","title":{"rendered":"\u00bfEn que provincias andaluzas oleremos a petricor este fin de semana?"},"content":{"rendered":"<p><a href=\"https:\/\/static-blogs.diariosur.es\/wp-content\/uploads\/sites\/12\/2023\/04\/13055600_10207552088459273_1169643538142501376_n.jpg\"><img loading=\"lazy\" class=\"aligncenter size-thumbnail wp-image-36680\" src=\"https:\/\/static-blogs.diariosur.es\/wp-content\/uploads\/sites\/12\/2023\/04\/13055600_10207552088459273_1169643538142501376_n-150x150.jpg\" alt=\"\" width=\"150\" height=\"150\" \/><\/a><\/p>\n<p>Buenas tardes, amigos de la meteo. Antes de comentaros las provincias que probablemente oler\u00e1n a petricor este pr\u00f3ximo fin de semana, os comento que la geosmina es la sustancia que provoca el agradable olor a lluvia. Mis amigos de <a href=\"https:\/\/cazatormentas.com\/geosmina-la-sustancia-que-provoca-el-agradable-olor-a-lluvia\/\" rel=\"external nofollow\">cazatormentas<\/a> lo explican muy bien. Os copio y pego. En el enlace ten\u00e9is m\u00e1s explicaci\u00f3n.<\/p>\n<p>La geosmina es la responsable del\u00a0olor\u00a0a\u00a0lluvia, uno de los aromas m\u00e1s\u00a0agradables\u00a0que nos ofrece la\u00a0naturaleza. Sobre todo, despu\u00e9s de un largo tiempo seco, cuando caen las primeras gotas un olor algo\u00a0dulz\u00f3n\u00a0embriaga toda la atm\u00f3sfera y nos alerta, si no nos hab\u00edamos dado cuenta, de que la lluvia est\u00e1 empezando a caer.\u00a0La principal responsable de la generaci\u00f3n de la geosmina es la\u00a0<strong>Streptomyces coelicolor<\/strong>\u00a0o\u00a0<strong>Bacteria<\/strong>\u00a0de\u00a0<strong>Albert<\/strong>\u00a0junto con otras cianobacterias y distintos hongos que viven en el suelo y que se activan cuando la lluvia humedece la tierra. La geosmina no solo est\u00e1 presente en las part\u00edculas que flotan en el aire tras la llegada de la lluvia sino que tambi\u00e9n es la sustancia que da a la\u00a0remolacha\u00a0su caracter\u00edstico\u00a0olor\u00a0a\u00a0tierra, y est\u00e1 presente en el\u00a0aroma\u00a0de algunos\u00a0vinos.<\/p>\n<h3><span style=\"color: #ff0000;\"><strong>\u00bfEn qu\u00e9 provincias andaluzas oleremos a petricor este fin de semana?<\/strong><\/span><\/h3>\n<p><strong>Antes de nada comentaros que ser\u00e1 aire frio en altura lo que nos afectar\u00e1 y por consiguiente es muy dif\u00edcil de modelizar.<\/strong><\/p>\n<p>La mayoria de los modelos coinciden que la provincia de Almer\u00eda ser\u00e1 donde m\u00e1s precipitaci\u00f3n se registre, tambi\u00e9n hay probabilidad en la de Granada y M\u00e1laga. Estas dos \u00faltimas provincias mencionadas ser\u00e1 ma\u00f1ana cuando este m\u00e1s claro. El viernes a \u00faltima hora de la noche la provincia de Almer\u00eda recibir\u00eda las primeras precipitaciones, durante el s\u00e1bado se ir\u00e1n trasladando a la de Granada y M\u00e1laga pero ser\u00e1n m\u00e1s d\u00e9biles y no llover\u00e1 en toda la provincia. Esta precipitaciones pueden ir acompa\u00f1adas de fen\u00f3menos tormentosos.<\/p>\n<p>Es probable que en Sierra Nevada\u00a0 se registren nevadas en cotas altas. Las temperaturas m\u00ednimas durante la madrugada del domingo estar\u00e1n un poco por debajo de la media.<\/p>\n<p>Despu\u00e9s de m\u00e1s de dos meses sin ver una gota, lo poco que caiga ser\u00e1 bienvenida, aunque no solucione la sequia.<\/p>\n<p>El modelo europeo da estos acumulados.<\/p>\n<p>&nbsp;<\/p>\n<p><a href=\"https:\/\/static-blogs.diariosur.es\/wp-content\/uploads\/sites\/12\/2023\/05\/xx_model-en-342-0_modezrpd_2023051106_80_8367_157.png\"><img loading=\"lazy\" class=\"aligncenter size-full wp-image-36884\" src=\"https:\/\/static-blogs.diariosur.es\/wp-content\/uploads\/sites\/12\/2023\/05\/xx_model-en-342-0_modezrpd_2023051106_80_8367_157.png\" alt=\"\" width=\"760\" height=\"760\" srcset=\"https:\/\/static-blogs.diariosur.es\/wp-content\/uploads\/sites\/12\/2023\/05\/xx_model-en-342-0_modezrpd_2023051106_80_8367_157.png 760w, https:\/\/static-blogs.diariosur.es\/wp-content\/uploads\/sites\/12\/2023\/05\/xx_model-en-342-0_modezrpd_2023051106_80_8367_157-150x150.png 150w, https:\/\/static-blogs.diariosur.es\/wp-content\/uploads\/sites\/12\/2023\/05\/xx_model-en-342-0_modezrpd_2023051106_80_8367_157-400x400.png 400w\" sizes=\"(max-width: 760px) 100vw, 760px\" \/><\/a><\/p>\n<p>&nbsp;<\/p>\n<p>&nbsp;<\/p>\n<p>Ma\u00f1ana os dar\u00e9 la \u00faltima hora de los acumulados de lluvias actualizados.<\/p>\n<p>&nbsp;<\/p>\n<p>&nbsp;<\/p>\n<p>&nbsp;<\/p>\n","protected":false},"excerpt":{"rendered":"<p>Buenas tardes, amigos de la meteo. Antes de comentaros las provincias que probablemente oler\u00e1n a petricor este pr\u00f3ximo fin de semana, os comento que la geosmina es la sustancia que provoca el agradable olor a lluvia. Mis amigos de cazatormentas lo explican muy bien. Os copio y pego. En el enlace ten\u00e9is m\u00e1s explicaci\u00f3n. La [&hellip;]<\/p>\n","protected":false},"author":16,"featured_media":31316,"comment_status":"open","ping_status":"open","sticky":false,"template":"","format":"standard","meta":[],"categories":[2],"tags":[100,358,568,587,1252,992],"_links":{"self":[{"href":"https:\/\/blogs.diariosur.es\/tormentas-y-rayos\/wp-json\/wp\/v2\/posts\/36877"}],"collection":[{"href":"https:\/\/blogs.diariosur.es\/tormentas-y-rayos\/wp-json\/wp\/v2\/posts"}],"about":[{"href":"https:\/\/blogs.diariosur.es\/tormentas-y-rayos\/wp-json\/wp\/v2\/types\/post"}],"author":[{"embeddable":true,"href":"https:\/\/blogs.diariosur.es\/tormentas-y-rayos\/wp-json\/wp\/v2\/users\/16"}],"replies":[{"embeddable":true,"href":"https:\/\/blogs.diariosur.es\/tormentas-y-rayos\/wp-json\/wp\/v2\/comments?post=36877"}],"version-history":[{"count":9,"href":"https:\/\/blogs.diariosur.es\/tormentas-y-rayos\/wp-json\/wp\/v2\/posts\/36877\/revisions"}],"predecessor-version":[{"id":36889,"href":"https:\/\/blogs.diariosur.es\/tormentas-y-rayos\/wp-json\/wp\/v2\/posts\/36877\/revisions\/36889"}],"wp:featuredmedia":[{"embeddable":true,"href":"https:\/\/blogs.diariosur.es\/tormentas-y-rayos\/wp-json\/wp\/v2\/media\/31316"}],"wp:attachment":[{"href":"https:\/\/blogs.diariosur.es\/tormentas-y-rayos\/wp-json\/wp\/v2\/media?parent=36877"}],"wp:term":[{"taxonomy":"category","embeddable":true,"href":"https:\/\/blogs.diariosur.es\/tormentas-y-rayos\/wp-json\/wp\/v2\/categories?post=36877"},{"taxonomy":"post_tag","embeddable":true,"href":"https:\/\/blogs.diariosur.es\/tormentas-y-rayos\/wp-json\/wp\/v2\/tags?post=36877"}],"curies":[{"name":"wp","href":"https:\/\/api.w.org\/{rel}","templated":true}]}}