{"id":36890,"date":"2023-05-12T18:04:20","date_gmt":"2023-05-12T16:04:20","guid":{"rendered":"https:\/\/blogs.diariosur.es\/tormentas-y-rayos\/?p=36890"},"modified":"2023-05-12T18:08:39","modified_gmt":"2023-05-12T16:08:39","slug":"probabilidad-de-tormentas-en-las-provincias-de-malaga-almeria-y-granada","status":"publish","type":"post","link":"https:\/\/blogs.diariosur.es\/tormentas-y-rayos\/2023\/05\/12\/probabilidad-de-tormentas-en-las-provincias-de-malaga-almeria-y-granada\/","title":{"rendered":"Probabilidad de tormentas en las provincias de M\u00e1laga, Almer\u00eda y Granada."},"content":{"rendered":"<p><a href=\"https:\/\/static-blogs.diariosur.es\/wp-content\/uploads\/sites\/12\/2023\/04\/13055600_10207552088459273_1169643538142501376_n.jpg\"><img loading=\"lazy\" class=\"aligncenter size-thumbnail wp-image-36680\" src=\"https:\/\/static-blogs.diariosur.es\/wp-content\/uploads\/sites\/12\/2023\/04\/13055600_10207552088459273_1169643538142501376_n-150x150.jpg\" alt=\"\" width=\"150\" height=\"150\" \/><\/a><\/p>\n<p>Muy buenas tardes, amigos de la meteo. Hoy viernes se ha olido un poquito a<a href=\"https:\/\/blogs.diariosur.es\/tormentas-y-rayos\/2023\/05\/11\/en-que-provincias-andaluzas-oleremos-a-petricor-este-fin-de-semana\/\"><strong> petricor<\/strong><\/a> en algunos puntos de la Axarqu\u00eda de M\u00e1laga, como es el caso de Almarcha, El Borge y Sayalonga, esas d\u00e9biles precipitaciones acontecidas a primeras horas de la ma\u00f1ana han durado muy poco, y no han llegado al litro.<\/p>\n<p>Con los modelos en meseoscala actualizados, la mayor\u00eda dan un poco de precipitaci\u00f3n en la provincia de M\u00e1laga, lo que no tengo claro es si caer\u00e1n en todos <strong>los portales<\/strong>. Sigue siendo las provincias de Almer\u00eda y Granada la que mas precipitaci\u00f3n puedan caerle. Estos chubascos que caigan en algunos puntos de la provincia de M\u00e1laga, pueden ir acompa\u00f1ados de fen\u00f3menos tormentosos, tambi\u00e9n se dar\u00e1n en las provincias de Granada y Almer\u00eda. Ma\u00f1ana a \u00faltima hora de la tarde noche veremos en que zonas de estas provincias ha llovido m\u00e1s o lo mismo no ha ca\u00eddo ni gota.<\/p>\n<p><strong> Y recordar que son chubascos por tormentas, lo mismo cae en algunas zonas de la provincia de M\u00e1laga y en otras no.\u00a0<\/strong><\/p>\n<p>&nbsp;<\/p>\n<p>&nbsp;<\/p>\n","protected":false},"excerpt":{"rendered":"<p>Muy buenas tardes, amigos de la meteo. Hoy viernes se ha olido un poquito a petricor en algunos puntos de la Axarqu\u00eda de M\u00e1laga, como es el caso de Almarcha, El Borge y Sayalonga, esas d\u00e9biles precipitaciones acontecidas a primeras horas de la ma\u00f1ana han durado muy poco, y no han llegado al litro. Con [&hellip;]<\/p>\n","protected":false},"author":16,"featured_media":30131,"comment_status":"open","ping_status":"open","sticky":false,"template":"","format":"standard","meta":[],"categories":[2],"tags":[76,100,358,464,587,996],"_links":{"self":[{"href":"https:\/\/blogs.diariosur.es\/tormentas-y-rayos\/wp-json\/wp\/v2\/posts\/36890"}],"collection":[{"href":"https:\/\/blogs.diariosur.es\/tormentas-y-rayos\/wp-json\/wp\/v2\/posts"}],"about":[{"href":"https:\/\/blogs.diariosur.es\/tormentas-y-rayos\/wp-json\/wp\/v2\/types\/post"}],"author":[{"embeddable":true,"href":"https:\/\/blogs.diariosur.es\/tormentas-y-rayos\/wp-json\/wp\/v2\/users\/16"}],"replies":[{"embeddable":true,"href":"https:\/\/blogs.diariosur.es\/tormentas-y-rayos\/wp-json\/wp\/v2\/comments?post=36890"}],"version-history":[{"count":3,"href":"https:\/\/blogs.diariosur.es\/tormentas-y-rayos\/wp-json\/wp\/v2\/posts\/36890\/revisions"}],"predecessor-version":[{"id":36893,"href":"https:\/\/blogs.diariosur.es\/tormentas-y-rayos\/wp-json\/wp\/v2\/posts\/36890\/revisions\/36893"}],"wp:featuredmedia":[{"embeddable":true,"href":"https:\/\/blogs.diariosur.es\/tormentas-y-rayos\/wp-json\/wp\/v2\/media\/30131"}],"wp:attachment":[{"href":"https:\/\/blogs.diariosur.es\/tormentas-y-rayos\/wp-json\/wp\/v2\/media?parent=36890"}],"wp:term":[{"taxonomy":"category","embeddable":true,"href":"https:\/\/blogs.diariosur.es\/tormentas-y-rayos\/wp-json\/wp\/v2\/categories?post=36890"},{"taxonomy":"post_tag","embeddable":true,"href":"https:\/\/blogs.diariosur.es\/tormentas-y-rayos\/wp-json\/wp\/v2\/tags?post=36890"}],"curies":[{"name":"wp","href":"https:\/\/api.w.org\/{rel}","templated":true}]}}