{"id":36895,"date":"2023-05-13T11:53:00","date_gmt":"2023-05-13T09:53:00","guid":{"rendered":"https:\/\/blogs.diariosur.es\/tormentas-y-rayos\/?p=36895"},"modified":"2023-05-14T07:24:07","modified_gmt":"2023-05-14T05:24:07","slug":"acumulados-de-precipitacion-en-las-provincias-de-almeria-granada-y-malaga","status":"publish","type":"post","link":"https:\/\/blogs.diariosur.es\/tormentas-y-rayos\/2023\/05\/13\/acumulados-de-precipitacion-en-las-provincias-de-almeria-granada-y-malaga\/","title":{"rendered":"Acumulados de precipitaci\u00f3n en las provincias de Almer\u00eda, Granada y M\u00e1laga."},"content":{"rendered":"<p><a href=\"https:\/\/static-blogs.diariosur.es\/wp-content\/uploads\/sites\/12\/2023\/04\/13055600_10207552088459273_1169643538142501376_n.jpg\"><img loading=\"lazy\" class=\"aligncenter size-thumbnail wp-image-36680\" src=\"https:\/\/static-blogs.diariosur.es\/wp-content\/uploads\/sites\/12\/2023\/04\/13055600_10207552088459273_1169643538142501376_n-150x150.jpg\" alt=\"\" width=\"150\" height=\"150\" \/><\/a><\/p>\n<p style=\"text-align: justify;\">Muy buenos d\u00edas, amigos de la meteo. Se cumplieron las previsiones y donde m\u00e1s han olido a petricor ha sido en las provincias de Granada y Almer\u00eda. En la provincia de M\u00e1laga se ha olido menos, pero tambi\u00e9n han ca\u00eddo precipitaciones, aunque no en <strong>todos los portales<\/strong>. Como comentaba ayer, este tipo de situaciones pueden llover mucho en una zona y en unos kil\u00f3metros de esa zona mucho menos.<\/p>\n<p style=\"text-align: justify;\">Os paso los acumulados de precipitaci\u00f3n de las tres provincias hasta las 11:30 de la ma\u00f1ana.<\/p>\n<p style=\"text-align: justify;\">Fuentes, aemet, red hidrosur, meteoclimatic y\u00a0wunderground.<\/p>\n<p style=\"text-align: justify;\">En la provincia de M\u00e1laga las precipitaciones de la costa oriental se han dado de madrugada y primeras horas de la ma\u00f1ana.<\/p>\n<h3><span style=\"color: #0000ff;\"><strong>PROVINCIA DE M\u00c1LAGA<\/strong><\/span><\/h3>\n<p>NERJA LAS PALMERAS 25.7 LITROS<\/p>\n<p>ALMAYATE\u00a0 20 LITROS<\/p>\n<p>TORROX\u00a0 5.9 LITROS<\/p>\n<p>FRIGILIANA 2 LITROS<\/p>\n<p>RINC\u00d3N DE LA VICTORIA\u00a0 2 LITROS<\/p>\n<p>MIJAS LAS LAGUNAS\u00a0 5.8\u00a0 LITROS<\/p>\n<p>V\u00c9LEZ M\u00c1LAGA\u00a0 5.7 LITROS<\/p>\n<p>EL BORGE\u00a0 \u00a05 LITROS<\/p>\n<p>ALMACHAR 5.6 LITROS<\/p>\n<p>M\u00c1LAGA EL PALO 1.4 LITROS<\/p>\n<p>SANTO PITAR 3.7 LITROS<\/p>\n<p>TORREMOLINOS\u00a0 1.2 LITROS<\/p>\n<p>FUENGIROLA\u00a0 1.8 LITROS<\/p>\n<p>DEPURADORA DEL TRAPICHE\u00a0 3 LITROS<\/p>\n<p>BEN\u00c1LMADENA ARROYO DE LA MIEL\u00a0 \u00a01.8 LITROS<\/p>\n<p>VEL\u00c9Z M\u00c1LAGA ZONA LAGOS 11 LITROS<\/p>\n<p>DEPURADORA DEL TRAPICHE\u00a0 3 LITROS<\/p>\n<p>VALLENIZA V\u00c9LEZ\u00a0 \u00a010 LITROS<\/p>\n<h3><\/h3>\n<h3><span style=\"color: #0000ff;\"><strong>PROVINCIA DE ALMER\u00cdA<\/strong><\/span><\/h3>\n<p>ALMERIA AEROPUERTO\u00a0 9.5 litros<\/p>\n<p>AGUADULCE\u00a0 20 litros<\/p>\n<p>AGUADULCE ROQUETAS\u00a0 12.4 litros<\/p>\n<p>ADRA\u00a0 28 litros<\/p>\n<p>EL EJIDO\u00a0 20 litros<\/p>\n<p>EMBALSE DE BENINAR\u00a0 18 litros<\/p>\n<p>BAYARCAL\u00a0 19 litros<\/p>\n<p>ALBOX\u00a0 20 litros<\/p>\n<p>VALOR\u00a0 \u00a014 LITROS<\/p>\n<p>CANAL BENINAR-AGUADULCE\u00a0 13.1 litros<\/p>\n<p>RAMBLA DE TABERNAS\u00a0 11 litros<\/p>\n<p>&nbsp;<\/p>\n<h3><span style=\"color: #0000ff;\"><strong>PROVINCIA DE GRANADA<\/strong><\/span><\/h3>\n<p>ALMU\u00d1ECAR SEGUN ZONAS ENTRE LOS 10 LITROS Y 30 LITRORS<\/p>\n<p>CASTELL DE FERRO\u00a0 28 litros<\/p>\n<p>CALAHONDA 17 litros<\/p>\n<p>MOTRIL\u00a0 15 LITROS<\/p>\n<p>CARCHUNA 22.8 litros<\/p>\n<p>SALOBRE\u00d1A CLUB NAUTICO\u00a0 14 LITROS<\/p>\n<p>R\u00cdO GUADALFEO\u00a0 \u00a012 LITROS<\/p>\n<p>&nbsp;<\/p>\n<p>&nbsp;<\/p>\n<p>&nbsp;<\/p>\n<p>&nbsp;<\/p>\n<p>&nbsp;<\/p>\n<p>&nbsp;<\/p>\n<p>&nbsp;<\/p>\n<p>&nbsp;<\/p>\n<p>&nbsp;<\/p>\n","protected":false},"excerpt":{"rendered":"<p>Muy buenos d\u00edas, amigos de la meteo. Se cumplieron las previsiones y donde m\u00e1s han olido a petricor ha sido en las provincias de Granada y Almer\u00eda. En la provincia de M\u00e1laga se ha olido menos, pero tambi\u00e9n han ca\u00eddo precipitaciones, aunque no en todos los portales. Como comentaba ayer, este tipo de situaciones pueden [&hellip;]<\/p>\n","protected":false},"author":16,"featured_media":31327,"comment_status":"open","ping_status":"open","sticky":false,"template":"","format":"standard","meta":[],"categories":[2],"tags":[45,358,587,799],"_links":{"self":[{"href":"https:\/\/blogs.diariosur.es\/tormentas-y-rayos\/wp-json\/wp\/v2\/posts\/36895"}],"collection":[{"href":"https:\/\/blogs.diariosur.es\/tormentas-y-rayos\/wp-json\/wp\/v2\/posts"}],"about":[{"href":"https:\/\/blogs.diariosur.es\/tormentas-y-rayos\/wp-json\/wp\/v2\/types\/post"}],"author":[{"embeddable":true,"href":"https:\/\/blogs.diariosur.es\/tormentas-y-rayos\/wp-json\/wp\/v2\/users\/16"}],"replies":[{"embeddable":true,"href":"https:\/\/blogs.diariosur.es\/tormentas-y-rayos\/wp-json\/wp\/v2\/comments?post=36895"}],"version-history":[{"count":4,"href":"https:\/\/blogs.diariosur.es\/tormentas-y-rayos\/wp-json\/wp\/v2\/posts\/36895\/revisions"}],"predecessor-version":[{"id":36905,"href":"https:\/\/blogs.diariosur.es\/tormentas-y-rayos\/wp-json\/wp\/v2\/posts\/36895\/revisions\/36905"}],"wp:featuredmedia":[{"embeddable":true,"href":"https:\/\/blogs.diariosur.es\/tormentas-y-rayos\/wp-json\/wp\/v2\/media\/31327"}],"wp:attachment":[{"href":"https:\/\/blogs.diariosur.es\/tormentas-y-rayos\/wp-json\/wp\/v2\/media?parent=36895"}],"wp:term":[{"taxonomy":"category","embeddable":true,"href":"https:\/\/blogs.diariosur.es\/tormentas-y-rayos\/wp-json\/wp\/v2\/categories?post=36895"},{"taxonomy":"post_tag","embeddable":true,"href":"https:\/\/blogs.diariosur.es\/tormentas-y-rayos\/wp-json\/wp\/v2\/tags?post=36895"}],"curies":[{"name":"wp","href":"https:\/\/api.w.org\/{rel}","templated":true}]}}