{"id":36978,"date":"2023-05-20T07:25:57","date_gmt":"2023-05-20T05:25:57","guid":{"rendered":"https:\/\/blogs.diariosur.es\/tormentas-y-rayos\/?p=36978"},"modified":"2023-05-20T13:55:34","modified_gmt":"2023-05-20T11:55:34","slug":"aviso-amarillo-por-tormentas-un-19-de-mayo-de-2023-en-malaga-que-nos-cargo-las-pilas-fotos-y-videos","status":"publish","type":"post","link":"https:\/\/blogs.diariosur.es\/tormentas-y-rayos\/2023\/05\/20\/aviso-amarillo-por-tormentas-un-19-de-mayo-de-2023-en-malaga-que-nos-cargo-las-pilas-fotos-y-videos\/","title":{"rendered":"Aviso amarillo por tormentas. Un 19 de mayo de 2023 en M\u00e1laga que nos cargo las pilas. Fotos y videos"},"content":{"rendered":"<p><a href=\"https:\/\/static-blogs.diariosur.es\/wp-content\/uploads\/sites\/12\/2023\/04\/13055600_10207552088459273_1169643538142501376_n.jpg\"><img loading=\"lazy\" class=\"aligncenter size-thumbnail wp-image-36680\" src=\"https:\/\/static-blogs.diariosur.es\/wp-content\/uploads\/sites\/12\/2023\/04\/13055600_10207552088459273_1169643538142501376_n-150x150.jpg\" alt=\"\" width=\"150\" height=\"150\" \/><\/a><\/p>\n<p>Muy buenos d\u00edas, amigos de la meteo. Hoy s\u00e1bado las Comarcas de Ronda y Antequera est\u00e1n en aviso amarillo por tormentas. Luego al mediod\u00eda dar\u00e9 la previsi\u00f3n del tiempo para ma\u00f1ana domingo.<\/p>\n<p>Ayer viernes los aficionados a la meteo disfrutamos de lo lindo con los cielos que tuvimos en toda la provincia malague\u00f1a. Tuvimos tormentas, granizo y un precioso arcoiris, lo malo que yo ten\u00eda un gripazo y disfrute menos.<\/p>\n<p>Os pongo v\u00eddeos y a continuaci\u00f3n fotos.<\/p>\n<p>Este video es de mi amigo Daniel Calvo Chicano, ten\u00e9is que <strong>pinchar en granizada<\/strong>. Esta hecho en la barriada Nueva M\u00e1laga en el campo de futbol. Impresionante<\/p>\n<h3><a href=\"https:\/\/youtube.com\/shorts\/ZtWjbChlmgE?feature=share\" rel=\"external nofollow\">Granizada<\/a><\/h3>\n<p>Mi amigo Juan Aranda tambi\u00e9n inmortalizo en Churriana la granizada.<\/p>\n<p>&nbsp;<\/p>\n<p><iframe loading=\"lazy\" title=\"YouTube video player\" src=\"https:\/\/www.youtube.com\/embed\/F7B57dTE0fI\" width=\"560\" height=\"315\" frameborder=\"0\" allowfullscreen=\"allowfullscreen\"><\/iframe><\/p>\n<p>&nbsp;<\/p>\n<p>Mi hija Lidia Escudero me mando este video desde Guadalmar. Chaparr\u00f3n<\/p>\n<p>&nbsp;<\/p>\n<p><iframe loading=\"lazy\" title=\"YouTube video player\" src=\"https:\/\/www.youtube.com\/embed\/j-V7YJfVMM0\" width=\"560\" height=\"315\" frameborder=\"0\" allowfullscreen=\"allowfullscreen\"><\/iframe><\/p>\n<p>&nbsp;<\/p>\n<p>Yo tuve que hacer fotos y videos desde la terraza, el gripazo me imped\u00eda salir de cacer\u00eda<\/p>\n<p>&nbsp;<\/p>\n<p><iframe loading=\"lazy\" title=\"YouTube video player\" src=\"https:\/\/www.youtube.com\/embed\/VpAgQmP993A\" width=\"560\" height=\"315\" frameborder=\"0\" allowfullscreen=\"allowfullscreen\"><\/iframe><\/p>\n<p>&nbsp;<\/p>\n<p><iframe loading=\"lazy\" title=\"YouTube video player\" src=\"https:\/\/www.youtube.com\/embed\/Q_z37RtlhO8\" width=\"560\" height=\"315\" frameborder=\"0\" allowfullscreen=\"allowfullscreen\"><\/iframe><\/p>\n<p>&nbsp;<\/p>\n<p>Mi amigo cazatormentas Adri\u00e1n Valencia, me manda estos fotones desde Archidona.<\/p>\n<p>&nbsp;<\/p>\n<p><a href=\"https:\/\/static-blogs.diariosur.es\/wp-content\/uploads\/sites\/12\/2023\/05\/347606031_3540289789523348_5235710149869974582_n-1.jpg\"><img loading=\"lazy\" class=\"aligncenter size-full wp-image-36984\" src=\"https:\/\/static-blogs.diariosur.es\/wp-content\/uploads\/sites\/12\/2023\/05\/347606031_3540289789523348_5235710149869974582_n-1.jpg\" alt=\"\" width=\"900\" height=\"600\" srcset=\"https:\/\/static-blogs.diariosur.es\/wp-content\/uploads\/sites\/12\/2023\/05\/347606031_3540289789523348_5235710149869974582_n-1.jpg 900w, https:\/\/static-blogs.diariosur.es\/wp-content\/uploads\/sites\/12\/2023\/05\/347606031_3540289789523348_5235710149869974582_n-1-600x400.jpg 600w, https:\/\/static-blogs.diariosur.es\/wp-content\/uploads\/sites\/12\/2023\/05\/347606031_3540289789523348_5235710149869974582_n-1-768x512.jpg 768w\" sizes=\"(max-width: 900px) 100vw, 900px\" \/><\/a><\/p>\n<p>&nbsp;<\/p>\n<p><a href=\"https:\/\/static-blogs.diariosur.es\/wp-content\/uploads\/sites\/12\/2023\/05\/347610553_9377689942303038_2484097061585829365_n.jpg\"><img loading=\"lazy\" class=\"aligncenter size-full wp-image-36986\" src=\"https:\/\/static-blogs.diariosur.es\/wp-content\/uploads\/sites\/12\/2023\/05\/347610553_9377689942303038_2484097061585829365_n.jpg\" alt=\"\" width=\"795\" height=\"1197\" srcset=\"https:\/\/static-blogs.diariosur.es\/wp-content\/uploads\/sites\/12\/2023\/05\/347610553_9377689942303038_2484097061585829365_n.jpg 795w, https:\/\/static-blogs.diariosur.es\/wp-content\/uploads\/sites\/12\/2023\/05\/347610553_9377689942303038_2484097061585829365_n-266x400.jpg 266w, https:\/\/static-blogs.diariosur.es\/wp-content\/uploads\/sites\/12\/2023\/05\/347610553_9377689942303038_2484097061585829365_n-768x1156.jpg 768w\" sizes=\"(max-width: 795px) 100vw, 795px\" \/><\/a><\/p>\n<p>&nbsp;<\/p>\n<p>Nany Lavado que tambi\u00e9n es cazatormentas me mando estos fotones desde M\u00e1laga Capital.<\/p>\n<p>&nbsp;<\/p>\n<p><a href=\"https:\/\/static-blogs.diariosur.es\/wp-content\/uploads\/sites\/12\/2023\/05\/347231738_9205982322809380_7869771256751603497_n.jpg\"><img loading=\"lazy\" class=\"aligncenter size-full wp-image-36987\" src=\"https:\/\/static-blogs.diariosur.es\/wp-content\/uploads\/sites\/12\/2023\/05\/347231738_9205982322809380_7869771256751603497_n.jpg\" alt=\"\" width=\"900\" height=\"601\" srcset=\"https:\/\/static-blogs.diariosur.es\/wp-content\/uploads\/sites\/12\/2023\/05\/347231738_9205982322809380_7869771256751603497_n.jpg 900w, https:\/\/static-blogs.diariosur.es\/wp-content\/uploads\/sites\/12\/2023\/05\/347231738_9205982322809380_7869771256751603497_n-599x400.jpg 599w, https:\/\/static-blogs.diariosur.es\/wp-content\/uploads\/sites\/12\/2023\/05\/347231738_9205982322809380_7869771256751603497_n-768x513.jpg 768w\" sizes=\"(max-width: 900px) 100vw, 900px\" \/><\/a><\/p>\n<p>&nbsp;<\/p>\n<p><a href=\"https:\/\/static-blogs.diariosur.es\/wp-content\/uploads\/sites\/12\/2023\/05\/347443095_2590122787793184_4900304844016720541_n.jpg\"><img loading=\"lazy\" class=\"aligncenter size-full wp-image-36988\" src=\"https:\/\/static-blogs.diariosur.es\/wp-content\/uploads\/sites\/12\/2023\/05\/347443095_2590122787793184_4900304844016720541_n.jpg\" alt=\"\" width=\"900\" height=\"601\" srcset=\"https:\/\/static-blogs.diariosur.es\/wp-content\/uploads\/sites\/12\/2023\/05\/347443095_2590122787793184_4900304844016720541_n.jpg 900w, https:\/\/static-blogs.diariosur.es\/wp-content\/uploads\/sites\/12\/2023\/05\/347443095_2590122787793184_4900304844016720541_n-599x400.jpg 599w, https:\/\/static-blogs.diariosur.es\/wp-content\/uploads\/sites\/12\/2023\/05\/347443095_2590122787793184_4900304844016720541_n-768x513.jpg 768w\" sizes=\"(max-width: 900px) 100vw, 900px\" \/><\/a><\/p>\n<p>&nbsp;<\/p>\n<p>Y por \u00faltimo este pedazo de arcoiris que cazo mi amigo cazatormentas David Mancebo.<\/p>\n<p>&nbsp;<\/p>\n<p><a href=\"https:\/\/static-blogs.diariosur.es\/wp-content\/uploads\/sites\/12\/2023\/05\/345027296_5697076007065185_9012607828574121363_n.jpg\"><img loading=\"lazy\" class=\"aligncenter size-full wp-image-36989\" src=\"https:\/\/static-blogs.diariosur.es\/wp-content\/uploads\/sites\/12\/2023\/05\/345027296_5697076007065185_9012607828574121363_n.jpg\" alt=\"\" width=\"960\" height=\"640\" srcset=\"https:\/\/static-blogs.diariosur.es\/wp-content\/uploads\/sites\/12\/2023\/05\/345027296_5697076007065185_9012607828574121363_n.jpg 960w, https:\/\/static-blogs.diariosur.es\/wp-content\/uploads\/sites\/12\/2023\/05\/345027296_5697076007065185_9012607828574121363_n-600x400.jpg 600w, https:\/\/static-blogs.diariosur.es\/wp-content\/uploads\/sites\/12\/2023\/05\/345027296_5697076007065185_9012607828574121363_n-768x512.jpg 768w\" sizes=\"(max-width: 960px) 100vw, 960px\" \/><\/a><\/p>\n","protected":false},"excerpt":{"rendered":"<p>Muy buenos d\u00edas, amigos de la meteo. Hoy s\u00e1bado las Comarcas de Ronda y Antequera est\u00e1n en aviso amarillo por tormentas. Luego al mediod\u00eda dar\u00e9 la previsi\u00f3n del tiempo para ma\u00f1ana domingo. Ayer viernes los aficionados a la meteo disfrutamos de lo lindo con los cielos que tuvimos en toda la provincia malague\u00f1a. Tuvimos tormentas, [&hellip;]<\/p>\n","protected":false},"author":16,"featured_media":36984,"comment_status":"open","ping_status":"open","sticky":false,"template":"","format":"standard","meta":[],"categories":[2],"tags":[],"_links":{"self":[{"href":"https:\/\/blogs.diariosur.es\/tormentas-y-rayos\/wp-json\/wp\/v2\/posts\/36978"}],"collection":[{"href":"https:\/\/blogs.diariosur.es\/tormentas-y-rayos\/wp-json\/wp\/v2\/posts"}],"about":[{"href":"https:\/\/blogs.diariosur.es\/tormentas-y-rayos\/wp-json\/wp\/v2\/types\/post"}],"author":[{"embeddable":true,"href":"https:\/\/blogs.diariosur.es\/tormentas-y-rayos\/wp-json\/wp\/v2\/users\/16"}],"replies":[{"embeddable":true,"href":"https:\/\/blogs.diariosur.es\/tormentas-y-rayos\/wp-json\/wp\/v2\/comments?post=36978"}],"version-history":[{"count":7,"href":"https:\/\/blogs.diariosur.es\/tormentas-y-rayos\/wp-json\/wp\/v2\/posts\/36978\/revisions"}],"predecessor-version":[{"id":37004,"href":"https:\/\/blogs.diariosur.es\/tormentas-y-rayos\/wp-json\/wp\/v2\/posts\/36978\/revisions\/37004"}],"wp:featuredmedia":[{"embeddable":true,"href":"https:\/\/blogs.diariosur.es\/tormentas-y-rayos\/wp-json\/wp\/v2\/media\/36984"}],"wp:attachment":[{"href":"https:\/\/blogs.diariosur.es\/tormentas-y-rayos\/wp-json\/wp\/v2\/media?parent=36978"}],"wp:term":[{"taxonomy":"category","embeddable":true,"href":"https:\/\/blogs.diariosur.es\/tormentas-y-rayos\/wp-json\/wp\/v2\/categories?post=36978"},{"taxonomy":"post_tag","embeddable":true,"href":"https:\/\/blogs.diariosur.es\/tormentas-y-rayos\/wp-json\/wp\/v2\/tags?post=36978"}],"curies":[{"name":"wp","href":"https:\/\/api.w.org\/{rel}","templated":true}]}}