{"id":36991,"date":"2023-05-20T10:00:49","date_gmt":"2023-05-20T08:00:49","guid":{"rendered":"https:\/\/blogs.diariosur.es\/tormentas-y-rayos\/?p=36991"},"modified":"2023-05-20T10:09:10","modified_gmt":"2023-05-20T08:09:10","slug":"el-tiempo-en-andalucia-nueva-dana-aviso-amarillo-como-nos-afectara-donde-caera-lo-gordo","status":"publish","type":"post","link":"https:\/\/blogs.diariosur.es\/tormentas-y-rayos\/2023\/05\/20\/el-tiempo-en-andalucia-nueva-dana-aviso-amarillo-como-nos-afectara-donde-caera-lo-gordo\/","title":{"rendered":"El tiempo en Andaluc\u00eda. Nueva dana. Aviso amarillo. \u00bfC\u00f3mo nos afectara, donde caer\u00e1 lo gordo?"},"content":{"rendered":"<p><a href=\"https:\/\/static-blogs.diariosur.es\/wp-content\/uploads\/sites\/12\/2022\/10\/71718477_10217590951264569_620088742333382656_n.jpg\"><img loading=\"lazy\" class=\"aligncenter size-thumbnail wp-image-34662\" src=\"https:\/\/static-blogs.diariosur.es\/wp-content\/uploads\/sites\/12\/2022\/10\/71718477_10217590951264569_620088742333382656_n-150x150.jpg\" alt=\"\" width=\"150\" height=\"150\" \/><\/a><\/p>\n<p>Muy buenos dias, amigos de la meteo. Par los que no hab\u00e9is visto el reportaje de esta ma\u00f1ana de las tormentas os pongo el enlace\u00a0<a href=\"https:\/\/blogs.diariosur.es\/tormentas-y-rayos\/2023\/05\/20\/aviso-amarillo-por-tormentas-un-19-de-mayo-de-2023-en-malaga-que-nos-cargo-las-pilas-fotos-y-videos\/\"><strong>UN 19 DE MAYO QUE NOS CARGO LAS PILAS<\/strong><\/a><\/p>\n<p>Una nueva dana se situar\u00e1 ma\u00f1ana domingo entre el Cabo de San Vicente y Golfo de C\u00e1diz. Hay mucha incertidumbre con los modelos y no esta claro donde <strong>caer\u00e1 lo gordo\u00a0<\/strong>desde ma\u00f1ana domingo al martes.<\/p>\n<p>Os paso dos mapas a 500 hpa del modelo europeo y americano.<\/p>\n<p>&nbsp;<\/p>\n<p><a href=\"https:\/\/static-blogs.diariosur.es\/wp-content\/uploads\/sites\/12\/2023\/05\/1.gif\"><img loading=\"lazy\" class=\"aligncenter size-full wp-image-36992\" src=\"https:\/\/static-blogs.diariosur.es\/wp-content\/uploads\/sites\/12\/2023\/05\/1.gif\" alt=\"\" width=\"768\" height=\"768\" \/><\/a><\/p>\n<p>&nbsp;<\/p>\n<p><a href=\"https:\/\/static-blogs.diariosur.es\/wp-content\/uploads\/sites\/12\/2023\/05\/27-21SP.gif\"><img loading=\"lazy\" class=\"aligncenter size-full wp-image-36993\" src=\"https:\/\/static-blogs.diariosur.es\/wp-content\/uploads\/sites\/12\/2023\/05\/27-21SP.gif\" alt=\"\" width=\"768\" height=\"768\" \/><\/a><\/p>\n<p>&nbsp;<\/p>\n<p>Si os fij\u00e1is la posici\u00f3n es muy parecida, pero cada uno interpreta de forma distinta los probables acumulados de esos tres d\u00edas en nuestra comunidad.<\/p>\n<p>&nbsp;<\/p>\n<p><strong>El modelo europeo<\/strong> da los mayores acumulados en la provincia de Almer\u00eda y Granada. En la provincia malague\u00f1a ser\u00eda la zona m\u00e1s occidental donde puede llover m\u00e1s ma\u00f1ana, hay probabilidad de tormentas en la zona occidental, en la capital y Axarqu\u00eda poca cosa.<\/p>\n<p>&nbsp;<\/p>\n<p><a href=\"https:\/\/static-blogs.diariosur.es\/wp-content\/uploads\/sites\/12\/2023\/05\/a.jpg\"><img loading=\"lazy\" class=\"aligncenter size-full wp-image-36994\" src=\"https:\/\/static-blogs.diariosur.es\/wp-content\/uploads\/sites\/12\/2023\/05\/a.jpg\" alt=\"\" width=\"762\" height=\"794\" srcset=\"https:\/\/static-blogs.diariosur.es\/wp-content\/uploads\/sites\/12\/2023\/05\/a.jpg 762w, https:\/\/static-blogs.diariosur.es\/wp-content\/uploads\/sites\/12\/2023\/05\/a-384x400.jpg 384w\" sizes=\"(max-width: 762px) 100vw, 762px\" \/><\/a><\/p>\n<p>&nbsp;<\/p>\n<p><strong>El modelo americano<\/strong> es m\u00e1s generoso con nuestra provincia malague\u00f1a, las precipitaciones se mantendr\u00edan hasta el lunes. Si se cumple este modelo llover\u00eda m\u00e1s en la capital y la Axarqu\u00eda. Tambi\u00e9n espera m\u00e1s precipitaciones en la provincia de Almer\u00eda y Granada.<\/p>\n<p>La aemet activa el aviso amarillo por tormentas y lluvias en Sol, Guadalhorce, Ronda y Estrecho. Precipitaci\u00f3n acumulada en una hora: 20 mm.<\/p>\n<p>&nbsp;<\/p>\n<p><a href=\"https:\/\/static-blogs.diariosur.es\/wp-content\/uploads\/sites\/12\/2023\/05\/Captura-de-pantalla-2023-05-20-095615.jpg\"><img loading=\"lazy\" class=\"aligncenter size-full wp-image-36999\" src=\"https:\/\/static-blogs.diariosur.es\/wp-content\/uploads\/sites\/12\/2023\/05\/Captura-de-pantalla-2023-05-20-095615.jpg\" alt=\"\" width=\"703\" height=\"545\" srcset=\"https:\/\/static-blogs.diariosur.es\/wp-content\/uploads\/sites\/12\/2023\/05\/Captura-de-pantalla-2023-05-20-095615.jpg 703w, https:\/\/static-blogs.diariosur.es\/wp-content\/uploads\/sites\/12\/2023\/05\/Captura-de-pantalla-2023-05-20-095615-516x400.jpg 516w\" sizes=\"(max-width: 703px) 100vw, 703px\" \/><\/a><\/p>\n<p>&nbsp;<\/p>\n","protected":false},"excerpt":{"rendered":"<p>Muy buenos dias, amigos de la meteo. Par los que no hab\u00e9is visto el reportaje de esta ma\u00f1ana de las tormentas os pongo el enlace\u00a0UN 19 DE MAYO QUE NOS CARGO LAS PILAS Una nueva dana se situar\u00e1 ma\u00f1ana domingo entre el Cabo de San Vicente y Golfo de C\u00e1diz. Hay mucha incertidumbre con los [&hellip;]<\/p>\n","protected":false},"author":16,"featured_media":36998,"comment_status":"open","ping_status":"open","sticky":false,"template":"","format":"standard","meta":[],"categories":[2],"tags":[100,151,307,358,996],"_links":{"self":[{"href":"https:\/\/blogs.diariosur.es\/tormentas-y-rayos\/wp-json\/wp\/v2\/posts\/36991"}],"collection":[{"href":"https:\/\/blogs.diariosur.es\/tormentas-y-rayos\/wp-json\/wp\/v2\/posts"}],"about":[{"href":"https:\/\/blogs.diariosur.es\/tormentas-y-rayos\/wp-json\/wp\/v2\/types\/post"}],"author":[{"embeddable":true,"href":"https:\/\/blogs.diariosur.es\/tormentas-y-rayos\/wp-json\/wp\/v2\/users\/16"}],"replies":[{"embeddable":true,"href":"https:\/\/blogs.diariosur.es\/tormentas-y-rayos\/wp-json\/wp\/v2\/comments?post=36991"}],"version-history":[{"count":5,"href":"https:\/\/blogs.diariosur.es\/tormentas-y-rayos\/wp-json\/wp\/v2\/posts\/36991\/revisions"}],"predecessor-version":[{"id":37002,"href":"https:\/\/blogs.diariosur.es\/tormentas-y-rayos\/wp-json\/wp\/v2\/posts\/36991\/revisions\/37002"}],"wp:featuredmedia":[{"embeddable":true,"href":"https:\/\/blogs.diariosur.es\/tormentas-y-rayos\/wp-json\/wp\/v2\/media\/36998"}],"wp:attachment":[{"href":"https:\/\/blogs.diariosur.es\/tormentas-y-rayos\/wp-json\/wp\/v2\/media?parent=36991"}],"wp:term":[{"taxonomy":"category","embeddable":true,"href":"https:\/\/blogs.diariosur.es\/tormentas-y-rayos\/wp-json\/wp\/v2\/categories?post=36991"},{"taxonomy":"post_tag","embeddable":true,"href":"https:\/\/blogs.diariosur.es\/tormentas-y-rayos\/wp-json\/wp\/v2\/tags?post=36991"}],"curies":[{"name":"wp","href":"https:\/\/api.w.org\/{rel}","templated":true}]}}