{"id":37032,"date":"2023-05-23T07:41:39","date_gmt":"2023-05-23T05:41:39","guid":{"rendered":"https:\/\/blogs.diariosur.es\/tormentas-y-rayos\/?p=37032"},"modified":"2023-05-23T07:41:39","modified_gmt":"2023-05-23T05:41:39","slug":"un-paseo-por-sierra-nevada-a-finales-de-mayo-de-2023-videos-y-fotos","status":"publish","type":"post","link":"https:\/\/blogs.diariosur.es\/tormentas-y-rayos\/2023\/05\/23\/un-paseo-por-sierra-nevada-a-finales-de-mayo-de-2023-videos-y-fotos\/","title":{"rendered":"Un paseo por Sierra Nevada a finales de mayo de 2023. Videos y fotos"},"content":{"rendered":"<p><a href=\"https:\/\/static-blogs.diariosur.es\/wp-content\/uploads\/sites\/12\/2023\/04\/13055600_10207552088459273_1169643538142501376_n.jpg\"><img loading=\"lazy\" class=\"aligncenter size-thumbnail wp-image-36680\" src=\"https:\/\/static-blogs.diariosur.es\/wp-content\/uploads\/sites\/12\/2023\/04\/13055600_10207552088459273_1169643538142501376_n-150x150.jpg\" alt=\"\" width=\"150\" height=\"150\" \/><\/a><\/p>\n<p>Muy buenos d\u00edas, amigos de la meteo. Esta segunda quincena de mayo de 2023 no solo ha tra\u00eddo precipitaciones, tambi\u00e9n nieve en Sierra Nevada. Mi amigo aficionado a la meteorolog\u00eda Jes\u00fas Gim\u00e9nez, disfruto de lo lindo el pasado d\u00eda 21 haciendo una ruta con sus amigos por este hermoso lugar de Andaluc\u00eda en Granada.<\/p>\n<p>Os pongo un par de videos y fotos. Muchas gracias Jes\u00fas por compartir.<\/p>\n<p>&nbsp;<\/p>\n<p><iframe loading=\"lazy\" title=\"YouTube video player\" src=\"https:\/\/www.youtube.com\/embed\/Ex_yvl1sW6o\" width=\"560\" height=\"315\" frameborder=\"0\" allowfullscreen=\"allowfullscreen\"><\/iframe><\/p>\n<p>&nbsp;<\/p>\n<p>&nbsp;<\/p>\n<p><iframe loading=\"lazy\" title=\"YouTube video player\" src=\"https:\/\/www.youtube.com\/embed\/a36VGAAlSyY\" width=\"560\" height=\"315\" frameborder=\"0\" allowfullscreen=\"allowfullscreen\"><\/iframe><\/p>\n<p>&nbsp;<\/p>\n<p>Os presento a Jes\u00fas, el m\u00e1s feliz del mundo disfrutando de la nieve. La pr\u00f3xima me apunto.<\/p>\n<p>&nbsp;<\/p>\n<p><a href=\"https:\/\/static-blogs.diariosur.es\/wp-content\/uploads\/sites\/12\/2023\/05\/348698254_1326387461556708_7102427767672951265_n-e1684815414958.jpg\"><img loading=\"lazy\" class=\"aligncenter size-full wp-image-37033\" src=\"https:\/\/static-blogs.diariosur.es\/wp-content\/uploads\/sites\/12\/2023\/05\/348698254_1326387461556708_7102427767672951265_n-e1684815414958.jpg\" alt=\"\" width=\"1200\" height=\"540\" \/><\/a><\/p>\n<p>&nbsp;<\/p>\n<p><a href=\"https:\/\/static-blogs.diariosur.es\/wp-content\/uploads\/sites\/12\/2023\/05\/347629307_569006652058753_5675713202915681545_n-e1684815547265.jpg\"><img loading=\"lazy\" class=\"aligncenter size-full wp-image-37034\" src=\"https:\/\/static-blogs.diariosur.es\/wp-content\/uploads\/sites\/12\/2023\/05\/347629307_569006652058753_5675713202915681545_n-e1684815547265.jpg\" alt=\"\" width=\"1200\" height=\"540\" \/><\/a><\/p>\n<p>&nbsp;<\/p>\n<p><a href=\"https:\/\/static-blogs.diariosur.es\/wp-content\/uploads\/sites\/12\/2023\/05\/347636194_949763532736559_6701933161854412975_n-e1684815574734.jpg\"><img loading=\"lazy\" class=\"aligncenter size-full wp-image-37035\" src=\"https:\/\/static-blogs.diariosur.es\/wp-content\/uploads\/sites\/12\/2023\/05\/347636194_949763532736559_6701933161854412975_n-e1684815574734.jpg\" alt=\"\" width=\"1200\" height=\"540\" \/><\/a><\/p>\n<p>&nbsp;<\/p>\n<p><a href=\"https:\/\/static-blogs.diariosur.es\/wp-content\/uploads\/sites\/12\/2023\/05\/347798381_630638942439604_5246505443971144783_n-e1684815603268.jpg\"><img loading=\"lazy\" class=\"aligncenter size-full wp-image-37036\" src=\"https:\/\/static-blogs.diariosur.es\/wp-content\/uploads\/sites\/12\/2023\/05\/347798381_630638942439604_5246505443971144783_n-e1684815603268.jpg\" alt=\"\" width=\"1200\" height=\"540\" \/><\/a><\/p>\n<p>&nbsp;<\/p>\n<p><a href=\"https:\/\/static-blogs.diariosur.es\/wp-content\/uploads\/sites\/12\/2023\/05\/348283584_566745898908841_5220616662791066528_n-e1684815630818.jpg\"><img loading=\"lazy\" class=\"aligncenter size-full wp-image-37037\" src=\"https:\/\/static-blogs.diariosur.es\/wp-content\/uploads\/sites\/12\/2023\/05\/348283584_566745898908841_5220616662791066528_n-e1684815630818.jpg\" alt=\"\" width=\"1200\" height=\"675\" \/><\/a><\/p>\n<p>&nbsp;<\/p>\n<p><a href=\"https:\/\/static-blogs.diariosur.es\/wp-content\/uploads\/sites\/12\/2023\/05\/348576444_1351691882356631_7769850383615870435_n-e1684815656828.jpg\"><img loading=\"lazy\" class=\"aligncenter size-full wp-image-37038\" src=\"https:\/\/static-blogs.diariosur.es\/wp-content\/uploads\/sites\/12\/2023\/05\/348576444_1351691882356631_7769850383615870435_n-e1684815656828.jpg\" alt=\"\" width=\"1200\" height=\"540\" \/><\/a><\/p>\n<p>&nbsp;<\/p>\n<p><a href=\"https:\/\/static-blogs.diariosur.es\/wp-content\/uploads\/sites\/12\/2023\/05\/348849321_1508942686304434_8048680665475858659_n-e1684815746945.jpg\"><img loading=\"lazy\" class=\"aligncenter size-full wp-image-37039\" src=\"https:\/\/static-blogs.diariosur.es\/wp-content\/uploads\/sites\/12\/2023\/05\/348849321_1508942686304434_8048680665475858659_n-e1684815746945.jpg\" alt=\"\" width=\"1200\" height=\"540\" \/><\/a><\/p>\n<p>&nbsp;<\/p>\n<p><a href=\"https:\/\/static-blogs.diariosur.es\/wp-content\/uploads\/sites\/12\/2023\/05\/a-1-e1684815930911.jpg\"><img loading=\"lazy\" class=\"aligncenter size-full wp-image-37040\" src=\"https:\/\/static-blogs.diariosur.es\/wp-content\/uploads\/sites\/12\/2023\/05\/a-1-e1684815930911.jpg\" alt=\"\" width=\"1200\" height=\"540\" \/><\/a><\/p>\n<p>&nbsp;<\/p>\n<p><a href=\"https:\/\/static-blogs.diariosur.es\/wp-content\/uploads\/sites\/12\/2023\/05\/b-1-e1684816004542.jpg\"><img loading=\"lazy\" class=\"aligncenter size-full wp-image-37041\" src=\"https:\/\/static-blogs.diariosur.es\/wp-content\/uploads\/sites\/12\/2023\/05\/b-1-e1684816004542.jpg\" alt=\"\" width=\"1200\" height=\"540\" \/><\/a><\/p>\n<p>&nbsp;<\/p>\n<p><a href=\"https:\/\/static-blogs.diariosur.es\/wp-content\/uploads\/sites\/12\/2023\/05\/c-e1684816086636.jpg\"><img loading=\"lazy\" class=\"aligncenter size-full wp-image-37042\" src=\"https:\/\/static-blogs.diariosur.es\/wp-content\/uploads\/sites\/12\/2023\/05\/c-e1684816086636.jpg\" alt=\"\" width=\"1200\" height=\"540\" \/><\/a><\/p>\n<p>&nbsp;<\/p>\n","protected":false},"excerpt":{"rendered":"<p>Muy buenos d\u00edas, amigos de la meteo. Esta segunda quincena de mayo de 2023 no solo ha tra\u00eddo precipitaciones, tambi\u00e9n nieve en Sierra Nevada. Mi amigo aficionado a la meteorolog\u00eda Jes\u00fas Gim\u00e9nez, disfruto de lo lindo el pasado d\u00eda 21 haciendo una ruta con sus amigos por este hermoso lugar de Andaluc\u00eda en Granada. Os [&hellip;]<\/p>\n","protected":false},"author":16,"featured_media":37038,"comment_status":"open","ping_status":"open","sticky":false,"template":"","format":"standard","meta":[],"categories":[2],"tags":[1821,358,628,689,913],"_links":{"self":[{"href":"https:\/\/blogs.diariosur.es\/tormentas-y-rayos\/wp-json\/wp\/v2\/posts\/37032"}],"collection":[{"href":"https:\/\/blogs.diariosur.es\/tormentas-y-rayos\/wp-json\/wp\/v2\/posts"}],"about":[{"href":"https:\/\/blogs.diariosur.es\/tormentas-y-rayos\/wp-json\/wp\/v2\/types\/post"}],"author":[{"embeddable":true,"href":"https:\/\/blogs.diariosur.es\/tormentas-y-rayos\/wp-json\/wp\/v2\/users\/16"}],"replies":[{"embeddable":true,"href":"https:\/\/blogs.diariosur.es\/tormentas-y-rayos\/wp-json\/wp\/v2\/comments?post=37032"}],"version-history":[{"count":2,"href":"https:\/\/blogs.diariosur.es\/tormentas-y-rayos\/wp-json\/wp\/v2\/posts\/37032\/revisions"}],"predecessor-version":[{"id":37044,"href":"https:\/\/blogs.diariosur.es\/tormentas-y-rayos\/wp-json\/wp\/v2\/posts\/37032\/revisions\/37044"}],"wp:featuredmedia":[{"embeddable":true,"href":"https:\/\/blogs.diariosur.es\/tormentas-y-rayos\/wp-json\/wp\/v2\/media\/37038"}],"wp:attachment":[{"href":"https:\/\/blogs.diariosur.es\/tormentas-y-rayos\/wp-json\/wp\/v2\/media?parent=37032"}],"wp:term":[{"taxonomy":"category","embeddable":true,"href":"https:\/\/blogs.diariosur.es\/tormentas-y-rayos\/wp-json\/wp\/v2\/categories?post=37032"},{"taxonomy":"post_tag","embeddable":true,"href":"https:\/\/blogs.diariosur.es\/tormentas-y-rayos\/wp-json\/wp\/v2\/tags?post=37032"}],"curies":[{"name":"wp","href":"https:\/\/api.w.org\/{rel}","templated":true}]}}