{"id":37045,"date":"2023-05-25T08:42:22","date_gmt":"2023-05-25T06:42:22","guid":{"rendered":"https:\/\/blogs.diariosur.es\/tormentas-y-rayos\/?p=37045"},"modified":"2023-05-25T08:45:28","modified_gmt":"2023-05-25T06:45:28","slug":"dana-retrograda-que-tiempo-hara-el-fin-de-semana-de-las-elecciones-en-la-provincia-de-malaga","status":"publish","type":"post","link":"https:\/\/blogs.diariosur.es\/tormentas-y-rayos\/2023\/05\/25\/dana-retrograda-que-tiempo-hara-el-fin-de-semana-de-las-elecciones-en-la-provincia-de-malaga\/","title":{"rendered":"Dana retrograda. \u00bfQu\u00e9 tiempo har\u00e1 el fin de semana de las elecciones en la provincia de M\u00e1laga?"},"content":{"rendered":"<p><a href=\"https:\/\/static-blogs.diariosur.es\/wp-content\/uploads\/sites\/12\/2023\/01\/327946939_869693064149145_1099993097779863480_n.jpg\"><img loading=\"lazy\" class=\"aligncenter size-thumbnail wp-image-35771\" src=\"https:\/\/static-blogs.diariosur.es\/wp-content\/uploads\/sites\/12\/2023\/01\/327946939_869693064149145_1099993097779863480_n-150x150.jpg\" alt=\"\" width=\"150\" height=\"150\" \/><\/a><\/p>\n<p>Muy buenos d\u00edas, amigos de la meteo. Cuando son las siete y media de la ma\u00f1ana en M\u00e1laga capital, el aeropuerto registra 15.4 grados, los cielos est\u00e1n despejados y el viento sopla flojo de direcci\u00f3n variable. A primeras horas de la tarde se ir\u00e1n formando desarrollos en la provincia de M\u00e1laga, siendo m\u00e1s probables en los sistemas monta\u00f1osos. Puede caer un chaparr\u00f3n espor\u00e1dico donde se formen estos desarrollos.<\/p>\n<p><strong>La aemet activa el aviso amarillo por tormentas y lluvias en estas zonas de Andaluc\u00eda<\/strong>.<\/p>\n<p>Por tormentas y lluvias de 15 litros en una hora en el\u00a0<span data-zona-id=\"610401\">Valle del Almanzora y Los V\u00e9lez<\/span>&#8211;<span data-zona-id=\"6104\">Almer\u00eda. Por tormentas en\u00a0Guadix y Baza en\u00a0Granada y\u00a0Cazorla y Segura en\u00a0Ja\u00e9n.<\/span><\/p>\n<p>&nbsp;<\/p>\n<p>&nbsp;<\/p>\n<p><a href=\"https:\/\/static-blogs.diariosur.es\/wp-content\/uploads\/sites\/12\/2023\/05\/Captura-de-pantalla-2023-05-25-065049.jpg\"><img loading=\"lazy\" class=\"aligncenter size-full wp-image-37048\" src=\"https:\/\/static-blogs.diariosur.es\/wp-content\/uploads\/sites\/12\/2023\/05\/Captura-de-pantalla-2023-05-25-065049.jpg\" alt=\"\" width=\"686\" height=\"547\" srcset=\"https:\/\/static-blogs.diariosur.es\/wp-content\/uploads\/sites\/12\/2023\/05\/Captura-de-pantalla-2023-05-25-065049.jpg 686w, https:\/\/static-blogs.diariosur.es\/wp-content\/uploads\/sites\/12\/2023\/05\/Captura-de-pantalla-2023-05-25-065049-502x400.jpg 502w\" sizes=\"(max-width: 686px) 100vw, 686px\" \/><\/a><\/p>\n<p>&nbsp;<\/p>\n<p>Antes de daros la previsi\u00f3n del fin de semana, os quiero pasar esta foto de mi amigo y compa\u00f1ero Antonio Amores. La hizo ayer en Casabermeja en el Rio Guadalmedina, lo curioso de la foto, es que el d\u00eda anterior el cauce estaba totalmente seco y gracias a las lluvias que cayeron en Colmenar ha tra\u00eddo un poco de agua. No es gran cosa pero para el campo le viene muy bien, aunque de momento los embalses no hayan recogido agua. Pero sobre los embalses hablaremos la pr\u00f3xima semana.<\/p>\n<p>&nbsp;<\/p>\n<p>&nbsp;<\/p>\n<p><a href=\"https:\/\/static-blogs.diariosur.es\/wp-content\/uploads\/sites\/12\/2023\/05\/349091643_247627787949492_1506387047538733609_n-e1684943675713.jpg\"><img loading=\"lazy\" class=\"aligncenter size-full wp-image-37046\" src=\"https:\/\/static-blogs.diariosur.es\/wp-content\/uploads\/sites\/12\/2023\/05\/349091643_247627787949492_1506387047538733609_n-e1684943675713.jpg\" alt=\"\" width=\"1200\" height=\"900\" \/><\/a><\/p>\n<p>&nbsp;<\/p>\n<p>&nbsp;<\/p>\n<h3><span style=\"color: #ff0000;\"><strong>Dana retrograda. \u00bfQu\u00e9 tiempo har\u00e1 el fin de semana de las elecciones en la provincia de M\u00e1laga?<\/strong><\/span><\/h3>\n<p style=\"text-align: justify;\">Hoy jueves la dana que ha estado afectando a la pen\u00ednsula y Baleares durante varios d\u00edas, da sus \u00faltimos coletazos. Pero a partir de ma\u00f1ana viernes viene otra, en esta ocasi\u00f3n desde Alemania. Pasara por Francia, Cant\u00e1brico y oeste de Portugal, para m\u00e1s tarde posicionarse en las Azores el domingo. Y si se cumplen los modelos volver\u00eda nuevamente hacia la pen\u00ednsula para posicionarse entre el d\u00eda 31 de mayo o 1 de junio en el Cabo de San Vicente. Pero esto \u00faltimo lo iremos viendo a partir del pr\u00f3ximo domingo.<\/p>\n<p style=\"text-align: justify;\">Os paso estos dos mapas que aunque sea de ayer, nos viene bien para que ve\u00e1is el recorrido. Modelo europeo, fuente meteociel.<\/p>\n<p>&nbsp;<\/p>\n<p><a href=\"https:\/\/static-blogs.diariosur.es\/wp-content\/uploads\/sites\/12\/2023\/05\/1-1.gif\"><img loading=\"lazy\" class=\"aligncenter size-full wp-image-37049\" src=\"https:\/\/static-blogs.diariosur.es\/wp-content\/uploads\/sites\/12\/2023\/05\/1-1.gif\" alt=\"\" width=\"768\" height=\"512\" \/><\/a><\/p>\n<p>&nbsp;<\/p>\n<p>&nbsp;<\/p>\n<p><a href=\"https:\/\/static-blogs.diariosur.es\/wp-content\/uploads\/sites\/12\/2023\/05\/2.gif\"><img loading=\"lazy\" class=\"aligncenter size-full wp-image-37050\" src=\"https:\/\/static-blogs.diariosur.es\/wp-content\/uploads\/sites\/12\/2023\/05\/2.gif\" alt=\"\" width=\"768\" height=\"512\" \/><\/a><\/p>\n<p>Modelo europeo fuente meteologix.<\/p>\n<p>Dana en el Cant\u00e1brico<\/p>\n<p>&nbsp;<\/p>\n<p><a href=\"https:\/\/static-blogs.diariosur.es\/wp-content\/uploads\/sites\/12\/2023\/05\/z-1.jpg\"><img loading=\"lazy\" class=\"aligncenter size-full wp-image-37051\" src=\"https:\/\/static-blogs.diariosur.es\/wp-content\/uploads\/sites\/12\/2023\/05\/z-1.jpg\" alt=\"\" width=\"754\" height=\"758\" srcset=\"https:\/\/static-blogs.diariosur.es\/wp-content\/uploads\/sites\/12\/2023\/05\/z-1.jpg 754w, https:\/\/static-blogs.diariosur.es\/wp-content\/uploads\/sites\/12\/2023\/05\/z-1-150x150.jpg 150w, https:\/\/static-blogs.diariosur.es\/wp-content\/uploads\/sites\/12\/2023\/05\/z-1-398x400.jpg 398w\" sizes=\"(max-width: 754px) 100vw, 754px\" \/><\/a><\/p>\n<p>Dana al oeste de Portugal<\/p>\n<p><a href=\"https:\/\/static-blogs.diariosur.es\/wp-content\/uploads\/sites\/12\/2023\/05\/z1.jpg\"><img loading=\"lazy\" class=\"aligncenter size-full wp-image-37052\" src=\"https:\/\/static-blogs.diariosur.es\/wp-content\/uploads\/sites\/12\/2023\/05\/z1.jpg\" alt=\"\" width=\"762\" height=\"762\" srcset=\"https:\/\/static-blogs.diariosur.es\/wp-content\/uploads\/sites\/12\/2023\/05\/z1.jpg 762w, https:\/\/static-blogs.diariosur.es\/wp-content\/uploads\/sites\/12\/2023\/05\/z1-150x150.jpg 150w, https:\/\/static-blogs.diariosur.es\/wp-content\/uploads\/sites\/12\/2023\/05\/z1-400x400.jpg 400w\" sizes=\"(max-width: 762px) 100vw, 762px\" \/><\/a><\/p>\n<p>&nbsp;<\/p>\n<p>Dana en las Azores.<\/p>\n<p>&nbsp;<\/p>\n<p><a href=\"https:\/\/static-blogs.diariosur.es\/wp-content\/uploads\/sites\/12\/2023\/05\/azores.jpg\"><img loading=\"lazy\" class=\"aligncenter size-full wp-image-37053\" src=\"https:\/\/static-blogs.diariosur.es\/wp-content\/uploads\/sites\/12\/2023\/05\/azores.jpg\" alt=\"\" width=\"761\" height=\"762\" srcset=\"https:\/\/static-blogs.diariosur.es\/wp-content\/uploads\/sites\/12\/2023\/05\/azores.jpg 761w, https:\/\/static-blogs.diariosur.es\/wp-content\/uploads\/sites\/12\/2023\/05\/azores-150x150.jpg 150w, https:\/\/static-blogs.diariosur.es\/wp-content\/uploads\/sites\/12\/2023\/05\/azores-399x400.jpg 399w\" sizes=\"(max-width: 761px) 100vw, 761px\" \/><\/a><\/p>\n<p>&nbsp;<\/p>\n<p>Aunque sea muy repetitivo, muchos sab\u00e9is como son las danas a la hora de dar una predicci\u00f3n sobre acumulados de lluvias. Os pongo los acumulados que da el modelo europeo y el americano el s\u00e1bado de momento en la provincia de M\u00e1laga. De cumplirse, seria una regada buena y sobre todo para zonas que estos d\u00edas pasados no lo ha hecho. Si os fij\u00e1is hay diferencias entre los dos. <strong>Tambi\u00e9n puede pasar que al final se vaya la precipitaci\u00f3n para la provincia de C\u00e1diz o Granada<\/strong>. Ma\u00f1ana lo sabremos con m\u00e1s seguridad con los modelos en mesoescala<\/p>\n<p>Modelo europeo<\/p>\n<p>&nbsp;<\/p>\n<p><a href=\"https:\/\/static-blogs.diariosur.es\/wp-content\/uploads\/sites\/12\/2023\/05\/eeeeeeee.jpg\"><img loading=\"lazy\" class=\"aligncenter size-full wp-image-37054\" src=\"https:\/\/static-blogs.diariosur.es\/wp-content\/uploads\/sites\/12\/2023\/05\/eeeeeeee.jpg\" alt=\"\" width=\"760\" height=\"761\" srcset=\"https:\/\/static-blogs.diariosur.es\/wp-content\/uploads\/sites\/12\/2023\/05\/eeeeeeee.jpg 760w, https:\/\/static-blogs.diariosur.es\/wp-content\/uploads\/sites\/12\/2023\/05\/eeeeeeee-150x150.jpg 150w, https:\/\/static-blogs.diariosur.es\/wp-content\/uploads\/sites\/12\/2023\/05\/eeeeeeee-399x400.jpg 399w\" sizes=\"(max-width: 760px) 100vw, 760px\" \/><\/a><\/p>\n<p>Modelo americano<\/p>\n<p>&nbsp;<\/p>\n<p><a href=\"https:\/\/static-blogs.diariosur.es\/wp-content\/uploads\/sites\/12\/2023\/05\/aaaaaaaaaaaa.jpg\"><img loading=\"lazy\" class=\"aligncenter size-full wp-image-37055\" src=\"https:\/\/static-blogs.diariosur.es\/wp-content\/uploads\/sites\/12\/2023\/05\/aaaaaaaaaaaa.jpg\" alt=\"\" width=\"758\" height=\"762\" srcset=\"https:\/\/static-blogs.diariosur.es\/wp-content\/uploads\/sites\/12\/2023\/05\/aaaaaaaaaaaa.jpg 758w, https:\/\/static-blogs.diariosur.es\/wp-content\/uploads\/sites\/12\/2023\/05\/aaaaaaaaaaaa-150x150.jpg 150w, https:\/\/static-blogs.diariosur.es\/wp-content\/uploads\/sites\/12\/2023\/05\/aaaaaaaaaaaa-398x400.jpg 398w\" sizes=\"(max-width: 758px) 100vw, 758px\" \/><\/a><\/p>\n<p>&nbsp;<\/p>\n<p>El domingo d\u00eda de las elecciones baja la probabilidad de precipitaciones en la costa malague\u00f1a a partir de primeras horas de la ma\u00f1ana, pero por el interior podemos tener chubascos a primeras horas de la tarde. El s\u00e1bado sabremos que zonas del interior de la provincia malague\u00f1a pueden tener chubascos. Se me olvidaba, de cumplirse los modelos entrar\u00edamos en aviso amarillo el s\u00e1bado en la provincia de M\u00e1laga.<\/p>\n<p>&nbsp;<\/p>\n<p>Os dejo con esta bonita foto de mi amiga Nany Lavado, que hizo el domingo pasado desde el Parador de Gibralfaro.<\/p>\n<p>&nbsp;<\/p>\n<p>&nbsp;<\/p>\n<p><a href=\"https:\/\/static-blogs.diariosur.es\/wp-content\/uploads\/sites\/12\/2023\/05\/349310929_1993285317686236_4747850160888850836_n.jpg\"><img loading=\"lazy\" class=\"aligncenter size-full wp-image-37047\" src=\"https:\/\/static-blogs.diariosur.es\/wp-content\/uploads\/sites\/12\/2023\/05\/349310929_1993285317686236_4747850160888850836_n.jpg\" alt=\"\" width=\"960\" height=\"641\" srcset=\"https:\/\/static-blogs.diariosur.es\/wp-content\/uploads\/sites\/12\/2023\/05\/349310929_1993285317686236_4747850160888850836_n.jpg 960w, https:\/\/static-blogs.diariosur.es\/wp-content\/uploads\/sites\/12\/2023\/05\/349310929_1993285317686236_4747850160888850836_n-599x400.jpg 599w, https:\/\/static-blogs.diariosur.es\/wp-content\/uploads\/sites\/12\/2023\/05\/349310929_1993285317686236_4747850160888850836_n-768x513.jpg 768w\" sizes=\"(max-width: 960px) 100vw, 960px\" \/><\/a><\/p>\n","protected":false},"excerpt":{"rendered":"<p>Muy buenos d\u00edas, amigos de la meteo. Cuando son las siete y media de la ma\u00f1ana en M\u00e1laga capital, el aeropuerto registra 15.4 grados, los cielos est\u00e1n despejados y el viento sopla flojo de direcci\u00f3n variable. A primeras horas de la tarde se ir\u00e1n formando desarrollos en la provincia de M\u00e1laga, siendo m\u00e1s probables en [&hellip;]<\/p>\n","protected":false},"author":16,"featured_media":37047,"comment_status":"open","ping_status":"open","sticky":false,"template":"","format":"standard","meta":[],"categories":[2],"tags":[94,100,151,307,358,569,587,996],"_links":{"self":[{"href":"https:\/\/blogs.diariosur.es\/tormentas-y-rayos\/wp-json\/wp\/v2\/posts\/37045"}],"collection":[{"href":"https:\/\/blogs.diariosur.es\/tormentas-y-rayos\/wp-json\/wp\/v2\/posts"}],"about":[{"href":"https:\/\/blogs.diariosur.es\/tormentas-y-rayos\/wp-json\/wp\/v2\/types\/post"}],"author":[{"embeddable":true,"href":"https:\/\/blogs.diariosur.es\/tormentas-y-rayos\/wp-json\/wp\/v2\/users\/16"}],"replies":[{"embeddable":true,"href":"https:\/\/blogs.diariosur.es\/tormentas-y-rayos\/wp-json\/wp\/v2\/comments?post=37045"}],"version-history":[{"count":3,"href":"https:\/\/blogs.diariosur.es\/tormentas-y-rayos\/wp-json\/wp\/v2\/posts\/37045\/revisions"}],"predecessor-version":[{"id":37058,"href":"https:\/\/blogs.diariosur.es\/tormentas-y-rayos\/wp-json\/wp\/v2\/posts\/37045\/revisions\/37058"}],"wp:featuredmedia":[{"embeddable":true,"href":"https:\/\/blogs.diariosur.es\/tormentas-y-rayos\/wp-json\/wp\/v2\/media\/37047"}],"wp:attachment":[{"href":"https:\/\/blogs.diariosur.es\/tormentas-y-rayos\/wp-json\/wp\/v2\/media?parent=37045"}],"wp:term":[{"taxonomy":"category","embeddable":true,"href":"https:\/\/blogs.diariosur.es\/tormentas-y-rayos\/wp-json\/wp\/v2\/categories?post=37045"},{"taxonomy":"post_tag","embeddable":true,"href":"https:\/\/blogs.diariosur.es\/tormentas-y-rayos\/wp-json\/wp\/v2\/tags?post=37045"}],"curies":[{"name":"wp","href":"https:\/\/api.w.org\/{rel}","templated":true}]}}