{"id":37061,"date":"2023-05-26T08:19:41","date_gmt":"2023-05-26T06:19:41","guid":{"rendered":"https:\/\/blogs.diariosur.es\/tormentas-y-rayos\/?p=37061"},"modified":"2023-05-26T11:41:25","modified_gmt":"2023-05-26T09:41:25","slug":"el-tiempo-en-malaga-probables-acumulados-para-manana-sabado","status":"publish","type":"post","link":"https:\/\/blogs.diariosur.es\/tormentas-y-rayos\/2023\/05\/26\/el-tiempo-en-malaga-probables-acumulados-para-manana-sabado\/","title":{"rendered":"El tiempo en M\u00e1laga. Probables acumulados para ma\u00f1ana s\u00e1bado. Aviso amarillo por tormentas."},"content":{"rendered":"<p><a href=\"https:\/\/static-blogs.diariosur.es\/wp-content\/uploads\/sites\/12\/2023\/04\/13055600_10207552088459273_1169643538142501376_n.jpg\"><img loading=\"lazy\" class=\"aligncenter size-thumbnail wp-image-36680\" src=\"https:\/\/static-blogs.diariosur.es\/wp-content\/uploads\/sites\/12\/2023\/04\/13055600_10207552088459273_1169643538142501376_n-150x150.jpg\" alt=\"\" width=\"150\" height=\"150\" \/><\/a><\/p>\n<p>Se activa el aviso amarillo por tormentas en toda la provincia malague\u00f1a, ma\u00f1ana s\u00e1bado.<\/p>\n<p>Muy buenos d\u00edas, amigos de la meteo. Cuando son las siete de la ma\u00f1ana en M\u00e1laga capital, los cielos est\u00e1n nubosos, sopla levante y la temperatura es de 18.5 grados.<\/p>\n<p>Ayer se cumplieron las previsiones y se formo una tormenta en la zona de Cuevas Bajas y Cuevas del Becerro, que dej\u00f3 granizo en algunos puntos y un bonito yunque que vimos desde M\u00e1laga. En Cuevas del Becerro se contabilizaron 11.5 litros. En Granada capital hubo otra tormenta que dejo 28 litros.<\/p>\n<p>Os paso una foto del yunque desde mi terraza en M\u00e1laga capital.<\/p>\n<p>&nbsp;<\/p>\n<p><a href=\"https:\/\/static-blogs.diariosur.es\/wp-content\/uploads\/sites\/12\/2023\/05\/349005937_1754823828247695_4249463861577825873_n.jpg\"><img loading=\"lazy\" class=\"aligncenter size-full wp-image-37067\" src=\"https:\/\/static-blogs.diariosur.es\/wp-content\/uploads\/sites\/12\/2023\/05\/349005937_1754823828247695_4249463861577825873_n.jpg\" alt=\"\" width=\"600\" height=\"450\" srcset=\"https:\/\/static-blogs.diariosur.es\/wp-content\/uploads\/sites\/12\/2023\/05\/349005937_1754823828247695_4249463861577825873_n.jpg 600w, https:\/\/static-blogs.diariosur.es\/wp-content\/uploads\/sites\/12\/2023\/05\/349005937_1754823828247695_4249463861577825873_n-533x400.jpg 533w\" sizes=\"(max-width: 600px) 100vw, 600px\" \/><\/a><\/p>\n<p>&nbsp;<\/p>\n<p>En Madrid capital tambi\u00e9n tuvieron tormentas fuertes acompa\u00f1adas de granizo e incluso una supercelula que cazo mi amigo Jose Antonio Quirantes Calvo. Impresionante amigo.<\/p>\n<p>&nbsp;<\/p>\n<p><a href=\"https:\/\/static-blogs.diariosur.es\/wp-content\/uploads\/sites\/12\/2023\/05\/349670126_3515824255373275_2501241969924342540_n-e1685085335861.jpg\"><img loading=\"lazy\" class=\"aligncenter size-full wp-image-37082\" src=\"https:\/\/static-blogs.diariosur.es\/wp-content\/uploads\/sites\/12\/2023\/05\/349670126_3515824255373275_2501241969924342540_n-e1685085335861.jpg\" alt=\"\" width=\"1200\" height=\"800\" \/><\/a><\/p>\n<p>&nbsp;<\/p>\n<p>Antes de daros los probables acumulados, os pongo el enlace al post de ayer que hablaba de la dana retrograda.<\/p>\n<p><a href=\"https:\/\/blogs.diariosur.es\/tormentas-y-rayos\/2023\/05\/25\/dana-retrograda-que-tiempo-hara-el-fin-de-semana-de-las-elecciones-en-la-provincia-de-malaga\/\"><strong>ENLACE DANA RETROGRADA<\/strong><\/a><\/p>\n<p>Os paso una imagen de vapor de agua y otra de masas de aire para que ve\u00e1is donde se encuentra la dana en estos momentos. Y el mapa de altura a 500 hpa del modelo americano<\/p>\n<p>&nbsp;<\/p>\n<p><a href=\"https:\/\/static-blogs.diariosur.es\/wp-content\/uploads\/sites\/12\/2023\/05\/webexterna_WVAtlantico_04-00.jpg\"><img loading=\"lazy\" class=\"aligncenter size-full wp-image-37068\" src=\"https:\/\/static-blogs.diariosur.es\/wp-content\/uploads\/sites\/12\/2023\/05\/webexterna_WVAtlantico_04-00.jpg\" alt=\"\" width=\"677\" height=\"450\" srcset=\"https:\/\/static-blogs.diariosur.es\/wp-content\/uploads\/sites\/12\/2023\/05\/webexterna_WVAtlantico_04-00.jpg 677w, https:\/\/static-blogs.diariosur.es\/wp-content\/uploads\/sites\/12\/2023\/05\/webexterna_WVAtlantico_04-00-602x400.jpg 602w\" sizes=\"(max-width: 677px) 100vw, 677px\" \/><\/a><\/p>\n<p>&nbsp;<\/p>\n<p><a href=\"https:\/\/static-blogs.diariosur.es\/wp-content\/uploads\/sites\/12\/2023\/05\/202305260300_s91g.jpg\"><img loading=\"lazy\" class=\"aligncenter size-full wp-image-37069\" src=\"https:\/\/static-blogs.diariosur.es\/wp-content\/uploads\/sites\/12\/2023\/05\/202305260300_s91g.jpg\" alt=\"\" width=\"550\" height=\"488\" srcset=\"https:\/\/static-blogs.diariosur.es\/wp-content\/uploads\/sites\/12\/2023\/05\/202305260300_s91g.jpg 550w, https:\/\/static-blogs.diariosur.es\/wp-content\/uploads\/sites\/12\/2023\/05\/202305260300_s91g-451x400.jpg 451w\" sizes=\"(max-width: 550px) 100vw, 550px\" \/><\/a><\/p>\n<h3><\/h3>\n<p><a href=\"https:\/\/static-blogs.diariosur.es\/wp-content\/uploads\/sites\/12\/2023\/05\/gfs-0-6.png\"><img loading=\"lazy\" class=\"aligncenter size-full wp-image-37070\" src=\"https:\/\/static-blogs.diariosur.es\/wp-content\/uploads\/sites\/12\/2023\/05\/gfs-0-6.png\" alt=\"\" width=\"768\" height=\"512\" srcset=\"https:\/\/static-blogs.diariosur.es\/wp-content\/uploads\/sites\/12\/2023\/05\/gfs-0-6.png 768w, https:\/\/static-blogs.diariosur.es\/wp-content\/uploads\/sites\/12\/2023\/05\/gfs-0-6-600x400.png 600w\" sizes=\"(max-width: 768px) 100vw, 768px\" \/><\/a><\/p>\n<p>&nbsp;<\/p>\n<h3><span style=\"color: #0000ff;\"><strong>Probables acumulados para ma\u00f1ana s\u00e1bado.<\/strong><\/span><\/h3>\n<p>Las precipitaciones empezaran en la provincia de M\u00e1laga durante la madrugada del s\u00e1bado y primeras horas de la ma\u00f1ana, pueden venir acompa\u00f1adas de fen\u00f3menos tormentosos,\u00a0 por la tarde baja la probabilidad en zona de costa. De momento no estamos en aviso por lluvias, pero es probable que dentro de unas horas se active para ma\u00f1ana.<\/p>\n<p><span style=\"color: #ff0000;\"><strong>Como ser\u00e1 una l\u00ednea de inestabilidad no esta a\u00fan muy claro donde llover\u00e1 m\u00e1s, y para muestra estos probables acumulados que dan estos modelos. Unos dan m\u00e1s en la zona occidental de la provincia y otros en la zona oriental. Ser\u00e1 una loter\u00eda, pero pienso que llover\u00e1 en el 90% de los portales jijiji.<\/strong><\/span><\/p>\n<p>&nbsp;<\/p>\n<p><strong>MODELO HARMONIE MAYORES ACUMULADOS VALLE DEL GUADALHORCE<\/strong><\/p>\n<p>&nbsp;<\/p>\n<p><a href=\"https:\/\/static-blogs.diariosur.es\/wp-content\/uploads\/sites\/12\/2023\/05\/Captura-de-pantalla-2023-05-26-075310.jpg\"><img loading=\"lazy\" class=\"aligncenter size-full wp-image-37076\" src=\"https:\/\/static-blogs.diariosur.es\/wp-content\/uploads\/sites\/12\/2023\/05\/Captura-de-pantalla-2023-05-26-075310.jpg\" alt=\"\" width=\"693\" height=\"552\" srcset=\"https:\/\/static-blogs.diariosur.es\/wp-content\/uploads\/sites\/12\/2023\/05\/Captura-de-pantalla-2023-05-26-075310.jpg 693w, https:\/\/static-blogs.diariosur.es\/wp-content\/uploads\/sites\/12\/2023\/05\/Captura-de-pantalla-2023-05-26-075310-502x400.jpg 502w\" sizes=\"(max-width: 693px) 100vw, 693px\" \/><\/a><\/p>\n<p><a href=\"https:\/\/static-blogs.diariosur.es\/wp-content\/uploads\/sites\/12\/2023\/05\/Captura-de-pantalla-2023-05-26-080048.jpg\"><img loading=\"lazy\" class=\"aligncenter size-full wp-image-37078\" src=\"https:\/\/static-blogs.diariosur.es\/wp-content\/uploads\/sites\/12\/2023\/05\/Captura-de-pantalla-2023-05-26-080048.jpg\" alt=\"\" width=\"568\" height=\"118\" \/><\/a><\/p>\n<p>&nbsp;<\/p>\n<p><strong>MODELO EUROPEO MAYORES ACUMULADOS VALLE DEL GUADALHORCE Y COMARCA DE ANTEQUERA<\/strong><\/p>\n<p>&nbsp;<\/p>\n<p><a href=\"https:\/\/static-blogs.diariosur.es\/wp-content\/uploads\/sites\/12\/2023\/05\/EUROPEOOOOOO.jpg\"><img loading=\"lazy\" class=\"aligncenter size-full wp-image-37079\" src=\"https:\/\/static-blogs.diariosur.es\/wp-content\/uploads\/sites\/12\/2023\/05\/EUROPEOOOOOO.jpg\" alt=\"\" width=\"764\" height=\"764\" srcset=\"https:\/\/static-blogs.diariosur.es\/wp-content\/uploads\/sites\/12\/2023\/05\/EUROPEOOOOOO.jpg 764w, https:\/\/static-blogs.diariosur.es\/wp-content\/uploads\/sites\/12\/2023\/05\/EUROPEOOOOOO-150x150.jpg 150w, https:\/\/static-blogs.diariosur.es\/wp-content\/uploads\/sites\/12\/2023\/05\/EUROPEOOOOOO-400x400.jpg 400w\" sizes=\"(max-width: 764px) 100vw, 764px\" \/><\/a><\/p>\n<p>&nbsp;<\/p>\n<p><strong>MODELO AMERICANO LOS MAYORES ACUMULADOS EN LA ZONA OCCIDENTAL<\/strong><\/p>\n<p>&nbsp;<\/p>\n<p><a href=\"https:\/\/static-blogs.diariosur.es\/wp-content\/uploads\/sites\/12\/2023\/05\/amwericano.jpg\"><img loading=\"lazy\" class=\"aligncenter size-full wp-image-37072\" src=\"https:\/\/static-blogs.diariosur.es\/wp-content\/uploads\/sites\/12\/2023\/05\/amwericano.jpg\" alt=\"\" width=\"763\" height=\"765\" srcset=\"https:\/\/static-blogs.diariosur.es\/wp-content\/uploads\/sites\/12\/2023\/05\/amwericano.jpg 763w, https:\/\/static-blogs.diariosur.es\/wp-content\/uploads\/sites\/12\/2023\/05\/amwericano-150x150.jpg 150w, https:\/\/static-blogs.diariosur.es\/wp-content\/uploads\/sites\/12\/2023\/05\/amwericano-399x400.jpg 399w\" sizes=\"(max-width: 763px) 100vw, 763px\" \/><\/a><\/p>\n<p><strong>MODELO ARPEGE LOS MAYORES ACUMULADOS EN LA CAPITAL<\/strong><\/p>\n<p>&nbsp;<\/p>\n<p><a href=\"https:\/\/static-blogs.diariosur.es\/wp-content\/uploads\/sites\/12\/2023\/05\/arpege.jpg\"><img loading=\"lazy\" class=\"aligncenter size-full wp-image-37073\" src=\"https:\/\/static-blogs.diariosur.es\/wp-content\/uploads\/sites\/12\/2023\/05\/arpege.jpg\" alt=\"\" width=\"765\" height=\"794\" srcset=\"https:\/\/static-blogs.diariosur.es\/wp-content\/uploads\/sites\/12\/2023\/05\/arpege.jpg 765w, https:\/\/static-blogs.diariosur.es\/wp-content\/uploads\/sites\/12\/2023\/05\/arpege-385x400.jpg 385w\" sizes=\"(max-width: 765px) 100vw, 765px\" \/><\/a><\/p>\n<p><strong>MODELO REINO UNIDO OJAL\u00c1 NO SE CUMPLA ESTE<\/strong><\/p>\n<p>&nbsp;<\/p>\n<p><a href=\"https:\/\/static-blogs.diariosur.es\/wp-content\/uploads\/sites\/12\/2023\/05\/reino-unido.jpg\"><img loading=\"lazy\" class=\"aligncenter size-full wp-image-37074\" src=\"https:\/\/static-blogs.diariosur.es\/wp-content\/uploads\/sites\/12\/2023\/05\/reino-unido.jpg\" alt=\"\" width=\"760\" height=\"770\" srcset=\"https:\/\/static-blogs.diariosur.es\/wp-content\/uploads\/sites\/12\/2023\/05\/reino-unido.jpg 760w, https:\/\/static-blogs.diariosur.es\/wp-content\/uploads\/sites\/12\/2023\/05\/reino-unido-395x400.jpg 395w\" sizes=\"(max-width: 760px) 100vw, 760px\" \/><\/a><\/p>\n<p><strong>MODELO ICONO PARA LA AXARQU\u00cdA MUY BUENOS ACUMULADOS<\/strong><\/p>\n<p>&nbsp;<\/p>\n<p><a href=\"https:\/\/static-blogs.diariosur.es\/wp-content\/uploads\/sites\/12\/2023\/05\/icono.jpg\"><img loading=\"lazy\" class=\"aligncenter size-full wp-image-37075\" src=\"https:\/\/static-blogs.diariosur.es\/wp-content\/uploads\/sites\/12\/2023\/05\/icono.jpg\" alt=\"\" width=\"768\" height=\"764\" srcset=\"https:\/\/static-blogs.diariosur.es\/wp-content\/uploads\/sites\/12\/2023\/05\/icono.jpg 768w, https:\/\/static-blogs.diariosur.es\/wp-content\/uploads\/sites\/12\/2023\/05\/icono-150x150.jpg 150w, https:\/\/static-blogs.diariosur.es\/wp-content\/uploads\/sites\/12\/2023\/05\/icono-402x400.jpg 402w\" sizes=\"(max-width: 768px) 100vw, 768px\" \/><\/a><\/p>\n<p>&nbsp;<\/p>\n<p>&nbsp;<\/p>\n<p>&nbsp;<\/p>\n<p>&nbsp;<\/p>\n","protected":false},"excerpt":{"rendered":"<p>Se activa el aviso amarillo por tormentas en toda la provincia malague\u00f1a, ma\u00f1ana s\u00e1bado. Muy buenos d\u00edas, amigos de la meteo. Cuando son las siete de la ma\u00f1ana en M\u00e1laga capital, los cielos est\u00e1n nubosos, sopla levante y la temperatura es de 18.5 grados. Ayer se cumplieron las previsiones y se formo una tormenta en [&hellip;]<\/p>\n","protected":false},"author":16,"featured_media":37082,"comment_status":"open","ping_status":"open","sticky":false,"template":"","format":"standard","meta":[],"categories":[2],"tags":[45,94,151,307,358,569,587,996],"_links":{"self":[{"href":"https:\/\/blogs.diariosur.es\/tormentas-y-rayos\/wp-json\/wp\/v2\/posts\/37061"}],"collection":[{"href":"https:\/\/blogs.diariosur.es\/tormentas-y-rayos\/wp-json\/wp\/v2\/posts"}],"about":[{"href":"https:\/\/blogs.diariosur.es\/tormentas-y-rayos\/wp-json\/wp\/v2\/types\/post"}],"author":[{"embeddable":true,"href":"https:\/\/blogs.diariosur.es\/tormentas-y-rayos\/wp-json\/wp\/v2\/users\/16"}],"replies":[{"embeddable":true,"href":"https:\/\/blogs.diariosur.es\/tormentas-y-rayos\/wp-json\/wp\/v2\/comments?post=37061"}],"version-history":[{"count":14,"href":"https:\/\/blogs.diariosur.es\/tormentas-y-rayos\/wp-json\/wp\/v2\/posts\/37061\/revisions"}],"predecessor-version":[{"id":37089,"href":"https:\/\/blogs.diariosur.es\/tormentas-y-rayos\/wp-json\/wp\/v2\/posts\/37061\/revisions\/37089"}],"wp:featuredmedia":[{"embeddable":true,"href":"https:\/\/blogs.diariosur.es\/tormentas-y-rayos\/wp-json\/wp\/v2\/media\/37082"}],"wp:attachment":[{"href":"https:\/\/blogs.diariosur.es\/tormentas-y-rayos\/wp-json\/wp\/v2\/media?parent=37061"}],"wp:term":[{"taxonomy":"category","embeddable":true,"href":"https:\/\/blogs.diariosur.es\/tormentas-y-rayos\/wp-json\/wp\/v2\/categories?post=37061"},{"taxonomy":"post_tag","embeddable":true,"href":"https:\/\/blogs.diariosur.es\/tormentas-y-rayos\/wp-json\/wp\/v2\/tags?post=37061"}],"curies":[{"name":"wp","href":"https:\/\/api.w.org\/{rel}","templated":true}]}}