{"id":37091,"date":"2023-05-27T08:44:54","date_gmt":"2023-05-27T06:44:54","guid":{"rendered":"https:\/\/blogs.diariosur.es\/tormentas-y-rayos\/?p=37091"},"modified":"2023-05-27T08:45:09","modified_gmt":"2023-05-27T06:45:09","slug":"el-tiempo-en-malaga-mucho-ruido-y-pocas-nueces-acumulados-de-precipitacion","status":"publish","type":"post","link":"https:\/\/blogs.diariosur.es\/tormentas-y-rayos\/2023\/05\/27\/el-tiempo-en-malaga-mucho-ruido-y-pocas-nueces-acumulados-de-precipitacion\/","title":{"rendered":"El tiempo en M\u00e1laga. Mucho ruido y pocas nueces. Acumulados de precipitaci\u00f3n."},"content":{"rendered":"<p><a href=\"https:\/\/static-blogs.diariosur.es\/wp-content\/uploads\/sites\/12\/2023\/04\/13055600_10207552088459273_1169643538142501376_n.jpg\"><img loading=\"lazy\" class=\"aligncenter size-thumbnail wp-image-36680\" src=\"https:\/\/static-blogs.diariosur.es\/wp-content\/uploads\/sites\/12\/2023\/04\/13055600_10207552088459273_1169643538142501376_n-150x150.jpg\" alt=\"\" width=\"150\" height=\"150\" \/><\/a><\/p>\n<p style=\"text-align: justify;\">Muy buenos d\u00edas, amigos de la meteo. El titulo del post lo dice todo, que poco me gustan las danas. Las lluvias esperadas esta pasada madrugada y primeras horas de la ma\u00f1ana han sido un fracaso, sobre todo por las cuencas de los embalses malague\u00f1os. En la zona m\u00e1s occidental de la provincia ni tan siquiera medio litro.<\/p>\n<p style=\"text-align: justify;\">Antes de poneros los acumulados de lluvias m\u00e1s importantes, os paso este video que grabe a primeras horas de la madrugada, tambi\u00e9n una foto de Nany Lavado desde el Parador de Gibralfaro.<\/p>\n<p>&nbsp;<\/p>\n<p><iframe loading=\"lazy\" title=\"YouTube video player\" src=\"https:\/\/www.youtube.com\/embed\/dSt94N_kHS0\" width=\"560\" height=\"315\" frameborder=\"0\" allowfullscreen=\"allowfullscreen\"><\/iframe><\/p>\n<p>&nbsp;<\/p>\n<p><a href=\"https:\/\/static-blogs.diariosur.es\/wp-content\/uploads\/sites\/12\/2023\/05\/349765950_1390896901685774_6916971636844457608_n-e1685166861835.jpg\"><img loading=\"lazy\" class=\"aligncenter size-full wp-image-37092\" src=\"https:\/\/static-blogs.diariosur.es\/wp-content\/uploads\/sites\/12\/2023\/05\/349765950_1390896901685774_6916971636844457608_n-e1685166861835.jpg\" alt=\"\" width=\"1200\" height=\"801\" \/><\/a><\/p>\n<p>&nbsp;<\/p>\n<p>Los acumulados que os pongo a continuaci\u00f3n, las fuentes son de la Aemet, Red Hidrosur, Meteoclimatic y mi estaci\u00f3n. Datos hasta las 8:30 de la ma\u00f1ana. A\u00fan puede caer algunas precipitaciones, en la zona interior de la Axarqu\u00eda y su costa, esperemos que se den mas acumulados.<\/p>\n<p>Empezamos por mi estaci\u00f3n en M\u00e1laga capital que ha recogido 8.5 litros.<\/p>\n<p>M\u00c1LAGA AEROPUERTO\u00a0 9.3 LITROS<\/p>\n<p>CENTRO METEOROLOGICO 11.6 LITROS<\/p>\n<p>MARBELLA\u00a0 7 LITROS<\/p>\n<p>EMBALSES DEL GUADALHORCE\u00a0 4 LITROS<\/p>\n<p>CUENCAS RIO TUR\u00d3N Y GUADALTEBA\u00a0 NO HA LLEGADO AL LITRO<\/p>\n<p>EMBALSE CASASOLA\u00a0 12.3 LITROS<\/p>\n<p>EMBALSE LIMONERO\u00a0 7.2 LITROS<\/p>\n<p>EMBALSE LA CONCEPCI\u00d3N\u00a0 8.6 LITROS<\/p>\n<p>EMBALSE LA VI\u00d1UELA\u00a0 4 LITROS<\/p>\n<p>ALFARNATEJO\u00a0 7 LITROS<\/p>\n<p>ALHAUR\u00cdN DE LA TORRE\u00a0 14 LITROS<\/p>\n<p>ALHAUR\u00cdN EL GRANDE\u00a0 \u00a0 23 LITROS<\/p>\n<p>LAS LAGUNAS MIJAS COSTA\u00a0 24.2 LITROS<\/p>\n<p>MIJAS PUEBLO\u00a0 25.4 LITROS<\/p>\n<p>BENALMADENA\u00a0 11.5 LITROS<\/p>\n<p>CARTAMA\u00a0 15.5 LITROS<\/p>\n<p>TORREMOLINOS\u00a0 10 LITROS<\/p>\n<p>V\u00c9LEZ M\u00c1LAGA\u00a0 4 LITROS<\/p>\n<p>\u00c1LORA\u00a0 \u00a013 LITROS<\/p>\n<p>ARCHIDONA HUERTAS DEL R\u00cdO 11.3 LITROS<\/p>\n<p>VALLE DE ABDALAJ\u00cdS\u00a0 \u00a015.7 LITROS<\/p>\n<p>Poco m\u00e1s que contar, ma\u00f1ana dia de las elecciones la probabilidad de precipitaciones en la costa es muy baja, solo hay m\u00e1s probabilidad por la tarde en zonas del interior, pero poca cosa.<\/p>\n<p>&nbsp;<\/p>\n<p>&nbsp;<\/p>\n<p>&nbsp;<\/p>\n<p>&nbsp;<\/p>\n<p>&nbsp;<\/p>\n","protected":false},"excerpt":{"rendered":"<p>Muy buenos d\u00edas, amigos de la meteo. El titulo del post lo dice todo, que poco me gustan las danas. Las lluvias esperadas esta pasada madrugada y primeras horas de la ma\u00f1ana han sido un fracaso, sobre todo por las cuencas de los embalses malague\u00f1os. En la zona m\u00e1s occidental de la provincia ni tan [&hellip;]<\/p>\n","protected":false},"author":16,"featured_media":37092,"comment_status":"open","ping_status":"open","sticky":false,"template":"","format":"standard","meta":[],"categories":[2],"tags":[151,358,587,996],"_links":{"self":[{"href":"https:\/\/blogs.diariosur.es\/tormentas-y-rayos\/wp-json\/wp\/v2\/posts\/37091"}],"collection":[{"href":"https:\/\/blogs.diariosur.es\/tormentas-y-rayos\/wp-json\/wp\/v2\/posts"}],"about":[{"href":"https:\/\/blogs.diariosur.es\/tormentas-y-rayos\/wp-json\/wp\/v2\/types\/post"}],"author":[{"embeddable":true,"href":"https:\/\/blogs.diariosur.es\/tormentas-y-rayos\/wp-json\/wp\/v2\/users\/16"}],"replies":[{"embeddable":true,"href":"https:\/\/blogs.diariosur.es\/tormentas-y-rayos\/wp-json\/wp\/v2\/comments?post=37091"}],"version-history":[{"count":2,"href":"https:\/\/blogs.diariosur.es\/tormentas-y-rayos\/wp-json\/wp\/v2\/posts\/37091\/revisions"}],"predecessor-version":[{"id":37094,"href":"https:\/\/blogs.diariosur.es\/tormentas-y-rayos\/wp-json\/wp\/v2\/posts\/37091\/revisions\/37094"}],"wp:featuredmedia":[{"embeddable":true,"href":"https:\/\/blogs.diariosur.es\/tormentas-y-rayos\/wp-json\/wp\/v2\/media\/37092"}],"wp:attachment":[{"href":"https:\/\/blogs.diariosur.es\/tormentas-y-rayos\/wp-json\/wp\/v2\/media?parent=37091"}],"wp:term":[{"taxonomy":"category","embeddable":true,"href":"https:\/\/blogs.diariosur.es\/tormentas-y-rayos\/wp-json\/wp\/v2\/categories?post=37091"},{"taxonomy":"post_tag","embeddable":true,"href":"https:\/\/blogs.diariosur.es\/tormentas-y-rayos\/wp-json\/wp\/v2\/tags?post=37091"}],"curies":[{"name":"wp","href":"https:\/\/api.w.org\/{rel}","templated":true}]}}