{"id":37095,"date":"2023-05-28T07:50:03","date_gmt":"2023-05-28T05:50:03","guid":{"rendered":"https:\/\/blogs.diariosur.es\/tormentas-y-rayos\/?p=37095"},"modified":"2023-05-28T10:03:43","modified_gmt":"2023-05-28T08:03:43","slug":"ultima-hora-del-tiempo-en-las-elecciones-en-la-provincia-de-malaga-fotos-y-videos-de-tormentas-de-ayer","status":"publish","type":"post","link":"https:\/\/blogs.diariosur.es\/tormentas-y-rayos\/2023\/05\/28\/ultima-hora-del-tiempo-en-las-elecciones-en-la-provincia-de-malaga-fotos-y-videos-de-tormentas-de-ayer\/","title":{"rendered":"\u00daltima hora del tiempo en las elecciones, provincia de M\u00e1laga. Fotos y videos de tormentas de ayer."},"content":{"rendered":"<p><a href=\"https:\/\/static-blogs.diariosur.es\/wp-content\/uploads\/sites\/12\/2023\/04\/13055600_10207552088459273_1169643538142501376_n.jpg\"><img loading=\"lazy\" class=\"aligncenter size-thumbnail wp-image-36680\" src=\"https:\/\/static-blogs.diariosur.es\/wp-content\/uploads\/sites\/12\/2023\/04\/13055600_10207552088459273_1169643538142501376_n-150x150.jpg\" alt=\"\" width=\"150\" height=\"150\" \/><\/a><\/p>\n<p>Muy buenos d\u00edas, amigos de la meteo. Aunque en estos momentos los cielos malague\u00f1os est\u00e1n pocos nubosos, a partir de primeras horas de la tarde se ir\u00e1n formando por el interior de la provincia fen\u00f3menos tormentosos, que pueden dejar chaparrones muy localizados. En la \u00faltima actualizaci\u00f3n de los modelos tambi\u00e9n dan probabilidad de alguna tormenta en zona de costa. No tenemos de momento avisos por tormentas en nuestra provincia, en la de Almer\u00eda si.<\/p>\n<p>Os paso unos videos y fotos de ayer.<\/p>\n<p>Este primer video y fotos las hice a primeras horas de la ma\u00f1ana. Unos preciosos mammatus eran protagonistas en M\u00e1laga.<\/p>\n<p>&nbsp;<\/p>\n<p>&nbsp;<\/p>\n<p><iframe loading=\"lazy\" title=\"YouTube video player\" src=\"https:\/\/www.youtube.com\/embed\/dZS9MKffClY\" width=\"560\" height=\"315\" frameborder=\"0\" allowfullscreen=\"allowfullscreen\"><\/iframe><\/p>\n<p>&nbsp;<\/p>\n<p>&nbsp;<\/p>\n<p><a href=\"https:\/\/static-blogs.diariosur.es\/wp-content\/uploads\/sites\/12\/2023\/05\/52929560688_f4a3243691_b.jpg\"><img loading=\"lazy\" class=\"aligncenter size-full wp-image-37096\" src=\"https:\/\/static-blogs.diariosur.es\/wp-content\/uploads\/sites\/12\/2023\/05\/52929560688_f4a3243691_b.jpg\" alt=\"\" width=\"1024\" height=\"768\" srcset=\"https:\/\/static-blogs.diariosur.es\/wp-content\/uploads\/sites\/12\/2023\/05\/52929560688_f4a3243691_b.jpg 1024w, https:\/\/static-blogs.diariosur.es\/wp-content\/uploads\/sites\/12\/2023\/05\/52929560688_f4a3243691_b-533x400.jpg 533w, https:\/\/static-blogs.diariosur.es\/wp-content\/uploads\/sites\/12\/2023\/05\/52929560688_f4a3243691_b-768x576.jpg 768w\" sizes=\"(max-width: 1024px) 100vw, 1024px\" \/><\/a><\/p>\n<p>&nbsp;<\/p>\n<p><a href=\"https:\/\/static-blogs.diariosur.es\/wp-content\/uploads\/sites\/12\/2023\/05\/52929121981_2ccfef9f8e_b.jpg\"><img loading=\"lazy\" class=\"aligncenter size-full wp-image-37098\" src=\"https:\/\/static-blogs.diariosur.es\/wp-content\/uploads\/sites\/12\/2023\/05\/52929121981_2ccfef9f8e_b.jpg\" alt=\"\" width=\"1024\" height=\"768\" srcset=\"https:\/\/static-blogs.diariosur.es\/wp-content\/uploads\/sites\/12\/2023\/05\/52929121981_2ccfef9f8e_b.jpg 1024w, https:\/\/static-blogs.diariosur.es\/wp-content\/uploads\/sites\/12\/2023\/05\/52929121981_2ccfef9f8e_b-533x400.jpg 533w, https:\/\/static-blogs.diariosur.es\/wp-content\/uploads\/sites\/12\/2023\/05\/52929121981_2ccfef9f8e_b-768x576.jpg 768w\" sizes=\"(max-width: 1024px) 100vw, 1024px\" \/><\/a><\/p>\n<p>&nbsp;<\/p>\n<p>Por la tarde me fui con mi cu\u00f1ado Jose a la zona entre Mollina y Humilladero, desde aqui se ven entrar tormentas que vienen desde Campillos y provincia de Sevilla.<\/p>\n<p>&nbsp;<\/p>\n<p>Os paso un video y unas cuantas fotos.<\/p>\n<p>&nbsp;<\/p>\n<p><iframe loading=\"lazy\" title=\"YouTube video player\" src=\"https:\/\/www.youtube.com\/embed\/R0ifXz46A14\" width=\"560\" height=\"315\" frameborder=\"0\" allowfullscreen=\"allowfullscreen\"><\/iframe><\/p>\n<p>&nbsp;<\/p>\n<p><a href=\"https:\/\/static-blogs.diariosur.es\/wp-content\/uploads\/sites\/12\/2023\/05\/DSC_1110-e1685252326996.jpg\"><img loading=\"lazy\" class=\"aligncenter size-full wp-image-37099\" src=\"https:\/\/static-blogs.diariosur.es\/wp-content\/uploads\/sites\/12\/2023\/05\/DSC_1110-e1685252326996.jpg\" alt=\"\" width=\"1200\" height=\"800\" \/><\/a><\/p>\n<p>&nbsp;<\/p>\n<p><a href=\"https:\/\/static-blogs.diariosur.es\/wp-content\/uploads\/sites\/12\/2023\/05\/DSC_1115-e1685252353819.jpg\"><img loading=\"lazy\" class=\"aligncenter size-full wp-image-37100\" src=\"https:\/\/static-blogs.diariosur.es\/wp-content\/uploads\/sites\/12\/2023\/05\/DSC_1115-e1685252353819.jpg\" alt=\"\" width=\"1200\" height=\"800\" \/><\/a><\/p>\n<p>&nbsp;<\/p>\n<p><a href=\"https:\/\/static-blogs.diariosur.es\/wp-content\/uploads\/sites\/12\/2023\/05\/DSC_1116-e1685252377266.jpg\"><img loading=\"lazy\" class=\"aligncenter size-full wp-image-37101\" src=\"https:\/\/static-blogs.diariosur.es\/wp-content\/uploads\/sites\/12\/2023\/05\/DSC_1116-e1685252377266.jpg\" alt=\"\" width=\"1200\" height=\"800\" \/><\/a><\/p>\n<p>&nbsp;<\/p>\n<p><a href=\"https:\/\/static-blogs.diariosur.es\/wp-content\/uploads\/sites\/12\/2023\/05\/DSC_1118-e1685252406923.jpg\"><img loading=\"lazy\" class=\"aligncenter size-full wp-image-37102\" src=\"https:\/\/static-blogs.diariosur.es\/wp-content\/uploads\/sites\/12\/2023\/05\/DSC_1118-e1685252406923.jpg\" alt=\"\" width=\"1200\" height=\"704\" \/><\/a><\/p>\n<p>&nbsp;<\/p>\n<p><a href=\"https:\/\/static-blogs.diariosur.es\/wp-content\/uploads\/sites\/12\/2023\/05\/DSC_1119-e1685252435573.jpg\"><img loading=\"lazy\" class=\"aligncenter size-full wp-image-37103\" src=\"https:\/\/static-blogs.diariosur.es\/wp-content\/uploads\/sites\/12\/2023\/05\/DSC_1119-e1685252435573.jpg\" alt=\"\" width=\"1200\" height=\"720\" \/><\/a><\/p>\n<p>&nbsp;<\/p>\n<p><a href=\"https:\/\/static-blogs.diariosur.es\/wp-content\/uploads\/sites\/12\/2023\/05\/DSC_1120-e1685252510706.jpg\"><img loading=\"lazy\" class=\"aligncenter size-full wp-image-37104\" src=\"https:\/\/static-blogs.diariosur.es\/wp-content\/uploads\/sites\/12\/2023\/05\/DSC_1120-e1685252510706.jpg\" alt=\"\" width=\"1200\" height=\"800\" \/><\/a><\/p>\n<p>&nbsp;<\/p>\n<p>Mi amiga Nany Lavado llego un poco m\u00e1s tarde, en esa zona ya no hab\u00eda gran cosa, as\u00ed que ella se fue hacia la provincia de Sevilla y cazo este rayo desde el coche.<\/p>\n<p>&nbsp;<\/p>\n<p><a href=\"https:\/\/static-blogs.diariosur.es\/wp-content\/uploads\/sites\/12\/2023\/05\/345465190_1960051127662470_8544336981937758917_n.jpg\"><img loading=\"lazy\" class=\"aligncenter size-full wp-image-37105\" src=\"https:\/\/static-blogs.diariosur.es\/wp-content\/uploads\/sites\/12\/2023\/05\/345465190_1960051127662470_8544336981937758917_n.jpg\" alt=\"\" width=\"960\" height=\"640\" srcset=\"https:\/\/static-blogs.diariosur.es\/wp-content\/uploads\/sites\/12\/2023\/05\/345465190_1960051127662470_8544336981937758917_n.jpg 960w, https:\/\/static-blogs.diariosur.es\/wp-content\/uploads\/sites\/12\/2023\/05\/345465190_1960051127662470_8544336981937758917_n-600x400.jpg 600w, https:\/\/static-blogs.diariosur.es\/wp-content\/uploads\/sites\/12\/2023\/05\/345465190_1960051127662470_8544336981937758917_n-768x512.jpg 768w\" sizes=\"(max-width: 960px) 100vw, 960px\" \/><\/a><\/p>\n<p>&nbsp;<\/p>\n<p>&nbsp;<\/p>\n<p>&nbsp;<\/p>\n<p>&nbsp;<\/p>\n","protected":false},"excerpt":{"rendered":"<p>Muy buenos d\u00edas, amigos de la meteo. Aunque en estos momentos los cielos malague\u00f1os est\u00e1n pocos nubosos, a partir de primeras horas de la tarde se ir\u00e1n formando por el interior de la provincia fen\u00f3menos tormentosos, que pueden dejar chaparrones muy localizados. En la \u00faltima actualizaci\u00f3n de los modelos tambi\u00e9n dan probabilidad de alguna tormenta [&hellip;]<\/p>\n","protected":false},"author":16,"featured_media":37103,"comment_status":"open","ping_status":"open","sticky":false,"template":"","format":"standard","meta":[],"categories":[2],"tags":[359,485,587,980,996,1028],"_links":{"self":[{"href":"https:\/\/blogs.diariosur.es\/tormentas-y-rayos\/wp-json\/wp\/v2\/posts\/37095"}],"collection":[{"href":"https:\/\/blogs.diariosur.es\/tormentas-y-rayos\/wp-json\/wp\/v2\/posts"}],"about":[{"href":"https:\/\/blogs.diariosur.es\/tormentas-y-rayos\/wp-json\/wp\/v2\/types\/post"}],"author":[{"embeddable":true,"href":"https:\/\/blogs.diariosur.es\/tormentas-y-rayos\/wp-json\/wp\/v2\/users\/16"}],"replies":[{"embeddable":true,"href":"https:\/\/blogs.diariosur.es\/tormentas-y-rayos\/wp-json\/wp\/v2\/comments?post=37095"}],"version-history":[{"count":4,"href":"https:\/\/blogs.diariosur.es\/tormentas-y-rayos\/wp-json\/wp\/v2\/posts\/37095\/revisions"}],"predecessor-version":[{"id":37112,"href":"https:\/\/blogs.diariosur.es\/tormentas-y-rayos\/wp-json\/wp\/v2\/posts\/37095\/revisions\/37112"}],"wp:featuredmedia":[{"embeddable":true,"href":"https:\/\/blogs.diariosur.es\/tormentas-y-rayos\/wp-json\/wp\/v2\/media\/37103"}],"wp:attachment":[{"href":"https:\/\/blogs.diariosur.es\/tormentas-y-rayos\/wp-json\/wp\/v2\/media?parent=37095"}],"wp:term":[{"taxonomy":"category","embeddable":true,"href":"https:\/\/blogs.diariosur.es\/tormentas-y-rayos\/wp-json\/wp\/v2\/categories?post=37095"},{"taxonomy":"post_tag","embeddable":true,"href":"https:\/\/blogs.diariosur.es\/tormentas-y-rayos\/wp-json\/wp\/v2\/tags?post=37095"}],"curies":[{"name":"wp","href":"https:\/\/api.w.org\/{rel}","templated":true}]}}