{"id":37113,"date":"2023-05-29T08:23:32","date_gmt":"2023-05-29T06:23:32","guid":{"rendered":"https:\/\/blogs.diariosur.es\/tormentas-y-rayos\/?p=37113"},"modified":"2023-05-29T08:23:32","modified_gmt":"2023-05-29T06:23:32","slug":"que-tiempo-hara-los-ultimos-dias-de-la-primavera-meteorologica-en-malaga","status":"publish","type":"post","link":"https:\/\/blogs.diariosur.es\/tormentas-y-rayos\/2023\/05\/29\/que-tiempo-hara-los-ultimos-dias-de-la-primavera-meteorologica-en-malaga\/","title":{"rendered":"\u00bfQu\u00e9 tiempo har\u00e1 los \u00faltimos dias de la primavera meteorol\u00f3gica en M\u00e1laga?"},"content":{"rendered":"<p><a href=\"https:\/\/static-blogs.diariosur.es\/wp-content\/uploads\/sites\/12\/2023\/04\/13055600_10207552088459273_1169643538142501376_n.jpg\"><img loading=\"lazy\" class=\"aligncenter size-thumbnail wp-image-36680\" src=\"https:\/\/static-blogs.diariosur.es\/wp-content\/uploads\/sites\/12\/2023\/04\/13055600_10207552088459273_1169643538142501376_n-150x150.jpg\" alt=\"\" width=\"150\" height=\"150\" \/><\/a><\/p>\n<p>Muy buenos d\u00edas, amigos de la meteo. Ayer domingo se cumplieron los pron\u00f3sticos, las tormentas a partir de primeras horas de la tarde fueron protagonistas. Incluso como comentaba ayer en el post, llegaron a zona de costa. La primera tormenta se formo por los Montes de M\u00e1laga, concretamente zona de Comares y Colmenar, como pod\u00e9is ver en estas dos fotos.<\/p>\n<p>&nbsp;<\/p>\n<p><a href=\"https:\/\/static-blogs.diariosur.es\/wp-content\/uploads\/sites\/12\/2023\/05\/DSC_1125-e1685339852872.jpg\"><img loading=\"lazy\" class=\"aligncenter size-full wp-image-37117\" src=\"https:\/\/static-blogs.diariosur.es\/wp-content\/uploads\/sites\/12\/2023\/05\/DSC_1125-e1685339852872.jpg\" alt=\"\" width=\"1200\" height=\"800\" \/><\/a><\/p>\n<p>&nbsp;<\/p>\n<p>&nbsp;<\/p>\n<p><a href=\"https:\/\/static-blogs.diariosur.es\/wp-content\/uploads\/sites\/12\/2023\/05\/350265033_648340713310283_7759150271152226179_n-e1685337781727.jpg\"><img loading=\"lazy\" class=\"aligncenter size-full wp-image-37115\" src=\"https:\/\/static-blogs.diariosur.es\/wp-content\/uploads\/sites\/12\/2023\/05\/350265033_648340713310283_7759150271152226179_n-e1685337781727.jpg\" alt=\"\" width=\"1200\" height=\"900\" \/><\/a><\/p>\n<p>&nbsp;<\/p>\n<p>A primeras horas de la tarde se registraban tormentas en algunos puntos de M\u00e1laga capital, mi amigo Antonio Castillo grabo este chubasco en ciudad jard\u00edn. En mi zona apenas ca\u00edan algunas gotillas.<\/p>\n<p>&nbsp;<\/p>\n<p><iframe loading=\"lazy\" title=\"YouTube video player\" src=\"https:\/\/www.youtube.com\/embed\/8SEdGAqUnBM\" width=\"560\" height=\"315\" frameborder=\"0\" allowfullscreen=\"allowfullscreen\"><\/iframe><br \/>\nMi amigo Francisco Javier Gonz\u00e1lez, disfruto de lo lindo con este chaparr\u00f3n que se dio en la carihuela en Torremolinos. Curiosamente en apenas 600 metros no ca\u00eda una gota.<\/p>\n<p>&nbsp;<\/p>\n<p><iframe loading=\"lazy\" title=\"YouTube video player\" src=\"https:\/\/www.youtube.com\/embed\/TIZyGDI3ZEA\" width=\"560\" height=\"315\" frameborder=\"0\" allowfullscreen=\"allowfullscreen\"><\/iframe><\/p>\n<p>&nbsp;<\/p>\n<p>El chaparr\u00f3n m\u00e1s fuerte se registro en Co\u00edn, en algunos se registraron 17 y 22 litros, en apenas un kilometro no ca\u00eda nada.<\/p>\n<p>&nbsp;<\/p>\n<h3><span style=\"color: #0000ff;\"><strong>\u00bfQu\u00e9 tiempo har\u00e1 los \u00faltimos dias de la primavera meteorol\u00f3gica en M\u00e1laga?<\/strong><\/span><\/h3>\n<p>A falta de tan solo tres d\u00edas para que comience el verano meteorol\u00f3gico, la primavera se despide en la provincia de M\u00e1laga con terral y poniente. Las m\u00e1ximas donde entre el terral rondar\u00e1n entre los 25 y 28 grados, en las dem\u00e1s zonas entre los 23 y 25 grados. Las temperaturas m\u00ednimas si estar\u00e1n dentro de la media.<\/p>\n<p>Hoy lunes no se esperan fen\u00f3menos tormentosos en la provincia. El martes y mi\u00e9rcoles aumenta la probabilidad de que por la tarde tengamos nubes de desarrollo en los sistemas monta\u00f1osos y pueda caer alg\u00fan chaparr\u00f3n leve y espor\u00e1dico muy localizado. El mi\u00e9rcoles os dar\u00e9 un avance de los primeros d\u00edas del verano meteorol\u00f3gico.<\/p>\n<p>&nbsp;<\/p>\n","protected":false},"excerpt":{"rendered":"<p>Muy buenos d\u00edas, amigos de la meteo. Ayer domingo se cumplieron los pron\u00f3sticos, las tormentas a partir de primeras horas de la tarde fueron protagonistas. Incluso como comentaba ayer en el post, llegaron a zona de costa. La primera tormenta se formo por los Montes de M\u00e1laga, concretamente zona de Comares y Colmenar, como pod\u00e9is [&hellip;]<\/p>\n","protected":false},"author":16,"featured_media":37115,"comment_status":"open","ping_status":"open","sticky":false,"template":"","format":"standard","meta":[],"categories":[2],"tags":[358,587,800,975,996],"_links":{"self":[{"href":"https:\/\/blogs.diariosur.es\/tormentas-y-rayos\/wp-json\/wp\/v2\/posts\/37113"}],"collection":[{"href":"https:\/\/blogs.diariosur.es\/tormentas-y-rayos\/wp-json\/wp\/v2\/posts"}],"about":[{"href":"https:\/\/blogs.diariosur.es\/tormentas-y-rayos\/wp-json\/wp\/v2\/types\/post"}],"author":[{"embeddable":true,"href":"https:\/\/blogs.diariosur.es\/tormentas-y-rayos\/wp-json\/wp\/v2\/users\/16"}],"replies":[{"embeddable":true,"href":"https:\/\/blogs.diariosur.es\/tormentas-y-rayos\/wp-json\/wp\/v2\/comments?post=37113"}],"version-history":[{"count":2,"href":"https:\/\/blogs.diariosur.es\/tormentas-y-rayos\/wp-json\/wp\/v2\/posts\/37113\/revisions"}],"predecessor-version":[{"id":37118,"href":"https:\/\/blogs.diariosur.es\/tormentas-y-rayos\/wp-json\/wp\/v2\/posts\/37113\/revisions\/37118"}],"wp:featuredmedia":[{"embeddable":true,"href":"https:\/\/blogs.diariosur.es\/tormentas-y-rayos\/wp-json\/wp\/v2\/media\/37115"}],"wp:attachment":[{"href":"https:\/\/blogs.diariosur.es\/tormentas-y-rayos\/wp-json\/wp\/v2\/media?parent=37113"}],"wp:term":[{"taxonomy":"category","embeddable":true,"href":"https:\/\/blogs.diariosur.es\/tormentas-y-rayos\/wp-json\/wp\/v2\/categories?post=37113"},{"taxonomy":"post_tag","embeddable":true,"href":"https:\/\/blogs.diariosur.es\/tormentas-y-rayos\/wp-json\/wp\/v2\/tags?post=37113"}],"curies":[{"name":"wp","href":"https:\/\/api.w.org\/{rel}","templated":true}]}}