{"id":37119,"date":"2023-05-30T07:46:39","date_gmt":"2023-05-30T05:46:39","guid":{"rendered":"https:\/\/blogs.diariosur.es\/tormentas-y-rayos\/?p=37119"},"modified":"2023-05-30T07:46:39","modified_gmt":"2023-05-30T05:46:39","slug":"la-vida-de-una-tormenta-aviso-amarillo-en-las-provincias-de-almeria-y-granada","status":"publish","type":"post","link":"https:\/\/blogs.diariosur.es\/tormentas-y-rayos\/2023\/05\/30\/la-vida-de-una-tormenta-aviso-amarillo-en-las-provincias-de-almeria-y-granada\/","title":{"rendered":"La vida de una tormenta. Aviso amarillo en las provincias de Almer\u00eda y Granada"},"content":{"rendered":"<p><a href=\"https:\/\/static-blogs.diariosur.es\/wp-content\/uploads\/sites\/12\/2023\/04\/13055600_10207552088459273_1169643538142501376_n.jpg\"><img loading=\"lazy\" class=\"aligncenter size-thumbnail wp-image-36680\" src=\"https:\/\/static-blogs.diariosur.es\/wp-content\/uploads\/sites\/12\/2023\/04\/13055600_10207552088459273_1169643538142501376_n-150x150.jpg\" alt=\"\" width=\"150\" height=\"150\" \/><\/a><\/p>\n<p>Muy buenos d\u00edas, amigos de la meteo. Ayer se cumplieron las previsiones y el terral fue protagonista en las zonas habituales de la provincia de M\u00e1laga, destacar Estepona con 30.1 grados y el Centro Meteorol\u00f3gico con 28.1. Hoy martes las provincias de Granada y Almer\u00eda est\u00e1n en aviso por tormentas. En la provincia de M\u00e1laga a partir de primeras horas de la tarde nuevamente se formaran desarrollos que pueden dejar alg\u00fan chubasco aislado en los sistemas monta\u00f1osos. Mucha precauci\u00f3n si sal\u00eds de viaje en zonas de aviso amarillo de tormentas.<\/p>\n<p>Como muchos me hab\u00e9is preguntado por la vida de una tormenta, os paso este estupendo articulo de mis amigos de cazatormentas, no dej\u00e9is de pinchar en el enlace.<\/p>\n<h3><a href=\"https:\/\/cazatormentas.com\/tiempo-tormenta-ciclo-vida\/\" rel=\"external nofollow\"><span style=\"color: #ff0000;\"><strong>La vida de una tormenta<\/strong><\/span><\/a><\/h3>\n<p>&nbsp;<\/p>\n<p>Os paso el aviso amarillo por tormentas y lluvias hoy en Espa\u00f1a. Fuente aemet. Y una foto de hace unos a\u00f1os.<\/p>\n<p>&nbsp;<\/p>\n<p><a href=\"https:\/\/static-blogs.diariosur.es\/wp-content\/uploads\/sites\/12\/2023\/05\/Captura-de-pantalla-2023-05-30-074506.jpg\"><img loading=\"lazy\" class=\"aligncenter size-full wp-image-37121\" src=\"https:\/\/static-blogs.diariosur.es\/wp-content\/uploads\/sites\/12\/2023\/05\/Captura-de-pantalla-2023-05-30-074506.jpg\" alt=\"\" width=\"694\" height=\"548\" srcset=\"https:\/\/static-blogs.diariosur.es\/wp-content\/uploads\/sites\/12\/2023\/05\/Captura-de-pantalla-2023-05-30-074506.jpg 694w, https:\/\/static-blogs.diariosur.es\/wp-content\/uploads\/sites\/12\/2023\/05\/Captura-de-pantalla-2023-05-30-074506-507x400.jpg 507w\" sizes=\"(max-width: 694px) 100vw, 694px\" \/><\/a><\/p>\n<p>&nbsp;<\/p>\n<p><a href=\"https:\/\/static-blogs.diariosur.es\/wp-content\/uploads\/sites\/12\/2023\/05\/51484355760_c73fc07f67_b.jpg\"><img loading=\"lazy\" class=\"aligncenter size-full wp-image-37120\" src=\"https:\/\/static-blogs.diariosur.es\/wp-content\/uploads\/sites\/12\/2023\/05\/51484355760_c73fc07f67_b.jpg\" alt=\"\" width=\"1024\" height=\"683\" srcset=\"https:\/\/static-blogs.diariosur.es\/wp-content\/uploads\/sites\/12\/2023\/05\/51484355760_c73fc07f67_b.jpg 1024w, https:\/\/static-blogs.diariosur.es\/wp-content\/uploads\/sites\/12\/2023\/05\/51484355760_c73fc07f67_b-600x400.jpg 600w, https:\/\/static-blogs.diariosur.es\/wp-content\/uploads\/sites\/12\/2023\/05\/51484355760_c73fc07f67_b-768x512.jpg 768w\" sizes=\"(max-width: 1024px) 100vw, 1024px\" \/><\/a><\/p>\n<p>Ma\u00f1ana os dar\u00e9 la previsi\u00f3n de los primeros d\u00edas del verano meteorol\u00f3gico<\/p>\n<p>&nbsp;<\/p>\n","protected":false},"excerpt":{"rendered":"<p>Muy buenos d\u00edas, amigos de la meteo. Ayer se cumplieron las previsiones y el terral fue protagonista en las zonas habituales de la provincia de M\u00e1laga, destacar Estepona con 30.1 grados y el Centro Meteorol\u00f3gico con 28.1. Hoy martes las provincias de Granada y Almer\u00eda est\u00e1n en aviso por tormentas. En la provincia de M\u00e1laga [&hellip;]<\/p>\n","protected":false},"author":16,"featured_media":37120,"comment_status":"open","ping_status":"open","sticky":false,"template":"","format":"standard","meta":[],"categories":[2],"tags":[94,100,151,358,587,996],"_links":{"self":[{"href":"https:\/\/blogs.diariosur.es\/tormentas-y-rayos\/wp-json\/wp\/v2\/posts\/37119"}],"collection":[{"href":"https:\/\/blogs.diariosur.es\/tormentas-y-rayos\/wp-json\/wp\/v2\/posts"}],"about":[{"href":"https:\/\/blogs.diariosur.es\/tormentas-y-rayos\/wp-json\/wp\/v2\/types\/post"}],"author":[{"embeddable":true,"href":"https:\/\/blogs.diariosur.es\/tormentas-y-rayos\/wp-json\/wp\/v2\/users\/16"}],"replies":[{"embeddable":true,"href":"https:\/\/blogs.diariosur.es\/tormentas-y-rayos\/wp-json\/wp\/v2\/comments?post=37119"}],"version-history":[{"count":1,"href":"https:\/\/blogs.diariosur.es\/tormentas-y-rayos\/wp-json\/wp\/v2\/posts\/37119\/revisions"}],"predecessor-version":[{"id":37122,"href":"https:\/\/blogs.diariosur.es\/tormentas-y-rayos\/wp-json\/wp\/v2\/posts\/37119\/revisions\/37122"}],"wp:featuredmedia":[{"embeddable":true,"href":"https:\/\/blogs.diariosur.es\/tormentas-y-rayos\/wp-json\/wp\/v2\/media\/37120"}],"wp:attachment":[{"href":"https:\/\/blogs.diariosur.es\/tormentas-y-rayos\/wp-json\/wp\/v2\/media?parent=37119"}],"wp:term":[{"taxonomy":"category","embeddable":true,"href":"https:\/\/blogs.diariosur.es\/tormentas-y-rayos\/wp-json\/wp\/v2\/categories?post=37119"},{"taxonomy":"post_tag","embeddable":true,"href":"https:\/\/blogs.diariosur.es\/tormentas-y-rayos\/wp-json\/wp\/v2\/tags?post=37119"}],"curies":[{"name":"wp","href":"https:\/\/api.w.org\/{rel}","templated":true}]}}