{"id":37123,"date":"2023-05-31T09:37:27","date_gmt":"2023-05-31T07:37:27","guid":{"rendered":"https:\/\/blogs.diariosur.es\/tormentas-y-rayos\/?p=37123"},"modified":"2023-05-31T10:55:34","modified_gmt":"2023-05-31T08:55:34","slug":"comienza-el-verano-meteorologico-que-tiempo-hara-los-primeros-dias-en-malaga","status":"publish","type":"post","link":"https:\/\/blogs.diariosur.es\/tormentas-y-rayos\/2023\/05\/31\/comienza-el-verano-meteorologico-que-tiempo-hara-los-primeros-dias-en-malaga\/","title":{"rendered":"Comienza el verano meteorol\u00f3gico. \u00bfQu\u00e9 tiempo har\u00e1 los primeros d\u00edas en M\u00e1laga?"},"content":{"rendered":"<p><a href=\"https:\/\/static-blogs.diariosur.es\/wp-content\/uploads\/sites\/12\/2023\/04\/13055600_10207552088459273_1169643538142501376_n.jpg\"><img loading=\"lazy\" class=\"aligncenter size-thumbnail wp-image-36680\" src=\"https:\/\/static-blogs.diariosur.es\/wp-content\/uploads\/sites\/12\/2023\/04\/13055600_10207552088459273_1169643538142501376_n-150x150.jpg\" alt=\"\" width=\"150\" height=\"150\" \/><\/a><\/p>\n<p>Muy buenos d\u00edas, amigos de la meteo. Ayer nuevamente se cumplieron los pron\u00f3sticos y el terral fue protagonista en las zonas habituales de la provincia de M\u00e1laga. Las m\u00e1ximas rondaron los 27 y 29,8 grados, en otras zonas entre los 23 y 25 grados. Tambi\u00e9n se cumpli\u00f3 a partir del mediod\u00eda los desarrollos de nubes en toda la provincia, que trajeron una sorpresa en Torremolinos en forma de un chaparr\u00f3n. Mi amigo Francisco Ismael Garc\u00eda Paya grabo este video desde TodoVisi\u00f3n en Torremolinos. Pinchar en el enlace<\/p>\n<p><a href=\"https:\/\/youtube.com\/shorts\/PIHuWxVtAy4?feature=share\" rel=\"external nofollow\">https:\/\/youtube.com\/shorts\/PIHuWxVtAy4?feature=share<\/a><\/p>\n<p>Os pongo tambi\u00e9n mi primer time lapse<\/p>\n<p>&nbsp;<\/p>\n<p><iframe loading=\"lazy\" title=\"YouTube video player\" src=\"https:\/\/www.youtube.com\/embed\/CQ05hZjT2o0\" width=\"560\" height=\"315\" frameborder=\"0\" allowfullscreen=\"allowfullscreen\"><\/iframe><\/p>\n<p>&nbsp;<\/p>\n<h3><span style=\"color: #0000ff;\"><strong>Comienza el verano meteorol\u00f3gico. \u00bfQu\u00e9 tiempo har\u00e1 los primeros d\u00edas?<\/strong><\/span><\/h3>\n<p><strong>Hoy mi\u00e9rcoles<\/strong> \u00faltimo d\u00eda de la primavera meteorol\u00f3gica, nuevamente el terral y los desarrollos ser\u00e1n protagonista. Hay probabilidad de alg\u00fan chubasco en zonas de monta\u00f1a.<\/p>\n<p><strong>Ma\u00f1ana jueves<\/strong> primer d\u00eda del comienzo del verano meteorol\u00f3gico, el terral dejar\u00e1 de afectarnos, para dar paso al vientos de levante flojos. Las temperaturas m\u00e1ximas en la provincia rondar\u00e1n entre los 22 y 25 grados. Aunque tengamos desarrollos, la probabilidad de precipitaciones es baja. Se activa el aviso amarillo por tormentas en las provincias de Granada y Almer\u00eda.<\/p>\n<p><strong>El viernes<\/strong> seguiremos con levante y temperaturas m\u00e1ximas por debajo de la media. Aumenta la probabilidad de precipitaciones en toda la provincia, por el interior pueden ir acompa\u00f1adas de fen\u00f3menos tormentosos.<\/p>\n<p><strong>Para el fin de semana<\/strong> seguiremos con temperaturas por debajo de la media. Hay probabilidad de tormentas a partir de primeras horas de la tarde por el interior de la provincia malague\u00f1a, pueden ir acompa\u00f1adas de granizo. Estas tormentas ser\u00e1n m\u00e1s probables en las comarcas de Ronda y Antequera.<\/p>\n<p>Y si los modelos no cambian, toda hace indicar, que la pr\u00f3xima semana seguiremos con inestabilidad y temperaturas por debajo de la media. Ojal\u00e1 sigamos as\u00ed la primera quincena de junio y que los calores lleguen m\u00e1s tarde.<\/p>\n<p>Os dejo con esta bonita foto de mi amigo Crist\u00f3bal Gambero en Mijas Pueblo.<\/p>\n<p>&nbsp;<\/p>\n<p><a href=\"https:\/\/static-blogs.diariosur.es\/wp-content\/uploads\/sites\/12\/2023\/05\/346084032_594159902512595_7018988275922864019_n-e1685518550683.jpg\"><img loading=\"lazy\" class=\"aligncenter size-full wp-image-37128\" src=\"https:\/\/static-blogs.diariosur.es\/wp-content\/uploads\/sites\/12\/2023\/05\/346084032_594159902512595_7018988275922864019_n-e1685518550683.jpg\" alt=\"\" width=\"900\" height=\"506\" \/><\/a><\/p>\n","protected":false},"excerpt":{"rendered":"<p>Muy buenos d\u00edas, amigos de la meteo. Ayer nuevamente se cumplieron los pron\u00f3sticos y el terral fue protagonista en las zonas habituales de la provincia de M\u00e1laga. Las m\u00e1ximas rondaron los 27 y 29,8 grados, en otras zonas entre los 23 y 25 grados. Tambi\u00e9n se cumpli\u00f3 a partir del mediod\u00eda los desarrollos de nubes [&hellip;]<\/p>\n","protected":false},"author":16,"featured_media":37128,"comment_status":"open","ping_status":"open","sticky":false,"template":"","format":"standard","meta":[],"categories":[2],"tags":[100,151,358,587,645,996,1052],"_links":{"self":[{"href":"https:\/\/blogs.diariosur.es\/tormentas-y-rayos\/wp-json\/wp\/v2\/posts\/37123"}],"collection":[{"href":"https:\/\/blogs.diariosur.es\/tormentas-y-rayos\/wp-json\/wp\/v2\/posts"}],"about":[{"href":"https:\/\/blogs.diariosur.es\/tormentas-y-rayos\/wp-json\/wp\/v2\/types\/post"}],"author":[{"embeddable":true,"href":"https:\/\/blogs.diariosur.es\/tormentas-y-rayos\/wp-json\/wp\/v2\/users\/16"}],"replies":[{"embeddable":true,"href":"https:\/\/blogs.diariosur.es\/tormentas-y-rayos\/wp-json\/wp\/v2\/comments?post=37123"}],"version-history":[{"count":8,"href":"https:\/\/blogs.diariosur.es\/tormentas-y-rayos\/wp-json\/wp\/v2\/posts\/37123\/revisions"}],"predecessor-version":[{"id":37132,"href":"https:\/\/blogs.diariosur.es\/tormentas-y-rayos\/wp-json\/wp\/v2\/posts\/37123\/revisions\/37132"}],"wp:featuredmedia":[{"embeddable":true,"href":"https:\/\/blogs.diariosur.es\/tormentas-y-rayos\/wp-json\/wp\/v2\/media\/37128"}],"wp:attachment":[{"href":"https:\/\/blogs.diariosur.es\/tormentas-y-rayos\/wp-json\/wp\/v2\/media?parent=37123"}],"wp:term":[{"taxonomy":"category","embeddable":true,"href":"https:\/\/blogs.diariosur.es\/tormentas-y-rayos\/wp-json\/wp\/v2\/categories?post=37123"},{"taxonomy":"post_tag","embeddable":true,"href":"https:\/\/blogs.diariosur.es\/tormentas-y-rayos\/wp-json\/wp\/v2\/tags?post=37123"}],"curies":[{"name":"wp","href":"https:\/\/api.w.org\/{rel}","templated":true}]}}