{"id":37214,"date":"2023-06-11T12:25:32","date_gmt":"2023-06-11T10:25:32","guid":{"rendered":"https:\/\/blogs.diariosur.es\/tormentas-y-rayos\/?p=37214"},"modified":"2023-06-12T19:20:45","modified_gmt":"2023-06-12T17:20:45","slug":"una-dana-traera-terral-y-rachas-fuertes-de-viento-a-malaga-aviso-amarillo","status":"publish","type":"post","link":"https:\/\/blogs.diariosur.es\/tormentas-y-rayos\/2023\/06\/11\/una-dana-traera-terral-y-rachas-fuertes-de-viento-a-malaga-aviso-amarillo\/","title":{"rendered":"Una dana traera terral y rachas fuertes de viento a M\u00e1laga. Aviso amarillo."},"content":{"rendered":"<p><a href=\"https:\/\/static-blogs.diariosur.es\/wp-content\/uploads\/sites\/12\/2023\/04\/13055600_10207552088459273_1169643538142501376_n.jpg\"><img loading=\"lazy\" class=\"aligncenter size-thumbnail wp-image-36680\" src=\"https:\/\/static-blogs.diariosur.es\/wp-content\/uploads\/sites\/12\/2023\/04\/13055600_10207552088459273_1169643538142501376_n-150x150.jpg\" alt=\"\" width=\"150\" height=\"150\" \/><\/a><\/p>\n<p>Muy buenas tardes, amigos de la meteo. Antes de daros la previsi\u00f3n para ma\u00f1ana lunes y el martes, os hago un peque\u00f1o resumen del fin de semana.<\/p>\n<p>Se cumplieron las previsiones y el terral fue protagonista el s\u00e1bado, la m\u00e1xima de Andaluc\u00eda se registro en Estepona con 32.4 grados. La estaci\u00f3n de Coin registro m\u00e1s, pero no la tomo como referencia porque est\u00e1 mal ubicada. La temperatura m\u00e1xima en M\u00e1laga capital, se dio en el Centro Meteorol\u00f3gico con 31.2 grados, en la estaci\u00f3n del Aeropuerto 30.8 y en la del Puerto 27.5. Fuente aemet.<\/p>\n<p>Hoy domingo hemos tenido un buen d\u00eda de playa. La temperatura del agua del mar ha rondado los 21 y 22.5 grados.<\/p>\n<p>Os paso una foto.<\/p>\n<p>&nbsp;<\/p>\n<p><a href=\"https:\/\/static-blogs.diariosur.es\/wp-content\/uploads\/sites\/12\/2023\/06\/FB_IMG_1686480035424.jpg\"><img loading=\"lazy\" class=\"aligncenter size-full wp-image-37218\" src=\"https:\/\/static-blogs.diariosur.es\/wp-content\/uploads\/sites\/12\/2023\/06\/FB_IMG_1686480035424.jpg\" alt=\"\" width=\"800\" height=\"496\" srcset=\"https:\/\/static-blogs.diariosur.es\/wp-content\/uploads\/sites\/12\/2023\/06\/FB_IMG_1686480035424.jpg 800w, https:\/\/static-blogs.diariosur.es\/wp-content\/uploads\/sites\/12\/2023\/06\/FB_IMG_1686480035424-640x397.jpg 640w, https:\/\/static-blogs.diariosur.es\/wp-content\/uploads\/sites\/12\/2023\/06\/FB_IMG_1686480035424-768x476.jpg 768w\" sizes=\"(max-width: 800px) 100vw, 800px\" \/><\/a><\/p>\n<p>&nbsp;<\/p>\n<p><b>Una dana traer\u00e1\u00a0terral y rachas fuertes de viento a M\u00e1laga. Aviso amarillo.<\/b><\/p>\n<p>&nbsp;<\/p>\n<p><a href=\"https:\/\/static-blogs.diariosur.es\/wp-content\/uploads\/sites\/12\/2023\/06\/zzzzz.jpg\"><img loading=\"lazy\" class=\"aligncenter size-full wp-image-37222\" src=\"https:\/\/static-blogs.diariosur.es\/wp-content\/uploads\/sites\/12\/2023\/06\/zzzzz.jpg\" alt=\"\" width=\"771\" height=\"764\" srcset=\"https:\/\/static-blogs.diariosur.es\/wp-content\/uploads\/sites\/12\/2023\/06\/zzzzz.jpg 771w, https:\/\/static-blogs.diariosur.es\/wp-content\/uploads\/sites\/12\/2023\/06\/zzzzz-150x150.jpg 150w, https:\/\/static-blogs.diariosur.es\/wp-content\/uploads\/sites\/12\/2023\/06\/zzzzz-404x400.jpg 404w, https:\/\/static-blogs.diariosur.es\/wp-content\/uploads\/sites\/12\/2023\/06\/zzzzz-768x761.jpg 768w\" sizes=\"(max-width: 771px) 100vw, 771px\" \/><\/a><\/p>\n<p>&nbsp;<\/p>\n<p style=\"text-align: justify;\">En vez de lluvias y tormentas, una dana traer\u00e1 a la provincia malague\u00f1a terral, y rachas fuertes de viento.<\/p>\n<p style=\"text-align: justify;\">Ma\u00f1ana lunes, el terral ser\u00e1 protagonista en las zonas habituales de la provincia de M\u00e1laga. Las m\u00e1ximas rondar\u00e1n entre los 29 y 34 grados, siendo el interior del Valle del Guadalhorce donde se registren las m\u00e1ximas. En otras zonas de la provincia malague\u00f1a entre los 25 y 29 grados. Probabilidad de terral en el Rinc\u00f3n de la Victoria.<\/p>\n<p style=\"text-align: justify;\">El martes el poniente toma protagonismo en toda la costa malague\u00f1a y zonas altas de monta\u00f1a. La aemet activa el aviso amarillo por fen\u00f3menos costeros.\u00a0Viento del oeste y suroeste de 50 a 60 km\/h (fuerza 7) con olas de 2 a 3 m. En las zonas donde el viento del oeste entre de tierra, las temperaturas m\u00e1ximas rondar\u00e1n entre los 27 y 30 grados. En las dem\u00e1s zonas de la provincia malague\u00f1a, entre los 23 y 26 grados. Probable terral nuevamente en el Rinc\u00f3n de la Victoria.<\/p>\n<p>Probablemente el mi\u00e9rcoles seguir\u00e1 el terral, pero bajar\u00e1 la intensidad del viento.<\/p>\n","protected":false},"excerpt":{"rendered":"<p>Muy buenas tardes, amigos de la meteo. Antes de daros la previsi\u00f3n para ma\u00f1ana lunes y el martes, os hago un peque\u00f1o resumen del fin de semana. Se cumplieron las previsiones y el terral fue protagonista el s\u00e1bado, la m\u00e1xima de Andaluc\u00eda se registro en Estepona con 32.4 grados. La estaci\u00f3n de Coin registro m\u00e1s, [&hellip;]<\/p>\n","protected":false},"author":16,"featured_media":27990,"comment_status":"open","ping_status":"open","sticky":false,"template":"","format":"standard","meta":[],"categories":[2],"tags":[94,151,358,587],"_links":{"self":[{"href":"https:\/\/blogs.diariosur.es\/tormentas-y-rayos\/wp-json\/wp\/v2\/posts\/37214"}],"collection":[{"href":"https:\/\/blogs.diariosur.es\/tormentas-y-rayos\/wp-json\/wp\/v2\/posts"}],"about":[{"href":"https:\/\/blogs.diariosur.es\/tormentas-y-rayos\/wp-json\/wp\/v2\/types\/post"}],"author":[{"embeddable":true,"href":"https:\/\/blogs.diariosur.es\/tormentas-y-rayos\/wp-json\/wp\/v2\/users\/16"}],"replies":[{"embeddable":true,"href":"https:\/\/blogs.diariosur.es\/tormentas-y-rayos\/wp-json\/wp\/v2\/comments?post=37214"}],"version-history":[{"count":9,"href":"https:\/\/blogs.diariosur.es\/tormentas-y-rayos\/wp-json\/wp\/v2\/posts\/37214\/revisions"}],"predecessor-version":[{"id":37226,"href":"https:\/\/blogs.diariosur.es\/tormentas-y-rayos\/wp-json\/wp\/v2\/posts\/37214\/revisions\/37226"}],"wp:featuredmedia":[{"embeddable":true,"href":"https:\/\/blogs.diariosur.es\/tormentas-y-rayos\/wp-json\/wp\/v2\/media\/27990"}],"wp:attachment":[{"href":"https:\/\/blogs.diariosur.es\/tormentas-y-rayos\/wp-json\/wp\/v2\/media?parent=37214"}],"wp:term":[{"taxonomy":"category","embeddable":true,"href":"https:\/\/blogs.diariosur.es\/tormentas-y-rayos\/wp-json\/wp\/v2\/categories?post=37214"},{"taxonomy":"post_tag","embeddable":true,"href":"https:\/\/blogs.diariosur.es\/tormentas-y-rayos\/wp-json\/wp\/v2\/tags?post=37214"}],"curies":[{"name":"wp","href":"https:\/\/api.w.org\/{rel}","templated":true}]}}