{"id":37225,"date":"2023-06-12T22:13:30","date_gmt":"2023-06-12T20:13:30","guid":{"rendered":"https:\/\/blogs.diariosur.es\/tormentas-y-rayos\/?p=37225"},"modified":"2023-06-12T22:13:30","modified_gmt":"2023-06-12T20:13:30","slug":"el-tiempo-en-malaga-aviso-amarillo-cuando-terminara-el-terral-y-las-rachas-fuertes-de-viento","status":"publish","type":"post","link":"https:\/\/blogs.diariosur.es\/tormentas-y-rayos\/2023\/06\/12\/el-tiempo-en-malaga-aviso-amarillo-cuando-terminara-el-terral-y-las-rachas-fuertes-de-viento\/","title":{"rendered":"El tiempo en M\u00e1laga. Aviso amarillo. \u00bfCu\u00e1ndo terminar\u00e1 el terral y las rachas fuertes de viento?"},"content":{"rendered":"<p><a href=\"https:\/\/static-blogs.diariosur.es\/wp-content\/uploads\/sites\/12\/2023\/01\/327946939_869693064149145_1099993097779863480_n.jpg\"><img loading=\"lazy\" class=\"aligncenter size-thumbnail wp-image-35771\" src=\"https:\/\/static-blogs.diariosur.es\/wp-content\/uploads\/sites\/12\/2023\/01\/327946939_869693064149145_1099993097779863480_n-150x150.jpg\" alt=\"\" width=\"150\" height=\"150\" \/><\/a><\/p>\n<p style=\"text-align: justify;\">Buenas noches, amigos de la meteo. Se cumplieron las previsiones hoy lunes, y el terral ha sido protagonista en las zonas habituales de la provincia malague\u00f1a, en lo que respecta a la capital, ha ido por barrios. En el Aeropuerto han sobrepasado los 33 grados, el Centro Meteorol\u00f3gico 30.8, Puerto 27.8, Estepona 33, Rinc\u00f3n de la Victoria 33.2, V\u00e9lez M\u00e1laga 30.1, \u00c1lora 32.5 y por \u00faltimo mi estaci\u00f3n 28.3 grados. Fuente aemet.\u00a0<strong>Aunque Co\u00edn ha dado la m\u00e1xima de Espa\u00f1a con 35.4 grados, no la tomo como dato oficial porque esta mal ubicada.\u00a0<\/strong>Las rachas m\u00e1s fuertes de viento se han dado en Estepona con 50 km\/h y Aeropuerto con 42.<\/p>\n<p style=\"text-align: justify;\"><strong>Ma\u00f1ana martes<\/strong> entramos en aviso amarillo por fen\u00f3menos costeros, viento del oeste y suroeste de 50 a 60 km\/h (fuerza 7) con olas de 2 a 3 m. La hora de comienzo es las 14:00 horas y termina a las 23:59. Las olas m\u00e1s grandes se esperan en alta mar, precauci\u00f3n si sal\u00eds a navegar y a faenar por el Mar de Albor\u00e1n. Las temperaturas m\u00e1ximas bajar\u00e1n unos grados, not\u00e1ndose m\u00e1s en zonas\u00a0 de costa donde combata el poniente, rondar\u00e1n entre los 24 y 29 grados.<\/p>\n<p style=\"text-align: justify;\"><strong>El mi\u00e9rcoles<\/strong> seguir\u00e1 el terral, nuevamente subir\u00e1n las temperaturas m\u00e1ximas. En las zonas habituales donde el poniente entre de tierra las temperaturas rondar\u00e1n entre los <strong>29 y 35 grados<\/strong>, en las dem\u00e1s zonas de la provincia entre los 25 y 29. Las rachas de viento ir\u00e1n a menos. A \u00faltima hora de la tarde noche del mi\u00e9rcoles, el viento ir\u00e1 rolando a componente este.<\/p>\n<p style=\"text-align: justify;\"><strong>El jueves<\/strong> no se espera terral, pero las m\u00e1ximas subir\u00e1n en las comarcas de Antequera y Ronda. No se esperan rachas fuertes de viento. La probabilidad de precipitaciones hasta el jueves es muy baja.<\/p>\n","protected":false},"excerpt":{"rendered":"<p>Buenas noches, amigos de la meteo. Se cumplieron las previsiones hoy lunes, y el terral ha sido protagonista en las zonas habituales de la provincia malague\u00f1a, en lo que respecta a la capital, ha ido por barrios. En el Aeropuerto han sobrepasado los 33 grados, el Centro Meteorol\u00f3gico 30.8, Puerto 27.8, Estepona 33, Rinc\u00f3n de [&hellip;]<\/p>\n","protected":false},"author":16,"featured_media":37227,"comment_status":"open","ping_status":"open","sticky":false,"template":"","format":"standard","meta":[],"categories":[2],"tags":[307,358,587,736,975,1059],"_links":{"self":[{"href":"https:\/\/blogs.diariosur.es\/tormentas-y-rayos\/wp-json\/wp\/v2\/posts\/37225"}],"collection":[{"href":"https:\/\/blogs.diariosur.es\/tormentas-y-rayos\/wp-json\/wp\/v2\/posts"}],"about":[{"href":"https:\/\/blogs.diariosur.es\/tormentas-y-rayos\/wp-json\/wp\/v2\/types\/post"}],"author":[{"embeddable":true,"href":"https:\/\/blogs.diariosur.es\/tormentas-y-rayos\/wp-json\/wp\/v2\/users\/16"}],"replies":[{"embeddable":true,"href":"https:\/\/blogs.diariosur.es\/tormentas-y-rayos\/wp-json\/wp\/v2\/comments?post=37225"}],"version-history":[{"count":1,"href":"https:\/\/blogs.diariosur.es\/tormentas-y-rayos\/wp-json\/wp\/v2\/posts\/37225\/revisions"}],"predecessor-version":[{"id":37228,"href":"https:\/\/blogs.diariosur.es\/tormentas-y-rayos\/wp-json\/wp\/v2\/posts\/37225\/revisions\/37228"}],"wp:featuredmedia":[{"embeddable":true,"href":"https:\/\/blogs.diariosur.es\/tormentas-y-rayos\/wp-json\/wp\/v2\/media\/37227"}],"wp:attachment":[{"href":"https:\/\/blogs.diariosur.es\/tormentas-y-rayos\/wp-json\/wp\/v2\/media?parent=37225"}],"wp:term":[{"taxonomy":"category","embeddable":true,"href":"https:\/\/blogs.diariosur.es\/tormentas-y-rayos\/wp-json\/wp\/v2\/categories?post=37225"},{"taxonomy":"post_tag","embeddable":true,"href":"https:\/\/blogs.diariosur.es\/tormentas-y-rayos\/wp-json\/wp\/v2\/tags?post=37225"}],"curies":[{"name":"wp","href":"https:\/\/api.w.org\/{rel}","templated":true}]}}