{"id":37230,"date":"2023-06-14T13:28:11","date_gmt":"2023-06-14T11:28:11","guid":{"rendered":"https:\/\/blogs.diariosur.es\/tormentas-y-rayos\/?p=37230"},"modified":"2023-06-14T14:29:07","modified_gmt":"2023-06-14T12:29:07","slug":"el-tiempo-en-andalucia-y-malaga-se-activan-los-primeros-avisos-por-altas-temperaturas-este-verano","status":"publish","type":"post","link":"https:\/\/blogs.diariosur.es\/tormentas-y-rayos\/2023\/06\/14\/el-tiempo-en-andalucia-y-malaga-se-activan-los-primeros-avisos-por-altas-temperaturas-este-verano\/","title":{"rendered":"El tiempo en Andaluc\u00eda y M\u00e1laga. Se activan los primeros avisos por altas temperaturas este verano."},"content":{"rendered":"<p><a href=\"https:\/\/static-blogs.diariosur.es\/wp-content\/uploads\/sites\/12\/2023\/01\/327946939_869693064149145_1099993097779863480_n.jpg\"><img loading=\"lazy\" class=\"aligncenter size-thumbnail wp-image-35771\" src=\"https:\/\/static-blogs.diariosur.es\/wp-content\/uploads\/sites\/12\/2023\/01\/327946939_869693064149145_1099993097779863480_n-150x150.jpg\" alt=\"\" width=\"150\" height=\"150\" \/><\/a><\/p>\n<p style=\"text-align: justify;\">Muy buenas tardes, amigos de la meteo. La aemet activa por primera vez este verano meteorol\u00f3gico, avisos amarillos por altas temperaturas de 38 grados en las provincias de Huelva, Sevilla, C\u00f3rdoba y Ja\u00e9n, para pr\u00f3ximo viernes. Si este junio que llevamos, lo comparamos con el del a\u00f1o pasado, es una maravilla jijiii. Y comento esto porqu\u00e9 en estos d\u00edas del a\u00f1o pasado ya tuvimos la primera ola de calor en Espa\u00f1a, duro hasta final de mes, en muchos puntos de Espa\u00f1a se sobrepasaron los 42 y 43 grados. El s\u00e1bado, es probable, que en estas zonas antes mencionadas puedan alcanzar en algunos puntos los 40 grados. El domingo bajar\u00e1n notablemente.<\/p>\n<p style=\"text-align: justify;\">Otra cosilla, el terral suave de estos d\u00edas en algunas zonas de la provincia malague\u00f1a, dar\u00e1 paso a viento de componente este y humedad ma\u00f1ana jueves.<\/p>\n<p style=\"text-align: justify;\">Ma\u00f1ana jueves os dar\u00e9 la previsi\u00f3n del fin de semana para la provincia de M\u00e1laga.<\/p>\n<p style=\"text-align: justify;\">Os dejo con esta foto de mi amigo Lui G Mar\u00edn y los avisos para el viernes.<\/p>\n<p>&nbsp;<\/p>\n<p><a href=\"https:\/\/static-blogs.diariosur.es\/wp-content\/uploads\/sites\/12\/2022\/07\/67569139_2329020143853909_8552455397410078720_o.jpg\"><img loading=\"lazy\" class=\"aligncenter size-full wp-image-33783\" src=\"https:\/\/static-blogs.diariosur.es\/wp-content\/uploads\/sites\/12\/2022\/07\/67569139_2329020143853909_8552455397410078720_o.jpg\" alt=\"\" width=\"1200\" height=\"800\" srcset=\"https:\/\/static-blogs.diariosur.es\/wp-content\/uploads\/sites\/12\/2022\/07\/67569139_2329020143853909_8552455397410078720_o.jpg 1200w, https:\/\/static-blogs.diariosur.es\/wp-content\/uploads\/sites\/12\/2022\/07\/67569139_2329020143853909_8552455397410078720_o-600x400.jpg 600w, https:\/\/static-blogs.diariosur.es\/wp-content\/uploads\/sites\/12\/2022\/07\/67569139_2329020143853909_8552455397410078720_o-768x512.jpg 768w\" sizes=\"(max-width: 1200px) 100vw, 1200px\" \/><\/a><\/p>\n<p>&nbsp;<\/p>\n<p><a href=\"https:\/\/static-blogs.diariosur.es\/wp-content\/uploads\/sites\/12\/2023\/06\/Captura-de-pantalla-2023-06-14-142838.jpg\"><img loading=\"lazy\" class=\"aligncenter size-full wp-image-37236\" src=\"https:\/\/static-blogs.diariosur.es\/wp-content\/uploads\/sites\/12\/2023\/06\/Captura-de-pantalla-2023-06-14-142838.jpg\" alt=\"\" width=\"693\" height=\"549\" srcset=\"https:\/\/static-blogs.diariosur.es\/wp-content\/uploads\/sites\/12\/2023\/06\/Captura-de-pantalla-2023-06-14-142838.jpg 693w, https:\/\/static-blogs.diariosur.es\/wp-content\/uploads\/sites\/12\/2023\/06\/Captura-de-pantalla-2023-06-14-142838-505x400.jpg 505w\" sizes=\"(max-width: 693px) 100vw, 693px\" \/><\/a><\/p>\n","protected":false},"excerpt":{"rendered":"<p>Muy buenas tardes, amigos de la meteo. La aemet activa por primera vez este verano meteorol\u00f3gico, avisos amarillos por altas temperaturas de 38 grados en las provincias de Huelva, Sevilla, C\u00f3rdoba y Ja\u00e9n, para pr\u00f3ximo viernes. Si este junio que llevamos, lo comparamos con el del a\u00f1o pasado, es una maravilla jijiii. Y comento esto [&hellip;]<\/p>\n","protected":false},"author":16,"featured_media":33783,"comment_status":"open","ping_status":"open","sticky":false,"template":"","format":"standard","meta":[],"categories":[2],"tags":[81,94,100,151,358,587,962],"_links":{"self":[{"href":"https:\/\/blogs.diariosur.es\/tormentas-y-rayos\/wp-json\/wp\/v2\/posts\/37230"}],"collection":[{"href":"https:\/\/blogs.diariosur.es\/tormentas-y-rayos\/wp-json\/wp\/v2\/posts"}],"about":[{"href":"https:\/\/blogs.diariosur.es\/tormentas-y-rayos\/wp-json\/wp\/v2\/types\/post"}],"author":[{"embeddable":true,"href":"https:\/\/blogs.diariosur.es\/tormentas-y-rayos\/wp-json\/wp\/v2\/users\/16"}],"replies":[{"embeddable":true,"href":"https:\/\/blogs.diariosur.es\/tormentas-y-rayos\/wp-json\/wp\/v2\/comments?post=37230"}],"version-history":[{"count":4,"href":"https:\/\/blogs.diariosur.es\/tormentas-y-rayos\/wp-json\/wp\/v2\/posts\/37230\/revisions"}],"predecessor-version":[{"id":37237,"href":"https:\/\/blogs.diariosur.es\/tormentas-y-rayos\/wp-json\/wp\/v2\/posts\/37230\/revisions\/37237"}],"wp:featuredmedia":[{"embeddable":true,"href":"https:\/\/blogs.diariosur.es\/tormentas-y-rayos\/wp-json\/wp\/v2\/media\/33783"}],"wp:attachment":[{"href":"https:\/\/blogs.diariosur.es\/tormentas-y-rayos\/wp-json\/wp\/v2\/media?parent=37230"}],"wp:term":[{"taxonomy":"category","embeddable":true,"href":"https:\/\/blogs.diariosur.es\/tormentas-y-rayos\/wp-json\/wp\/v2\/categories?post=37230"},{"taxonomy":"post_tag","embeddable":true,"href":"https:\/\/blogs.diariosur.es\/tormentas-y-rayos\/wp-json\/wp\/v2\/tags?post=37230"}],"curies":[{"name":"wp","href":"https:\/\/api.w.org\/{rel}","templated":true}]}}