{"id":37239,"date":"2023-06-15T12:00:56","date_gmt":"2023-06-15T10:00:56","guid":{"rendered":"https:\/\/blogs.diariosur.es\/tormentas-y-rayos\/?p=37239"},"modified":"2023-06-15T12:00:56","modified_gmt":"2023-06-15T10:00:56","slug":"el-tiempo-fin-de-semana-en-malaga-y-andalucia-aviso-amarillo-por-altas-temperaturas-de-39-grados","status":"publish","type":"post","link":"https:\/\/blogs.diariosur.es\/tormentas-y-rayos\/2023\/06\/15\/el-tiempo-fin-de-semana-en-malaga-y-andalucia-aviso-amarillo-por-altas-temperaturas-de-39-grados\/","title":{"rendered":"El tiempo fin de semana en M\u00e1laga y Andaluc\u00eda. Aviso amarillo por altas temperaturas de 39 grados."},"content":{"rendered":"<p><a href=\"https:\/\/static-blogs.diariosur.es\/wp-content\/uploads\/sites\/12\/2022\/12\/15003244_10209205767200208_5978289506419899153_o-1.jpg\"><img loading=\"lazy\" class=\"aligncenter size-thumbnail wp-image-35431\" src=\"https:\/\/static-blogs.diariosur.es\/wp-content\/uploads\/sites\/12\/2022\/12\/15003244_10209205767200208_5978289506419899153_o-1-150x150.jpg\" alt=\"\" width=\"150\" height=\"150\" srcset=\"https:\/\/static-blogs.diariosur.es\/wp-content\/uploads\/sites\/12\/2022\/12\/15003244_10209205767200208_5978289506419899153_o-1-150x150.jpg 150w, https:\/\/static-blogs.diariosur.es\/wp-content\/uploads\/sites\/12\/2022\/12\/15003244_10209205767200208_5978289506419899153_o-1-400x400.jpg 400w, https:\/\/static-blogs.diariosur.es\/wp-content\/uploads\/sites\/12\/2022\/12\/15003244_10209205767200208_5978289506419899153_o-1-768x768.jpg 768w, https:\/\/static-blogs.diariosur.es\/wp-content\/uploads\/sites\/12\/2022\/12\/15003244_10209205767200208_5978289506419899153_o-1.jpg 1069w\" sizes=\"(max-width: 150px) 100vw, 150px\" \/><\/a><\/p>\n<p style=\"text-align: justify;\">Muy buenos d\u00edas, amigos de la meteo. <strong>Os recuerdo que hoy a las 18:45 estar\u00e9 en directo en el PTV, en el programa Mirando al Cielo de Diego Banderas. Veremos unas fotos muy bonitas de lenticularis<\/strong><\/p>\n<p style=\"text-align: justify;\">Antes de daros la predicci\u00f3n del fin de semana os pongo el resumen meteorol\u00f3gico de ayer mi\u00e9rcoles en la provincia malague\u00f1a. Se cumplieron las previsiones y el terral fue protagonista en las zonas habituales. Solo destacar que el levante se adelanto antes de lo previsto, en la estaci\u00f3n del Puerto entro sobre la una de la tarde, Centro Meteorol\u00f3gico a las dos y sobre las seis de la tarde en el Aeropuerto. Os paso las temperaturas m\u00e1ximas que se dieron ayer en la provincia malague\u00f1a. Fuente aemet<\/p>\n<p>\u00c1LORA\u00a0 34.6 GRADOS<\/p>\n<p>M\u00c1LAGA AEROPUERTO\u00a0 32.9 GRADOS<\/p>\n<p>RINC\u00d3N DE LA VICTORIA 32.6 GRADOS. LA REGISTRO A LAS 12 DE LA MA\u00d1ANA<\/p>\n<p>M\u00c1LAGA CENTRO METEOROLOGICO\u00a0 31.9 GRADOS<\/p>\n<p>V\u00c9LEZ M\u00c1LAGA\u00a0 31.5 GRADOS<\/p>\n<p>ALPANDEIRE 32.2 GRADOS<\/p>\n<p>MANILVA\u00a0 32.2 GRADOS<\/p>\n<p>M\u00c1LAGA PUERTO\u00a0 30.6 GRADOS<\/p>\n<p>MI ESTACI\u00d3N\u00a0 \u00a030.3 GRADOS<\/p>\n<h3><span style=\"color: #ff0000;\">El tiempo fin de semana en M\u00e1laga y Andaluc\u00eda. Aviso amarillo por altas temperaturas de 39 grados.<\/span><\/h3>\n<p>Las temperaturas m\u00e1ximas el s\u00e1bado en la provincia de M\u00e1laga rondaran entre los 25 y 32 grados, d\u00e1ndose las m\u00e1ximas m\u00e1s altas por el interior del Guadalhorce y comarcas de Ronda y Antequera. El domingo las temperaturas m\u00e1ximas ser\u00e1n muy parecidas a las del s\u00e1bado.<\/p>\n<p><strong> Solo un apunte m\u00e1s sobre el domingo en las provincias de M\u00e1laga y Granada: Hay que estar atentos a la evoluci\u00f3n de una vaguada que puede traer tormentas el domingo o el lunes. Ma\u00f1ana viernes con los modelos actualizados dar\u00e9 la \u00faltima hora de esta vaguada.<\/strong><\/p>\n<p>El viernes y el s\u00e1bado se activan los primeros avisos amarillos por altas temperaturas en nuestra comunidad andaluza, ma\u00f1ana viernes en las provincias de Huelva, Sevilla, C\u00f3rdoba y Ja\u00e9n por 38 grados, en el litoral de Huelva por 36 grados.<\/p>\n<p>&nbsp;<\/p>\n<p><a href=\"https:\/\/static-blogs.diariosur.es\/wp-content\/uploads\/sites\/12\/2023\/06\/sabado.jpg\"><img loading=\"lazy\" class=\"aligncenter size-full wp-image-37243\" src=\"https:\/\/static-blogs.diariosur.es\/wp-content\/uploads\/sites\/12\/2023\/06\/sabado.jpg\" alt=\"\" width=\"688\" height=\"544\" srcset=\"https:\/\/static-blogs.diariosur.es\/wp-content\/uploads\/sites\/12\/2023\/06\/sabado.jpg 688w, https:\/\/static-blogs.diariosur.es\/wp-content\/uploads\/sites\/12\/2023\/06\/sabado-506x400.jpg 506w\" sizes=\"(max-width: 688px) 100vw, 688px\" \/><\/a><\/p>\n<p>&nbsp;<\/p>\n<p>El s\u00e1bado en las de Sevilla, C\u00f3rdoba y Ja\u00e9n por m\u00e1ximas de 39 grados. Cuando actualicen de nuevo para el s\u00e1bado es probable el naranja en la campi\u00f1a sevillana y cordobesa por 40 grados.<\/p>\n<p>Lo bueno de esto es que para el domingo bajar\u00e1n las temperaturas m\u00e1ximas en estas zonas antes mencionadas y no estar\u00e1n en aviso.<\/p>\n<p>En cuanto al viento no se esperan rachas fuertes en ninguna zona.<\/p>\n<p>Os paso los avisos del s\u00e1bado de la aemet<\/p>\n<p>&nbsp;<\/p>\n<p><a href=\"https:\/\/static-blogs.diariosur.es\/wp-content\/uploads\/sites\/12\/2023\/06\/ssss.jpg\"><img loading=\"lazy\" class=\"aligncenter size-full wp-image-37245\" src=\"https:\/\/static-blogs.diariosur.es\/wp-content\/uploads\/sites\/12\/2023\/06\/ssss.jpg\" alt=\"\" width=\"691\" height=\"542\" srcset=\"https:\/\/static-blogs.diariosur.es\/wp-content\/uploads\/sites\/12\/2023\/06\/ssss.jpg 691w, https:\/\/static-blogs.diariosur.es\/wp-content\/uploads\/sites\/12\/2023\/06\/ssss-510x400.jpg 510w\" sizes=\"(max-width: 691px) 100vw, 691px\" \/><\/a><\/p>\n<p>&nbsp;<\/p>\n<p>Os dejo con este fot\u00f3n de mi amigo Pepe Gand\u00eda.<\/p>\n<p>&nbsp;<\/p>\n<p><a href=\"https:\/\/static-blogs.diariosur.es\/wp-content\/uploads\/sites\/12\/2023\/06\/351498306_6383300105072492_7953096534924282810_n-e1686823052801.jpg\"><img loading=\"lazy\" class=\"aligncenter size-full wp-image-37244\" src=\"https:\/\/static-blogs.diariosur.es\/wp-content\/uploads\/sites\/12\/2023\/06\/351498306_6383300105072492_7953096534924282810_n-e1686823052801.jpg\" alt=\"\" width=\"800\" height=\"553\" \/><\/a><\/p>\n<p>&nbsp;<\/p>\n<p>&nbsp;<\/p>\n<p>&nbsp;<\/p>\n<p>&nbsp;<\/p>\n<p>&nbsp;<\/p>\n<p>&nbsp;<\/p>\n<p>&nbsp;<\/p>\n<p>&nbsp;<\/p>\n","protected":false},"excerpt":{"rendered":"<p>Muy buenos d\u00edas, amigos de la meteo. Os recuerdo que hoy a las 18:45 estar\u00e9 en directo en el PTV, en el programa Mirando al Cielo de Diego Banderas. Veremos unas fotos muy bonitas de lenticularis Antes de daros la predicci\u00f3n del fin de semana os pongo el resumen meteorol\u00f3gico de ayer mi\u00e9rcoles en la [&hellip;]<\/p>\n","protected":false},"author":16,"featured_media":37244,"comment_status":"open","ping_status":"open","sticky":false,"template":"","format":"standard","meta":[],"categories":[2],"tags":[94,100,151,212,358,587,800,1052],"_links":{"self":[{"href":"https:\/\/blogs.diariosur.es\/tormentas-y-rayos\/wp-json\/wp\/v2\/posts\/37239"}],"collection":[{"href":"https:\/\/blogs.diariosur.es\/tormentas-y-rayos\/wp-json\/wp\/v2\/posts"}],"about":[{"href":"https:\/\/blogs.diariosur.es\/tormentas-y-rayos\/wp-json\/wp\/v2\/types\/post"}],"author":[{"embeddable":true,"href":"https:\/\/blogs.diariosur.es\/tormentas-y-rayos\/wp-json\/wp\/v2\/users\/16"}],"replies":[{"embeddable":true,"href":"https:\/\/blogs.diariosur.es\/tormentas-y-rayos\/wp-json\/wp\/v2\/comments?post=37239"}],"version-history":[{"count":3,"href":"https:\/\/blogs.diariosur.es\/tormentas-y-rayos\/wp-json\/wp\/v2\/posts\/37239\/revisions"}],"predecessor-version":[{"id":37246,"href":"https:\/\/blogs.diariosur.es\/tormentas-y-rayos\/wp-json\/wp\/v2\/posts\/37239\/revisions\/37246"}],"wp:featuredmedia":[{"embeddable":true,"href":"https:\/\/blogs.diariosur.es\/tormentas-y-rayos\/wp-json\/wp\/v2\/media\/37244"}],"wp:attachment":[{"href":"https:\/\/blogs.diariosur.es\/tormentas-y-rayos\/wp-json\/wp\/v2\/media?parent=37239"}],"wp:term":[{"taxonomy":"category","embeddable":true,"href":"https:\/\/blogs.diariosur.es\/tormentas-y-rayos\/wp-json\/wp\/v2\/categories?post=37239"},{"taxonomy":"post_tag","embeddable":true,"href":"https:\/\/blogs.diariosur.es\/tormentas-y-rayos\/wp-json\/wp\/v2\/tags?post=37239"}],"curies":[{"name":"wp","href":"https:\/\/api.w.org\/{rel}","templated":true}]}}