{"id":37269,"date":"2023-06-19T09:42:37","date_gmt":"2023-06-19T07:42:37","guid":{"rendered":"https:\/\/blogs.diariosur.es\/tormentas-y-rayos\/?p=37269"},"modified":"2023-06-19T10:27:55","modified_gmt":"2023-06-19T08:27:55","slug":"repeticion-de-la-jugada-manana-fotos-y-videos-nuevos-de-la-tormenta-en-malaga-ayer-domingo","status":"publish","type":"post","link":"https:\/\/blogs.diariosur.es\/tormentas-y-rayos\/2023\/06\/19\/repeticion-de-la-jugada-manana-fotos-y-videos-nuevos-de-la-tormenta-en-malaga-ayer-domingo\/","title":{"rendered":"\u00bfRepetici\u00f3n de la jugada ma\u00f1ana? Fotos y videos nuevos de la tormenta en M\u00e1laga ayer domingo."},"content":{"rendered":"<p><a href=\"https:\/\/static-blogs.diariosur.es\/wp-content\/uploads\/sites\/12\/2023\/04\/13055600_10207552088459273_1169643538142501376_n.jpg\"><img loading=\"lazy\" class=\"aligncenter size-thumbnail wp-image-36680\" src=\"https:\/\/static-blogs.diariosur.es\/wp-content\/uploads\/sites\/12\/2023\/04\/13055600_10207552088459273_1169643538142501376_n-150x150.jpg\" alt=\"\" width=\"150\" height=\"150\" \/><\/a><\/p>\n<p>Buenos d\u00edas, amigos de la meteo. Que alegr\u00eda levantarse y oler a petricor cuando son las siete de la ma\u00f1ana. Los cielos est\u00e1n nubosos, el viento sopla de direcci\u00f3n variable y se siguen viendo rayos, como estos he cazado desde mi casa a las siete y veinte. Pedazo de rayo.<\/p>\n<p>&nbsp;<\/p>\n<p><iframe loading=\"lazy\" title=\"YouTube video player\" src=\"https:\/\/www.youtube.com\/embed\/M2PcgNKpCcE\" width=\"560\" height=\"315\" frameborder=\"0\" allowfullscreen=\"allowfullscreen\"><\/iframe><\/p>\n<p><iframe loading=\"lazy\" title=\"YouTube video player\" src=\"https:\/\/www.youtube.com\/embed\/-LlLHTqoruE\" width=\"560\" height=\"315\" frameborder=\"0\" allowfullscreen=\"allowfullscreen\"><\/iframe><\/p>\n<p>Antes de poneros fotos y videos nuevos\u00a0de mis amigos y m\u00edas de ayer domingo, os doy la predicci\u00f3n para ma\u00f1ana martes.<\/p>\n<h3><span style=\"color: #0000ff;\"><strong>\u00bfRepetici\u00f3n de la jugada ma\u00f1ana?<\/strong><\/span><\/h3>\n<p>Pues si, amigos. Nuevamente<strong> probabilidad<\/strong> de una banda estrecha de nubes, parecida a la de ayer, puede dejar tormentas en la costa e interior de la provincia. Se dar\u00edan durante la madrugada y primeras horas de la ma\u00f1ana, en esta ocasi\u00f3n <b>es probable que pase m\u00e1s al este y afecte\u00a0m\u00e1s a la costa de Granada.<\/b><\/p>\n<p>No est\u00e1 a\u00fan claro como se desplazar\u00e1 esta l\u00ednea de inestabilidad, igual que pasaba con la de ayer 24 horas antes. Dentro de pocas horas lo sabremos, si esta pr\u00f3xima madrugada vemos rel\u00e1mpagos.<\/p>\n<p>Destacar ayer, que la temperatura m\u00e1xima se registro a las 2:50 de la madrugada con 26 grados y la m\u00ednima a las 23:50 de la noche con 20.3 grados. La mala noticia que los embalses siguen bajando.<\/p>\n<h3><span style=\"color: #ff0000;\"><strong>Fotos y videos nuevos de la tormenta en M\u00e1laga ayer domingo<\/strong><\/span><\/h3>\n<p>Pues dicho esto, os pongo v\u00eddeos nuevos y fotos de mis amigos y m\u00edas de la tormenta de ayer.<\/p>\n<p>Comenzamos con mi amiga<strong> Nany Lavado<\/strong> con este impresionante video y foto.<\/p>\n<p>&nbsp;<\/p>\n<p><iframe loading=\"lazy\" title=\"YouTube video player\" src=\"https:\/\/www.youtube.com\/embed\/4ZjLBihZVQo\" width=\"560\" height=\"315\" frameborder=\"0\" allowfullscreen=\"allowfullscreen\"><\/iframe><\/p>\n<p>&nbsp;<\/p>\n<p><a href=\"https:\/\/static-blogs.diariosur.es\/wp-content\/uploads\/sites\/12\/2023\/06\/354461656_10226983019900415_8517674295925137875_n-e1687114254798.jpg\"><img loading=\"lazy\" class=\"aligncenter size-full wp-image-37275\" src=\"https:\/\/static-blogs.diariosur.es\/wp-content\/uploads\/sites\/12\/2023\/06\/354461656_10226983019900415_8517674295925137875_n-e1687114254798.jpg\" alt=\"\" width=\"1200\" height=\"801\" \/><\/a><\/p>\n<p>&nbsp;<\/p>\n<p>Estos fotones de rayos, son de mi amigo <strong>Adri\u00e1n Valencia<\/strong>. Son de la tormenta que afecto a Archidona de madrugada.<\/p>\n<p>&nbsp;<\/p>\n<p><a href=\"https:\/\/static-blogs.diariosur.es\/wp-content\/uploads\/sites\/12\/2023\/06\/352212551_10226981058931392_4308973680685599090_n-e1687114382154.jpg\"><img loading=\"lazy\" class=\"aligncenter size-full wp-image-37276\" src=\"https:\/\/static-blogs.diariosur.es\/wp-content\/uploads\/sites\/12\/2023\/06\/352212551_10226981058931392_4308973680685599090_n-e1687114382154.jpg\" alt=\"\" width=\"1200\" height=\"800\" \/><\/a><\/p>\n<p>&nbsp;<\/p>\n<p><a href=\"https:\/\/static-blogs.diariosur.es\/wp-content\/uploads\/sites\/12\/2023\/06\/352539449_10226981059691411_1768793463205440581_n-e1687114450518.jpg\"><img loading=\"lazy\" class=\"aligncenter size-full wp-image-37277\" src=\"https:\/\/static-blogs.diariosur.es\/wp-content\/uploads\/sites\/12\/2023\/06\/352539449_10226981059691411_1768793463205440581_n-e1687114450518.jpg\" alt=\"\" width=\"1200\" height=\"800\" \/><\/a><\/p>\n<p>&nbsp;<\/p>\n<p><a href=\"https:\/\/static-blogs.diariosur.es\/wp-content\/uploads\/sites\/12\/2023\/06\/352985104_10226981059451405_27016250016246769_n-e1687114475152.jpg\"><img loading=\"lazy\" class=\"aligncenter size-full wp-image-37278\" src=\"https:\/\/static-blogs.diariosur.es\/wp-content\/uploads\/sites\/12\/2023\/06\/352985104_10226981059451405_27016250016246769_n-e1687114475152.jpg\" alt=\"\" width=\"1200\" height=\"800\" \/><\/a><\/p>\n<p>&nbsp;<\/p>\n<p>Mi amigo <strong>Crist\u00f3bal Gambero<\/strong> cazo unos impresionantes rayos, en Mijas Pueblo. Una pasada el video amigo.<\/p>\n<p>&nbsp;<\/p>\n<p><iframe loading=\"lazy\" title=\"YouTube video player\" src=\"https:\/\/www.youtube.com\/embed\/j6aeY406MkM\" width=\"560\" height=\"315\" frameborder=\"0\" allowfullscreen=\"allowfullscreen\"><\/iframe><\/p>\n<p>&nbsp;<\/p>\n<p><a href=\"https:\/\/static-blogs.diariosur.es\/wp-content\/uploads\/sites\/12\/2023\/06\/352805335_10226980907127597_4526440084971818152_n-e1687148988368.jpg\"><img loading=\"lazy\" class=\"aligncenter size-full wp-image-37289\" src=\"https:\/\/static-blogs.diariosur.es\/wp-content\/uploads\/sites\/12\/2023\/06\/352805335_10226980907127597_4526440084971818152_n-e1687148988368.jpg\" alt=\"\" width=\"1200\" height=\"685\" \/><\/a><\/p>\n<p>&nbsp;<\/p>\n<p><a href=\"https:\/\/static-blogs.diariosur.es\/wp-content\/uploads\/sites\/12\/2023\/06\/355080317_10226984958948890_1627154646118896492_n-e1687149029507.jpg\"><img loading=\"lazy\" class=\"aligncenter size-full wp-image-37290\" src=\"https:\/\/static-blogs.diariosur.es\/wp-content\/uploads\/sites\/12\/2023\/06\/355080317_10226984958948890_1627154646118896492_n-e1687149029507.jpg\" alt=\"\" width=\"1200\" height=\"675\" \/><\/a><\/p>\n<p>&nbsp;<\/p>\n<p><a href=\"https:\/\/static-blogs.diariosur.es\/wp-content\/uploads\/sites\/12\/2023\/06\/355084368_10226984958508879_1491179801038416686_n-e1687149062712.jpg\"><img loading=\"lazy\" class=\"aligncenter size-full wp-image-37291\" src=\"https:\/\/static-blogs.diariosur.es\/wp-content\/uploads\/sites\/12\/2023\/06\/355084368_10226984958508879_1491179801038416686_n-e1687149062712.jpg\" alt=\"\" width=\"1200\" height=\"675\" \/><\/a><\/p>\n<p>&nbsp;<\/p>\n<p>El abuelo terral, cazo unos mammatus y un fuerte chaparr\u00f3n por la tarde. Menos mal que esta ma\u00f1ana he cazado varios rayos.<\/p>\n<p>&nbsp;<\/p>\n<p><iframe loading=\"lazy\" title=\"YouTube video player\" src=\"https:\/\/www.youtube.com\/embed\/6Ezn-39uoW0\" width=\"560\" height=\"315\" frameborder=\"0\" allowfullscreen=\"allowfullscreen\"><\/iframe><\/p>\n<p><iframe loading=\"lazy\" title=\"YouTube video player\" src=\"https:\/\/www.youtube.com\/embed\/3uurxvmXE5E\" width=\"560\" height=\"315\" frameborder=\"0\" allowfullscreen=\"allowfullscreen\"><\/iframe><\/p>\n<p>&nbsp;<\/p>\n<p><a href=\"https:\/\/static-blogs.diariosur.es\/wp-content\/uploads\/sites\/12\/2023\/06\/352566341_10226981218815389_6534571399598431950_n-e1687114844983.jpg\"><img loading=\"lazy\" class=\"aligncenter size-full wp-image-37280\" src=\"https:\/\/static-blogs.diariosur.es\/wp-content\/uploads\/sites\/12\/2023\/06\/352566341_10226981218815389_6534571399598431950_n-e1687114844983.jpg\" alt=\"\" width=\"1200\" height=\"900\" \/><\/a><\/p>\n<p>&nbsp;<\/p>\n<p>Os dejo con el radar de rayos.<\/p>\n<p>&nbsp;<\/p>\n<p><a href=\"https:\/\/static-blogs.diariosur.es\/wp-content\/uploads\/sites\/12\/2023\/06\/202306181500_r79g.gif\"><img loading=\"lazy\" class=\"aligncenter size-full wp-image-37284\" src=\"https:\/\/static-blogs.diariosur.es\/wp-content\/uploads\/sites\/12\/2023\/06\/202306181500_r79g.gif\" alt=\"\" width=\"500\" height=\"500\" \/><\/a><\/p>\n","protected":false},"excerpt":{"rendered":"<p>Buenos d\u00edas, amigos de la meteo. Que alegr\u00eda levantarse y oler a petricor cuando son las siete de la ma\u00f1ana. Los cielos est\u00e1n nubosos, el viento sopla de direcci\u00f3n variable y se siguen viendo rayos, como estos he cazado desde mi casa a las siete y veinte. Pedazo de rayo. &nbsp; Antes de poneros fotos [&hellip;]<\/p>\n","protected":false},"author":16,"featured_media":37275,"comment_status":"open","ping_status":"open","sticky":false,"template":"","format":"standard","meta":[],"categories":[2],"tags":[100,358,587,800,847,996],"_links":{"self":[{"href":"https:\/\/blogs.diariosur.es\/tormentas-y-rayos\/wp-json\/wp\/v2\/posts\/37269"}],"collection":[{"href":"https:\/\/blogs.diariosur.es\/tormentas-y-rayos\/wp-json\/wp\/v2\/posts"}],"about":[{"href":"https:\/\/blogs.diariosur.es\/tormentas-y-rayos\/wp-json\/wp\/v2\/types\/post"}],"author":[{"embeddable":true,"href":"https:\/\/blogs.diariosur.es\/tormentas-y-rayos\/wp-json\/wp\/v2\/users\/16"}],"replies":[{"embeddable":true,"href":"https:\/\/blogs.diariosur.es\/tormentas-y-rayos\/wp-json\/wp\/v2\/comments?post=37269"}],"version-history":[{"count":16,"href":"https:\/\/blogs.diariosur.es\/tormentas-y-rayos\/wp-json\/wp\/v2\/posts\/37269\/revisions"}],"predecessor-version":[{"id":37295,"href":"https:\/\/blogs.diariosur.es\/tormentas-y-rayos\/wp-json\/wp\/v2\/posts\/37269\/revisions\/37295"}],"wp:featuredmedia":[{"embeddable":true,"href":"https:\/\/blogs.diariosur.es\/tormentas-y-rayos\/wp-json\/wp\/v2\/media\/37275"}],"wp:attachment":[{"href":"https:\/\/blogs.diariosur.es\/tormentas-y-rayos\/wp-json\/wp\/v2\/media?parent=37269"}],"wp:term":[{"taxonomy":"category","embeddable":true,"href":"https:\/\/blogs.diariosur.es\/tormentas-y-rayos\/wp-json\/wp\/v2\/categories?post=37269"},{"taxonomy":"post_tag","embeddable":true,"href":"https:\/\/blogs.diariosur.es\/tormentas-y-rayos\/wp-json\/wp\/v2\/tags?post=37269"}],"curies":[{"name":"wp","href":"https:\/\/api.w.org\/{rel}","templated":true}]}}