{"id":37296,"date":"2023-06-20T07:32:36","date_gmt":"2023-06-20T05:32:36","guid":{"rendered":"https:\/\/blogs.diariosur.es\/tormentas-y-rayos\/?p=37296"},"modified":"2023-06-20T08:09:27","modified_gmt":"2023-06-20T06:09:27","slug":"se-bate-el-record-absoluto-de-dias-de-tormentas-en-junio-en-malaga-pedazo-de-rayo","status":"publish","type":"post","link":"https:\/\/blogs.diariosur.es\/tormentas-y-rayos\/2023\/06\/20\/se-bate-el-record-absoluto-de-dias-de-tormentas-en-junio-en-malaga-pedazo-de-rayo\/","title":{"rendered":"Se bate el r\u00e9cord absoluto de d\u00edas de tormentas en junio en M\u00e1laga. Pedazo de rayo"},"content":{"rendered":"<p><a href=\"https:\/\/static-blogs.diariosur.es\/wp-content\/uploads\/sites\/12\/2022\/10\/71718477_10217590951264569_620088742333382656_n.jpg\"><img loading=\"lazy\" class=\"aligncenter size-thumbnail wp-image-34662\" src=\"https:\/\/static-blogs.diariosur.es\/wp-content\/uploads\/sites\/12\/2022\/10\/71718477_10217590951264569_620088742333382656_n-150x150.jpg\" alt=\"\" width=\"150\" height=\"150\" \/><\/a><\/p>\n<p>Muy buenos d\u00edas, amigos de la meteo. Antes de poneros el pedazo de rayo en M\u00e1laga capital, ten\u00e9is que leer, si no, os castigo.<\/p>\n<p><strong>Primero comentaros, que hoy martes a partir de las doce, estar\u00e9 en Canal M\u00e1laga Televisi\u00f3n, en el programa M\u00e1laga aqu\u00ed y ahora con Paula S\u00e1nchez Mercado.\u00a0\u00a0<\/strong><\/p>\n<p>Se han cumplido las previsiones, y por en\u00e9sima vez hemos tenido esta pasada madrugada tormentas en M\u00e1laga capital y otras zonas de la provincia.<\/p>\n<p>Se ha batido el r\u00e9cord absoluto para un mes de junio en n\u00fameros de tormentas, desde que hay registros en el Aeropuerto. El anterior r\u00e9cord estaba en cuatro dias, se dio en el a\u00f1o 2006. A d\u00eda de hoy, si no me han salido mal las cuentas, llevamos cinco o seis.<\/p>\n<p><b>Y pueden ser siete, porqu\u00e9 probablemente esta pr\u00f3xima madrugada del mi\u00e9rcoles o primeras de la ma\u00f1ana, se puede repetir otra l\u00ednea de inestabilidad que dejar\u00e1 rayos. De cumplirse, ser\u00edan los \u00faltimos\u00a0de este mes.<\/b><\/p>\n<p>Otra madrugada sin apenas dormir, pero a merecido la pena, porque he grabado buenos rayos. Os paso el v\u00eddeo<\/p>\n<p>&nbsp;<\/p>\n<p><iframe loading=\"lazy\" title=\"YouTube video player\" src=\"https:\/\/www.youtube.com\/embed\/AnulIqR7uJs\" width=\"560\" height=\"315\" frameborder=\"0\" allowfullscreen=\"allowfullscreen\"><\/iframe><\/p>\n<p>&nbsp;<\/p>\n<p>Crist\u00f3bal Gambero tampoco ha dormido jijiji. Me acaba de mandar este video.<\/p>\n<p>&nbsp;<\/p>\n<p><iframe loading=\"lazy\" title=\"YouTube video player\" src=\"https:\/\/www.youtube.com\/embed\/cjdOdg0szIQ\" width=\"560\" height=\"315\" frameborder=\"0\" allowfullscreen=\"allowfullscreen\"><\/iframe><\/p>\n<p>&nbsp;<\/p>\n<p>Mi amiga Nany Lavado ha triunfado cazando rayos. Los que os pongo a continuaci\u00f3n son &#8220;normalitos&#8221; jiji. Est\u00e1n hechos en el Rinc\u00f3n de la Victoria.<\/p>\n<p>Ma\u00f1ana os pondr\u00e9 los rayos buenos, vais a flipar cuando ve\u00e1is las fotos de rayos en M\u00e1laga capital. Cuando estaba en Gibralfaro le ha ca\u00eddo uno muy cerca.<\/p>\n<p>&nbsp;<\/p>\n<p><a href=\"https:\/\/static-blogs.diariosur.es\/wp-content\/uploads\/sites\/12\/2023\/06\/352806074_10226993645046037_8402583241211000625_n-e1687236386106.jpg\"><img loading=\"lazy\" class=\"aligncenter size-full wp-image-37306\" src=\"https:\/\/static-blogs.diariosur.es\/wp-content\/uploads\/sites\/12\/2023\/06\/352806074_10226993645046037_8402583241211000625_n-e1687236386106.jpg\" alt=\"\" width=\"1200\" height=\"800\" \/><\/a><\/p>\n<p>&nbsp;<\/p>\n<p><a href=\"https:\/\/static-blogs.diariosur.es\/wp-content\/uploads\/sites\/12\/2023\/06\/355359300_10226993645326044_2032348417520326765_n-e1687236418904.jpg\"><img loading=\"lazy\" class=\"aligncenter size-full wp-image-37307\" src=\"https:\/\/static-blogs.diariosur.es\/wp-content\/uploads\/sites\/12\/2023\/06\/355359300_10226993645326044_2032348417520326765_n-e1687236418904.jpg\" alt=\"\" width=\"1200\" height=\"800\" \/><\/a><\/p>\n<p>&nbsp;<\/p>\n<p>Aqu\u00ed ten\u00e9is el pedazo de rayo que capturo<strong> Nayra Jim\u00e9nez,<\/strong>\u00a0se dio ayer a primera hora de la ma\u00f1ana. Mis felicitaciones.<\/p>\n<p>&nbsp;<\/p>\n<p><a href=\"https:\/\/static-blogs.diariosur.es\/wp-content\/uploads\/sites\/12\/2023\/06\/352510030_10226990574329271_6398637847981949521_n.jpg\"><img loading=\"lazy\" class=\"aligncenter size-full wp-image-37301\" src=\"https:\/\/static-blogs.diariosur.es\/wp-content\/uploads\/sites\/12\/2023\/06\/352510030_10226990574329271_6398637847981949521_n.jpg\" alt=\"\" width=\"902\" height=\"1161\" srcset=\"https:\/\/static-blogs.diariosur.es\/wp-content\/uploads\/sites\/12\/2023\/06\/352510030_10226990574329271_6398637847981949521_n.jpg 902w, https:\/\/static-blogs.diariosur.es\/wp-content\/uploads\/sites\/12\/2023\/06\/352510030_10226990574329271_6398637847981949521_n-311x400.jpg 311w, https:\/\/static-blogs.diariosur.es\/wp-content\/uploads\/sites\/12\/2023\/06\/352510030_10226990574329271_6398637847981949521_n-768x989.jpg 768w\" sizes=\"(max-width: 902px) 100vw, 902px\" \/><\/a><\/p>\n<p>&nbsp;<\/p>\n","protected":false},"excerpt":{"rendered":"<p>Muy buenos d\u00edas, amigos de la meteo. Antes de poneros el pedazo de rayo en M\u00e1laga capital, ten\u00e9is que leer, si no, os castigo. Primero comentaros, que hoy martes a partir de las doce, estar\u00e9 en Canal M\u00e1laga Televisi\u00f3n, en el programa M\u00e1laga aqu\u00ed y ahora con Paula S\u00e1nchez Mercado.\u00a0\u00a0 Se han cumplido las previsiones, [&hellip;]<\/p>\n","protected":false},"author":16,"featured_media":37301,"comment_status":"open","ping_status":"open","sticky":false,"template":"","format":"standard","meta":[],"categories":[2],"tags":[100,587,849,992],"_links":{"self":[{"href":"https:\/\/blogs.diariosur.es\/tormentas-y-rayos\/wp-json\/wp\/v2\/posts\/37296"}],"collection":[{"href":"https:\/\/blogs.diariosur.es\/tormentas-y-rayos\/wp-json\/wp\/v2\/posts"}],"about":[{"href":"https:\/\/blogs.diariosur.es\/tormentas-y-rayos\/wp-json\/wp\/v2\/types\/post"}],"author":[{"embeddable":true,"href":"https:\/\/blogs.diariosur.es\/tormentas-y-rayos\/wp-json\/wp\/v2\/users\/16"}],"replies":[{"embeddable":true,"href":"https:\/\/blogs.diariosur.es\/tormentas-y-rayos\/wp-json\/wp\/v2\/comments?post=37296"}],"version-history":[{"count":8,"href":"https:\/\/blogs.diariosur.es\/tormentas-y-rayos\/wp-json\/wp\/v2\/posts\/37296\/revisions"}],"predecessor-version":[{"id":37310,"href":"https:\/\/blogs.diariosur.es\/tormentas-y-rayos\/wp-json\/wp\/v2\/posts\/37296\/revisions\/37310"}],"wp:featuredmedia":[{"embeddable":true,"href":"https:\/\/blogs.diariosur.es\/tormentas-y-rayos\/wp-json\/wp\/v2\/media\/37301"}],"wp:attachment":[{"href":"https:\/\/blogs.diariosur.es\/tormentas-y-rayos\/wp-json\/wp\/v2\/media?parent=37296"}],"wp:term":[{"taxonomy":"category","embeddable":true,"href":"https:\/\/blogs.diariosur.es\/tormentas-y-rayos\/wp-json\/wp\/v2\/categories?post=37296"},{"taxonomy":"post_tag","embeddable":true,"href":"https:\/\/blogs.diariosur.es\/tormentas-y-rayos\/wp-json\/wp\/v2\/tags?post=37296"}],"curies":[{"name":"wp","href":"https:\/\/api.w.org\/{rel}","templated":true}]}}